{"id":111212,"date":"2019-12-24T15:03:00","date_gmt":"2019-12-24T12:03:00","guid":{"rendered":"http:\/\/arantv.az\/?p=111212"},"modified":"2019-12-24T15:03:00","modified_gmt":"2019-12-24T12:03:00","slug":"s%c9%99nb%c9%99-v%c9%99-bazar-gunu-d%c9%99-d%c9%99rs-olacaq-nazird%c9%99n-muhum-aciqlama","status":"publish","type":"post","link":"https:\/\/arantv.az\/?p=111212","title":{"rendered":"\u015e\u0259nb\u0259 v\u0259 bazar g\u00fcn\u00fc d\u0259 D\u018fRS OLACAQ &#8211; Nazird\u0259n M\u00dcH\u00dcM A\u00c7IQLAMA"},"content":{"rendered":"<p><strong>T\u0259hsil naziri Ceyhun Bayramov Yeni il bayram\u0131 \u0259r\u0259f\u0259sind\u0259 orta m\u0259kt\u0259bl\u0259rd\u0259 d\u0259rsl\u0259rin hans\u0131 g\u00fcnl\u0259rd\u0259 ke\u00e7iril\u0259c\u0259yini a\u00e7\u0131qlay\u0131b.<\/strong><\/p>\n<p><strong>ARANTV.AZ<\/strong>-\u0131n Trend-\u0259 istinad\u0259n verdiyi m\u0259lumata g\u00f6r\u0259, C.Bayramov jurnalistl\u0259r\u0259 a\u00e7\u0131qlamas\u0131nda deyib ki, istirah\u0259t g\u00fcnl\u0259rinin davaml\u0131l\u0131\u011f\u0131n\u0131 t\u0259min etm\u0259k \u00fc\u00e7\u00fcn Nazirl\u0259r Kabineti t\u0259r\u0259find\u0259n Yeni il \u0259r\u0259f\u0259sind\u0259 bu h\u0259ft\u0259nin \u015f\u0259nb\u0259 v\u0259 bazar g\u00fcnl\u0259ri i\u015f g\u00fcnl\u0259ri elan edilib. Dekabr\u0131n 31-d\u0259n yanvar\u0131n 6-a q\u0259d\u0259r \u00f6lk\u0259d\u0259 qeyri-i\u015f g\u00fcnl\u0259ri olacaq.<\/p>\n<p>Nazirin s\u00f6zl\u0259rin\u0259 g\u00f6r\u0259, \u00fcmumt\u0259hsil m\u00fc\u0259ssis\u0259l\u0259rind\u0259 t\u0259dris Nazirl\u0259r Kabinetinin q\u0259rar\u0131na \u0259sas\u0259n t\u0259\u015fkil olunacaq.<\/p>\n<p>Xat\u0131rladaq ki, dekabr\u0131n 5-d\u0259 Nazirl\u0259r Kabineti i\u015f v\u0259 istirah\u0259t g\u00fcnl\u0259rinin yerinin d\u0259yi\u015fdirilm\u0259si haqq\u0131nda q\u0259rar\u0131na dair a\u00e7\u0131qlama yay\u0131b.<\/p>\n<p>A\u00e7\u0131qlamada deyilir ki, bu q\u0259rara \u0259sas\u0259n v\u0259t\u0259nda\u015flar dekabr\u0131n 31-i, 2020-ci ilin yanvar\u0131n 1, 2, 3, 4, 5 v\u0259 6-da istirah\u0259t etm\u0259k imkan\u0131 qazanacaqlar. Dekabr\u0131n 28 v\u0259 29-u is\u0259 i\u015f g\u00fcnl\u0259ri olacaq.<\/p>\n","protected":false},"excerpt":{"rendered":"<p>T\u0259hsil naziri Ceyhun Bayramov Yeni il bayram\u0131 \u0259r\u0259f\u0259sind\u0259 orta m\u0259kt\u0259bl\u0259rd\u0259 d\u0259rsl\u0259rin hans\u0131 g\u00fcnl\u0259rd\u0259 ke\u00e7iril\u0259c\u0259yini a\u00e7\u0131qlay\u0131b. ARANTV.AZ-\u0131n Trend-\u0259 istinad\u0259n verdiyi m\u0259lumata g\u00f6r\u0259, C.Bayramov jurnalistl\u0259r\u0259 a\u00e7\u0131qlamas\u0131nda deyib ki, istirah\u0259t g\u00fcnl\u0259rinin davaml\u0131l\u0131\u011f\u0131n\u0131 t\u0259min etm\u0259k \u00fc\u00e7\u00fcn Nazirl\u0259r Kabineti t\u0259r\u0259find\u0259n Yeni il \u0259r\u0259f\u0259sind\u0259 bu h\u0259ft\u0259nin \u015f\u0259nb\u0259 v\u0259 bazar g\u00fcnl\u0259ri i\u015f g\u00fcnl\u0259ri elan edilib. Dekabr\u0131n 31-d\u0259n yanvar\u0131n 6-a q\u0259d\u0259r \u00f6lk\u0259d\u0259 qeyri-i\u015f g\u00fcnl\u0259ri olacaq. Nazirin s\u00f6zl\u0259rin\u0259 g\u00f6r\u0259, \u00fcmumt\u0259hsil m\u00fc\u0259ssis\u0259l\u0259rind\u0259 t\u0259dris Nazirl\u0259r Kabinetinin q\u0259rar\u0131na \u0259sas\u0259n t\u0259\u015fkil olunacaq. Xat\u0131rladaq ki, dekabr\u0131n 5-d\u0259 Nazirl\u0259r Kabineti i\u015f v\u0259 istirah\u0259t g\u00fcnl\u0259rinin yerinin d\u0259yi\u015fdirilm\u0259si haqq\u0131nda q\u0259rar\u0131na dair a\u00e7\u0131qlama yay\u0131b. A\u00e7\u0131qlamada deyilir ki, bu&hellip;<\/p>\n","protected":false},"author":2,"featured_media":111213,"comment_status":"closed","ping_status":"closed","sticky":false,"template":"","format":"standard","meta":{"om_disable_all_campaigns":false,"_monsterinsights_skip_tracking":false,"_monsterinsights_sitenote_active":false,"_monsterinsights_sitenote_note":"","_monsterinsights_sitenote_category":0},"categories":[23],"tags":[],"aioseo_notices":[],"gutentor_comment":0,"rttpg_featured_image_url":{"full":["https:\/\/arantv.az\/wp-content\/uploads\/2019\/12\/ceyhun_1.jpg",800,450,false],"landscape":["https:\/\/arantv.az\/wp-content\/uploads\/2019\/12\/ceyhun_1.jpg",800,450,false],"portraits":["https:\/\/arantv.az\/wp-content\/uploads\/2019\/12\/ceyhun_1.jpg",800,450,false],"thumbnail":["https:\/\/arantv.az\/wp-content\/uploads\/2019\/12\/ceyhun_1-150x150.jpg",150,150,true],"medium":["https:\/\/arantv.az\/wp-content\/uploads\/2019\/12\/ceyhun_1-300x169.jpg",300,169,true],"large":["https:\/\/arantv.az\/wp-content\/uploads\/2019\/12\/ceyhun_1.jpg",640,360,false],"1536x1536":["https:\/\/arantv.az\/wp-content\/uploads\/2019\/12\/ceyhun_1.jpg",800,450,false],"2048x2048":["https:\/\/arantv.az\/wp-content\/uploads\/2019\/12\/ceyhun_1.jpg",800,450,false],"post-thumbnail":["https:\/\/arantv.az\/wp-content\/uploads\/2019\/12\/ceyhun_1-240x172.jpg",240,172,true],"advps-thumb-one":["https:\/\/arantv.az\/wp-content\/uploads\/2019\/12\/ceyhun_1.jpg",800,450,false]},"rttpg_author":{"display_name":"V\u00fcsal Rafiqo\u011flu","author_link":"https:\/\/arantv.az\/?author=2"},"rttpg_comment":0,"rttpg_category":"<a href=\"https:\/\/arantv.az\/?cat=23\" rel=\"category\">T\u0259hsil<\/a>","rttpg_excerpt":"T\u0259hsil naziri Ceyhun Bayramov Yeni il bayram\u0131 \u0259r\u0259f\u0259sind\u0259 orta m\u0259kt\u0259bl\u0259rd\u0259 d\u0259rsl\u0259rin hans\u0131 g\u00fcnl\u0259rd\u0259 ke\u00e7iril\u0259c\u0259yini a\u00e7\u0131qlay\u0131b. ARANTV.AZ-\u0131n Trend-\u0259 istinad\u0259n verdiyi m\u0259lumata g\u00f6r\u0259, C.Bayramov jurnalistl\u0259r\u0259 a\u00e7\u0131qlamas\u0131nda deyib ki, istirah\u0259t g\u00fcnl\u0259rinin davaml\u0131l\u0131\u011f\u0131n\u0131 t\u0259min etm\u0259k \u00fc\u00e7\u00fcn Nazirl\u0259r Kabineti t\u0259r\u0259find\u0259n Yeni il \u0259r\u0259f\u0259sind\u0259 bu h\u0259ft\u0259nin \u015f\u0259nb\u0259 v\u0259 bazar g\u00fcnl\u0259ri i\u015f g\u00fcnl\u0259ri elan edilib. Dekabr\u0131n 31-d\u0259n yanvar\u0131n 6-a q\u0259d\u0259r \u00f6lk\u0259d\u0259 qeyri-i\u015f&hellip;","_links":{"self":[{"href":"https:\/\/arantv.az\/index.php?rest_route=\/wp\/v2\/posts\/111212"}],"collection":[{"href":"https:\/\/arantv.az\/index.php?rest_route=\/wp\/v2\/posts"}],"about":[{"href":"https:\/\/arantv.az\/index.php?rest_route=\/wp\/v2\/types\/post"}],"author":[{"embeddable":true,"href":"https:\/\/arantv.az\/index.php?rest_route=\/wp\/v2\/users\/2"}],"replies":[{"embeddable":true,"href":"https:\/\/arantv.az\/index.php?rest_route=%2Fwp%2Fv2%2Fcomments&post=111212"}],"version-history":[{"count":0,"href":"https:\/\/arantv.az\/index.php?rest_route=\/wp\/v2\/posts\/111212\/revisions"}],"wp:featuredmedia":[{"embeddable":true,"href":"https:\/\/arantv.az\/index.php?rest_route=\/wp\/v2\/media\/111213"}],"wp:attachment":[{"href":"https:\/\/arantv.az\/index.php?rest_route=%2Fwp%2Fv2%2Fmedia&parent=111212"}],"wp:term":[{"taxonomy":"category","embeddable":true,"href":"https:\/\/arantv.az\/index.php?rest_route=%2Fwp%2Fv2%2Fcategories&post=111212"},{"taxonomy":"post_tag","embeddable":true,"href":"https:\/\/arantv.az\/index.php?rest_route=%2Fwp%2Fv2%2Ftags&post=111212"}],"curies":[{"name":"wp","href":"https:\/\/api.w.org\/{rel}","templated":true}]}}