{"id":111236,"date":"2019-12-24T15:29:22","date_gmt":"2019-12-24T12:29:22","guid":{"rendered":"http:\/\/arantv.az\/?p=111236"},"modified":"2019-12-24T15:29:22","modified_gmt":"2019-12-24T12:29:22","slug":"zahid-oruc-namiz%c9%99dliyini-ir%c9%99li-surdu-bu-dair%c9%99d%c9%99n","status":"publish","type":"post","link":"https:\/\/arantv.az\/?p=111236","title":{"rendered":"Zahid Oruc namiz\u0259dliyini ir\u0259li s\u00fcrd\u00fc &#8211; BU DA\u0130R\u018fD\u018fN"},"content":{"rendered":"<p><strong>Sosial T\u0259dqiqatlar M\u0259rk\u0259zinin \u0130dar\u0259 Hey\u0259tinin s\u0259dri, mill\u0259t v\u0259kili Zahid Oruc 9 fevral 2020-ci il tarixind\u0259 ke\u00e7iril\u0259c\u0259k parlament se\u00e7kil\u0259rin\u0259 qat\u0131lacaq.<\/strong><\/p>\n<p><b>ARANTV.AZ\u00a0<\/b>x\u0259b\u0259r verir ki, mill\u0259t v\u0259kili Z.Oruc namiz\u0259dliyini 94 sayl\u0131 B\u0259rd\u0259 se\u00e7ki dair\u0259sind\u0259n ir\u0259li s\u00fcr\u00fcb.<\/p>\n<p>O bildirib ki, t\u0259msil etdiyi m\u00fcdd\u0259td\u0259 B\u0259rd\u0259d\u0259 b\u00f6y\u00fck inam, xeyirxahl\u0131q, y\u00fcks\u0259k anla\u015fma g\u00f6r\u00fcb. H\u0259r zaman se\u00e7icil\u0259r qar\u015f\u0131s\u0131nda da\u015f\u0131d\u0131\u011f\u0131 m\u0259suliyy\u0259t\u0259 sadiq qalma\u011fa \u00e7al\u0131\u015f\u0131b. O bu ill\u0259r \u0259rzind\u0259 Qaraba\u011f\u0131n m\u00fch\u00fcm tarixi b\u00f6lg\u0259sinin t\u0259msil etm\u0259kl\u0259 h\u0259r zaman q\u00fcrur duydu\u011funu deyib v\u0259 bunu m\u0259n\u0259vi, h\u0259yati bir borc sayd\u0131\u011f\u0131n\u0131 s\u00f6yl\u0259yib.<\/p>\n<p>Qeyd ed\u0259k ki, bu g\u00fcn\u0259 q\u0259d\u0259r s\u00f6z\u00fcged\u0259n dair\u0259d\u0259n 10-a yax\u0131n namiz\u0259d var. Zahid Oruc bildirib ki, h\u0259r bir iddia\u00e7\u0131ya h\u00f6rm\u0259tl\u0259, ehtiramla yana\u015f\u0131r, onlar\u0131 r\u0259qib deyil, v\u0259t\u0259nimizin l\u0259yaq\u0259tli \u00f6vladlar\u0131 statusunda g\u00f6r\u00fcr.<\/p>\n<p>Zahid Oruc qar\u015f\u0131dak\u0131 5 illik d\u00f6vrd\u0259 \u00e7ox m\u00fch\u00fcm t\u0259klifl\u0259ri, planlar\u0131 se\u00e7icil\u0259rl\u0259 g\u00f6r\u00fc\u015fl\u0259r \u0259sas\u0131nda ir\u0259liy\u0259 s\u00fcr\u0259c\u0259yini v\u0259 se\u00e7ki q\u0259rargah\u0131 vasit\u0259sil\u0259 aktiv kampaniya aparaca\u011f\u0131n\u0131 bildirib.Publika.az<\/p>\n","protected":false},"excerpt":{"rendered":"<p>Sosial T\u0259dqiqatlar M\u0259rk\u0259zinin \u0130dar\u0259 Hey\u0259tinin s\u0259dri, mill\u0259t v\u0259kili Zahid Oruc 9 fevral 2020-ci il tarixind\u0259 ke\u00e7iril\u0259c\u0259k parlament se\u00e7kil\u0259rin\u0259 qat\u0131lacaq. ARANTV.AZ\u00a0x\u0259b\u0259r verir ki, mill\u0259t v\u0259kili Z.Oruc namiz\u0259dliyini 94 sayl\u0131 B\u0259rd\u0259 se\u00e7ki dair\u0259sind\u0259n ir\u0259li s\u00fcr\u00fcb. O bildirib ki, t\u0259msil etdiyi m\u00fcdd\u0259td\u0259 B\u0259rd\u0259d\u0259 b\u00f6y\u00fck inam, xeyirxahl\u0131q, y\u00fcks\u0259k anla\u015fma g\u00f6r\u00fcb. H\u0259r zaman se\u00e7icil\u0259r qar\u015f\u0131s\u0131nda da\u015f\u0131d\u0131\u011f\u0131 m\u0259suliyy\u0259t\u0259 sadiq qalma\u011fa \u00e7al\u0131\u015f\u0131b. O bu ill\u0259r \u0259rzind\u0259 Qaraba\u011f\u0131n m\u00fch\u00fcm tarixi b\u00f6lg\u0259sinin t\u0259msil etm\u0259kl\u0259 h\u0259r zaman q\u00fcrur duydu\u011funu deyib v\u0259 bunu m\u0259n\u0259vi, h\u0259yati bir borc sayd\u0131\u011f\u0131n\u0131 s\u00f6yl\u0259yib. Qeyd ed\u0259k ki, bu g\u00fcn\u0259 q\u0259d\u0259r s\u00f6z\u00fcged\u0259n dair\u0259d\u0259n 10-a yax\u0131n namiz\u0259d var.&hellip;<\/p>\n","protected":false},"author":2,"featured_media":111237,"comment_status":"closed","ping_status":"closed","sticky":false,"template":"","format":"standard","meta":{"om_disable_all_campaigns":false,"_monsterinsights_skip_tracking":false,"_monsterinsights_sitenote_active":false,"_monsterinsights_sitenote_note":"","_monsterinsights_sitenote_category":0},"categories":[4],"tags":[],"aioseo_notices":[],"gutentor_comment":0,"rttpg_featured_image_url":{"full":["https:\/\/arantv.az\/wp-content\/uploads\/2019\/12\/zahid_oruc_esas.jpg",800,450,false],"landscape":["https:\/\/arantv.az\/wp-content\/uploads\/2019\/12\/zahid_oruc_esas.jpg",800,450,false],"portraits":["https:\/\/arantv.az\/wp-content\/uploads\/2019\/12\/zahid_oruc_esas.jpg",800,450,false],"thumbnail":["https:\/\/arantv.az\/wp-content\/uploads\/2019\/12\/zahid_oruc_esas-150x150.jpg",150,150,true],"medium":["https:\/\/arantv.az\/wp-content\/uploads\/2019\/12\/zahid_oruc_esas-300x169.jpg",300,169,true],"large":["https:\/\/arantv.az\/wp-content\/uploads\/2019\/12\/zahid_oruc_esas.jpg",640,360,false],"1536x1536":["https:\/\/arantv.az\/wp-content\/uploads\/2019\/12\/zahid_oruc_esas.jpg",800,450,false],"2048x2048":["https:\/\/arantv.az\/wp-content\/uploads\/2019\/12\/zahid_oruc_esas.jpg",800,450,false],"post-thumbnail":["https:\/\/arantv.az\/wp-content\/uploads\/2019\/12\/zahid_oruc_esas-240x172.jpg",240,172,true],"advps-thumb-one":["https:\/\/arantv.az\/wp-content\/uploads\/2019\/12\/zahid_oruc_esas.jpg",800,450,false]},"rttpg_author":{"display_name":"V\u00fcsal Rafiqo\u011flu","author_link":"https:\/\/arantv.az\/?author=2"},"rttpg_comment":0,"rttpg_category":"<a href=\"https:\/\/arantv.az\/?cat=4\" rel=\"category\">Siyas\u0259t<\/a>","rttpg_excerpt":"Sosial T\u0259dqiqatlar M\u0259rk\u0259zinin \u0130dar\u0259 Hey\u0259tinin s\u0259dri, mill\u0259t v\u0259kili Zahid Oruc 9 fevral 2020-ci il tarixind\u0259 ke\u00e7iril\u0259c\u0259k parlament se\u00e7kil\u0259rin\u0259 qat\u0131lacaq. ARANTV.AZ\u00a0x\u0259b\u0259r verir ki, mill\u0259t v\u0259kili Z.Oruc namiz\u0259dliyini 94 sayl\u0131 B\u0259rd\u0259 se\u00e7ki dair\u0259sind\u0259n ir\u0259li s\u00fcr\u00fcb. O bildirib ki, t\u0259msil etdiyi m\u00fcdd\u0259td\u0259 B\u0259rd\u0259d\u0259 b\u00f6y\u00fck inam, xeyirxahl\u0131q, y\u00fcks\u0259k anla\u015fma g\u00f6r\u00fcb. H\u0259r zaman se\u00e7icil\u0259r qar\u015f\u0131s\u0131nda da\u015f\u0131d\u0131\u011f\u0131 m\u0259suliyy\u0259t\u0259 sadiq qalma\u011fa \u00e7al\u0131\u015f\u0131b.&hellip;","_links":{"self":[{"href":"https:\/\/arantv.az\/index.php?rest_route=\/wp\/v2\/posts\/111236"}],"collection":[{"href":"https:\/\/arantv.az\/index.php?rest_route=\/wp\/v2\/posts"}],"about":[{"href":"https:\/\/arantv.az\/index.php?rest_route=\/wp\/v2\/types\/post"}],"author":[{"embeddable":true,"href":"https:\/\/arantv.az\/index.php?rest_route=\/wp\/v2\/users\/2"}],"replies":[{"embeddable":true,"href":"https:\/\/arantv.az\/index.php?rest_route=%2Fwp%2Fv2%2Fcomments&post=111236"}],"version-history":[{"count":0,"href":"https:\/\/arantv.az\/index.php?rest_route=\/wp\/v2\/posts\/111236\/revisions"}],"wp:featuredmedia":[{"embeddable":true,"href":"https:\/\/arantv.az\/index.php?rest_route=\/wp\/v2\/media\/111237"}],"wp:attachment":[{"href":"https:\/\/arantv.az\/index.php?rest_route=%2Fwp%2Fv2%2Fmedia&parent=111236"}],"wp:term":[{"taxonomy":"category","embeddable":true,"href":"https:\/\/arantv.az\/index.php?rest_route=%2Fwp%2Fv2%2Fcategories&post=111236"},{"taxonomy":"post_tag","embeddable":true,"href":"https:\/\/arantv.az\/index.php?rest_route=%2Fwp%2Fv2%2Ftags&post=111236"}],"curies":[{"name":"wp","href":"https:\/\/api.w.org\/{rel}","templated":true}]}}