{"id":111240,"date":"2019-12-24T15:34:48","date_gmt":"2019-12-24T12:34:48","guid":{"rendered":"http:\/\/arantv.az\/?p=111240"},"modified":"2019-12-24T15:34:48","modified_gmt":"2019-12-24T12:34:48","slug":"butun-sah%c9%99l%c9%99rd%c9%99-%c9%99ld%c9%99-olunan-ugurlar-son-15-ild%c9%99-gorul%c9%99n-isl%c9%99rin-m%c9%99ntiqi-n%c9%99tic%c9%99sidir","status":"publish","type":"post","link":"https:\/\/arantv.az\/?p=111240","title":{"rendered":"&#8220;B\u00fct\u00fcn sah\u0259l\u0259rd\u0259 \u0259ld\u0259 olunan u\u011furlar son 15 ild\u0259 g\u00f6r\u00fcl\u0259n i\u015fl\u0259rin m\u0259ntiqi n\u0259tic\u0259sidir&#8221;"},"content":{"rendered":"<blockquote><p><em><strong>Az\u0259rbaycanda Prezident \u0130lham \u018fliyevin m\u00fc\u0259yy\u0259nl\u0259\u015fdirdiyi strateji kurs milli iqtisadiyyat\u0131n geni\u015fl\u0259nm\u0259sinin ard\u0131c\u0131ll\u0131\u011f\u0131n\u0131n t\u0259min olunmas\u0131na hesablan\u0131b.<\/strong><\/em><\/p><\/blockquote>\n<p><strong>ARANTV.AZ<\/strong>\u00a0 bildirir ki, bunu\u00a0<a href=\"http:\/\/az.trend.az\/\" target=\"_blank\" rel=\"noopener\">Trend<\/a>-\u0259 a\u00e7\u0131qlamas\u0131nda Milli M\u0259clisin deputat\u0131 Cavid Osmanov deyib.<\/p>\n<p>C.Osmanov bildirib ki, son ill\u0259rd\u0259 \u00f6lk\u0259mizd\u0259 iqtisadi inki\u015faf\u0131n davaml\u0131l\u0131\u011f\u0131n\u0131, o c\u00fcml\u0259d\u0259n d\u0259 qeyri-neft sektorunda yeni istehsal v\u0259 ixrac imkanlar\u0131 yarad\u0131lmas\u0131n\u0131 h\u0259d\u0259fl\u0259y\u0259n u\u011furlu islahatlar apar\u0131l\u0131r:<\/p>\n<p>&#8220;Apar\u0131lan m\u0259qs\u0259dy\u00f6nl\u00fc siyas\u0259tin n\u0259tic\u0259sidir ki, \u00f6lk\u0259miz bir s\u0131ra \u00e7\u0259tinlikl\u0259rl\u0259 m\u00fc\u015fayi\u0259t olunan yeni \u015f\u0259raitd\u0259 d\u0259 iqtisadi inki\u015fafla ba\u011fl\u0131 diqq\u0259t\u0259layiq u\u011furlara imza at\u0131b. Bel\u0259 ki, milli iqtisadiyyat\u0131m\u0131z qlobal b\u00f6hran\u0131n m\u0259nfi t\u0259sirl\u0259rini d\u0259f ed\u0259r\u0259k inki\u015fafa istiqam\u0259tl\u0259nib. Haz\u0131rda \u00f6lk\u0259nin qar\u015f\u0131s\u0131nda duran b\u00fct\u00fcn v\u0259zif\u0259l\u0259rin icras\u0131 y\u00fcks\u0259k s\u0259viyy\u0259d\u0259 t\u0259min olunur&#8221;.<\/p>\n<p>Deputat vur\u011fulay\u0131b ki, 2019-cu ilin \u0259vv\u0259lind\u0259n b\u0259ri \u0259ld\u0259 olunan g\u00f6st\u0259ricil\u0259r deyil\u0259nl\u0259ri bir daha t\u0259sdiql\u0259yir: &#8220;Prezident \u0130lham \u018fliyevin yerli jurnalistl\u0259r\u0259 ilin yekunlar\u0131 il\u0259 ba\u011fl\u0131 geni\u015f m\u00fcsahib\u0259sind\u0259 d\u0259 dediyi kimi, bu il Az\u0259rbaycanda \u00fcmumi iqtisadi art\u0131m 2 faizd\u0259n \u00e7ox olub. X\u00fcsusil\u0259, qeyri-neft sektorunun 3,5 faizlik art\u0131m\u0131 sevindirici hald\u0131r. Eyni zamanda, qeyri-neft s\u0259naye sah\u0259sind\u0259 14 faiz art\u0131m m\u00fc\u015fahid\u0259 edilib. B\u00fct\u00fcn bu inki\u015faf fonunda \u00f6lk\u0259d\u0259 \u00f6t\u0259n 11 ayda infilyasiya t\u0259qrib\u0259n 2,6 faiz olub ki, bu da a\u015fa\u011f\u0131 bir g\u00f6st\u0259ricidir. Bundan \u0259lav\u0259, Az\u0259rbaycan xarici ticar\u0259t d\u00f6vriy\u0259sind\u0259 d\u0259 m\u00fch\u00fcm inki\u015fafa nail olub. Az\u0259rbaycan d\u00fcnyada azsayl\u0131 \u00f6lk\u0259l\u0259rd\u0259n biridir ki, xarici ticar\u0259t d\u00f6vriyy\u0259sind\u0259 m\u00fcsb\u0259t saldo \u0259ld\u0259 edir. Bel\u0259 ki, 2019-cu ilin yanvar-oktyabr aylar\u0131nda \u00f6lk\u0259nin xarici ticar\u0259t d\u00f6vriyy\u0259si 27 milyard 436,7 milyon AB\u015e dollar\u0131, o c\u00fcml\u0259d\u0259n ixrac\u0131n d\u0259y\u0259ri 15 milyard 981,4 milyon dollar, idxal\u0131n d\u0259y\u0259ri 11 milyard 455,3 milyon dollar t\u0259\u015fkil edib, n\u0259tic\u0259d\u0259 4 milyard 526,1 milyon dollarl\u0131q m\u00fcsb\u0259t ticar\u0259t saldosu yaran\u0131b&#8221;.<\/p>\n<p>C.Osmanov \u0259lav\u0259 edib ki, qazan\u0131lan u\u011furlar davaml\u0131 xarakter da\u015f\u0131y\u0131r: &#8220;B\u00fct\u00fcn sah\u0259l\u0259rd\u0259 \u0259ld\u0259 olunan u\u011furlar son 15 ild\u0259 g\u00f6r\u00fcl\u0259n i\u015fl\u0259rin m\u0259ntiqi n\u0259tic\u0259sidir. Bu, h\u0259r bir Az\u0259rbaycan v\u0259t\u0259nda\u015f\u0131nda b\u00f6y\u00fck q\u00fcrur hissi yarad\u0131r&#8221;.<\/p>\n<p>Deputat vur\u011fulay\u0131b ki, b\u00fct\u00fcn g\u00f6r\u00fcl\u0259n bu i\u015fl\u0259r Az\u0259rbaycan\u0131n d\u00fcnyada n\u00fcfuzunu art\u0131r\u0131r, beyn\u0259lxalq t\u0259\u015fkilatlar t\u0259r\u0259find\u0259n d\u0259 y\u00fcks\u0259k qiym\u0259tl\u0259ndirilir: &#8220;Bu g\u00fcnl\u0259rd\u0259 Az\u0259rbaycan AB\u015e-\u0131n &#8220;U.S. News &amp; World Report&#8221; jurnal\u0131 t\u0259r\u0259find\u0259n a\u00e7\u0131qlanan 2019-cu ild\u0259 d\u00fcnyan\u0131n \u0259n g\u00fccl\u00fc \u00f6lk\u0259l\u0259rinin reytinq siyah\u0131s\u0131nda 45-ci pill\u0259y\u0259 y\u00fcks\u0259lib. \u00d6lk\u0259miz cari ild\u0259 \u0259ld\u0259 etdiyi u\u011furlara g\u00f6r\u0259 bir ne\u00e7\u0259 Avropa \u00f6lk\u0259sini, o c\u00fcml\u0259d\u0259n Xorvatiya, \u00c7exiya, Latviya, Rum\u0131niya, Slovakiya, Sloveniya, Estoniya v\u0259 Portuqaliyan\u0131 gerid\u0259 qoyub. Bundan \u0259lav\u0259, D\u00fcnya Bank\u0131, Avropa Yenid\u0259nqurma v\u0259 \u0130nki\u015faf Bank\u0131, Asiya \u0130nki\u015faf Bank\u0131, Avropa \u0130nvestisiya Bank\u0131, Beyn\u0259lxalq Valyuta Fondu v\u0259 dig\u0259r apar\u0131c\u0131 beyn\u0259lxalq maliyy\u0259 qurumlar\u0131n\u0131n hesabatlar\u0131nda Az\u0259rbaycanda h\u0259yata ke\u00e7iril\u0259n islahatlar y\u00fcks\u0259k qiym\u0259tl\u0259ndirilib. B\u00fct\u00fcn bu n\u0259tic\u0259l\u0259r\u0259 c\u0259nab Prezident \u0130lham \u018fliyev t\u0259r\u0259find\u0259n apar\u0131lan m\u0259qs\u0259dy\u00f6nl\u00fc v\u0259 u\u011furlu siyas\u0259t n\u0259tic\u0259sind\u0259 nail olunub&#8221;.<\/p>\n","protected":false},"excerpt":{"rendered":"<p>Az\u0259rbaycanda Prezident \u0130lham \u018fliyevin m\u00fc\u0259yy\u0259nl\u0259\u015fdirdiyi strateji kurs milli iqtisadiyyat\u0131n geni\u015fl\u0259nm\u0259sinin ard\u0131c\u0131ll\u0131\u011f\u0131n\u0131n t\u0259min olunmas\u0131na hesablan\u0131b. ARANTV.AZ\u00a0 bildirir ki, bunu\u00a0Trend-\u0259 a\u00e7\u0131qlamas\u0131nda Milli M\u0259clisin deputat\u0131 Cavid Osmanov deyib. C.Osmanov bildirib ki, son ill\u0259rd\u0259 \u00f6lk\u0259mizd\u0259 iqtisadi inki\u015faf\u0131n davaml\u0131l\u0131\u011f\u0131n\u0131, o c\u00fcml\u0259d\u0259n d\u0259 qeyri-neft sektorunda yeni istehsal v\u0259 ixrac imkanlar\u0131 yarad\u0131lmas\u0131n\u0131 h\u0259d\u0259fl\u0259y\u0259n u\u011furlu islahatlar apar\u0131l\u0131r: &#8220;Apar\u0131lan m\u0259qs\u0259dy\u00f6nl\u00fc siyas\u0259tin n\u0259tic\u0259sidir ki, \u00f6lk\u0259miz bir s\u0131ra \u00e7\u0259tinlikl\u0259rl\u0259 m\u00fc\u015fayi\u0259t olunan yeni \u015f\u0259raitd\u0259 d\u0259 iqtisadi inki\u015fafla ba\u011fl\u0131 diqq\u0259t\u0259layiq u\u011furlara imza at\u0131b. Bel\u0259 ki, milli iqtisadiyyat\u0131m\u0131z qlobal b\u00f6hran\u0131n m\u0259nfi t\u0259sirl\u0259rini d\u0259f ed\u0259r\u0259k inki\u015fafa istiqam\u0259tl\u0259nib. Haz\u0131rda \u00f6lk\u0259nin qar\u015f\u0131s\u0131nda duran b\u00fct\u00fcn v\u0259zif\u0259l\u0259rin icras\u0131 y\u00fcks\u0259k&hellip;<\/p>\n","protected":false},"author":2,"featured_media":111241,"comment_status":"closed","ping_status":"closed","sticky":false,"template":"","format":"standard","meta":{"om_disable_all_campaigns":false,"_monsterinsights_skip_tracking":false,"_monsterinsights_sitenote_active":false,"_monsterinsights_sitenote_note":"","_monsterinsights_sitenote_category":0},"categories":[4],"tags":[],"aioseo_notices":[],"gutentor_comment":0,"rttpg_featured_image_url":{"full":["https:\/\/arantv.az\/wp-content\/uploads\/2019\/12\/cavid_osmanov.jpg",660,496,false],"landscape":["https:\/\/arantv.az\/wp-content\/uploads\/2019\/12\/cavid_osmanov.jpg",660,496,false],"portraits":["https:\/\/arantv.az\/wp-content\/uploads\/2019\/12\/cavid_osmanov.jpg",660,496,false],"thumbnail":["https:\/\/arantv.az\/wp-content\/uploads\/2019\/12\/cavid_osmanov-150x150.jpg",150,150,true],"medium":["https:\/\/arantv.az\/wp-content\/uploads\/2019\/12\/cavid_osmanov-300x225.jpg",300,225,true],"large":["https:\/\/arantv.az\/wp-content\/uploads\/2019\/12\/cavid_osmanov.jpg",640,481,false],"1536x1536":["https:\/\/arantv.az\/wp-content\/uploads\/2019\/12\/cavid_osmanov.jpg",660,496,false],"2048x2048":["https:\/\/arantv.az\/wp-content\/uploads\/2019\/12\/cavid_osmanov.jpg",660,496,false],"post-thumbnail":["https:\/\/arantv.az\/wp-content\/uploads\/2019\/12\/cavid_osmanov-240x172.jpg",240,172,true],"advps-thumb-one":["https:\/\/arantv.az\/wp-content\/uploads\/2019\/12\/cavid_osmanov.jpg",660,496,false]},"rttpg_author":{"display_name":"V\u00fcsal Rafiqo\u011flu","author_link":"https:\/\/arantv.az\/?author=2"},"rttpg_comment":0,"rttpg_category":"<a href=\"https:\/\/arantv.az\/?cat=4\" rel=\"category\">Siyas\u0259t<\/a>","rttpg_excerpt":"Az\u0259rbaycanda Prezident \u0130lham \u018fliyevin m\u00fc\u0259yy\u0259nl\u0259\u015fdirdiyi strateji kurs milli iqtisadiyyat\u0131n geni\u015fl\u0259nm\u0259sinin ard\u0131c\u0131ll\u0131\u011f\u0131n\u0131n t\u0259min olunmas\u0131na hesablan\u0131b. ARANTV.AZ\u00a0 bildirir ki, bunu\u00a0Trend-\u0259 a\u00e7\u0131qlamas\u0131nda Milli M\u0259clisin deputat\u0131 Cavid Osmanov deyib. C.Osmanov bildirib ki, son ill\u0259rd\u0259 \u00f6lk\u0259mizd\u0259 iqtisadi inki\u015faf\u0131n davaml\u0131l\u0131\u011f\u0131n\u0131, o c\u00fcml\u0259d\u0259n d\u0259 qeyri-neft sektorunda yeni istehsal v\u0259 ixrac imkanlar\u0131 yarad\u0131lmas\u0131n\u0131 h\u0259d\u0259fl\u0259y\u0259n u\u011furlu islahatlar apar\u0131l\u0131r: &#8220;Apar\u0131lan m\u0259qs\u0259dy\u00f6nl\u00fc siyas\u0259tin n\u0259tic\u0259sidir ki, \u00f6lk\u0259miz&hellip;","_links":{"self":[{"href":"https:\/\/arantv.az\/index.php?rest_route=\/wp\/v2\/posts\/111240"}],"collection":[{"href":"https:\/\/arantv.az\/index.php?rest_route=\/wp\/v2\/posts"}],"about":[{"href":"https:\/\/arantv.az\/index.php?rest_route=\/wp\/v2\/types\/post"}],"author":[{"embeddable":true,"href":"https:\/\/arantv.az\/index.php?rest_route=\/wp\/v2\/users\/2"}],"replies":[{"embeddable":true,"href":"https:\/\/arantv.az\/index.php?rest_route=%2Fwp%2Fv2%2Fcomments&post=111240"}],"version-history":[{"count":0,"href":"https:\/\/arantv.az\/index.php?rest_route=\/wp\/v2\/posts\/111240\/revisions"}],"wp:featuredmedia":[{"embeddable":true,"href":"https:\/\/arantv.az\/index.php?rest_route=\/wp\/v2\/media\/111241"}],"wp:attachment":[{"href":"https:\/\/arantv.az\/index.php?rest_route=%2Fwp%2Fv2%2Fmedia&parent=111240"}],"wp:term":[{"taxonomy":"category","embeddable":true,"href":"https:\/\/arantv.az\/index.php?rest_route=%2Fwp%2Fv2%2Fcategories&post=111240"},{"taxonomy":"post_tag","embeddable":true,"href":"https:\/\/arantv.az\/index.php?rest_route=%2Fwp%2Fv2%2Ftags&post=111240"}],"curies":[{"name":"wp","href":"https:\/\/api.w.org\/{rel}","templated":true}]}}