{"id":111244,"date":"2019-12-24T15:35:34","date_gmt":"2019-12-24T12:35:34","guid":{"rendered":"http:\/\/arantv.az\/?p=111244"},"modified":"2019-12-24T15:35:34","modified_gmt":"2019-12-24T12:35:34","slug":"bp-nin-regional-prezidenti-prezident-ilham-%c9%99liyevi-t%c9%99brik-edib","status":"publish","type":"post","link":"https:\/\/arantv.az\/?p=111244","title":{"rendered":"BP-nin regional prezidenti Prezident \u0130lham \u018fliyevi t\u0259brik edib"},"content":{"rendered":"<p><strong>BP-nin Az\u0259rbaycan, G\u00fcrc\u00fcstan v\u0259 T\u00fcrkiy\u0259 \u00fczr\u0259 regional prezidenti Q\u0259ri Counz Prezident \u0130lham \u018fliyev\u0259 t\u0259brik m\u0259ktubu g\u00f6nd\u0259rib.<\/strong><\/p>\n<p><strong>ARANTV.AZ\u00a0<\/strong>\u00a0<a href=\"http:\/\/azertag.az\/\" target=\"_blank\" rel=\"noopener\">AZ\u018fRTAC<\/a>-a istinad\u0259n bildirir ki, t\u0259brikd\u0259 deyilir: &#8220;H\u00f6rm\u0259tli c\u0259nab Prezident. Sizi do\u011fum g\u00fcn\u00fcn\u00fcz m\u00fcnasib\u0259ti il\u0259 s\u0259mimi q\u0259lbd\u0259n t\u0259brik edir, Siz\u0259 v\u0259 ail\u0259niz\u0259 cansa\u011fl\u0131\u011f\u0131 v\u0259 rifah dil\u0259yir\u0259m.<\/p>\n<p>Bu xo\u015f f\u00fcrs\u0259td\u0259n istifad\u0259 ed\u0259r\u0259k, qar\u015f\u0131dan g\u0259l\u0259n D\u00fcnya Az\u0259rbaycanl\u0131lar\u0131n\u0131n H\u0259mr\u0259ylik G\u00fcn\u00fc v\u0259 Yeni il m\u00fcnasib\u0259til\u0259 Siz\u0259 v\u0259 Az\u0259rbaycan xalq\u0131na davaml\u0131 nailiyy\u0259tl\u0259r v\u0259 firavanl\u0131q arzulay\u0131ram.<\/p>\n<p>BP \u015firk\u0259ti olaraq biz Az\u0259rbaycana b\u00f6y\u00fck \u00f6n\u0259m veririk v\u0259 burada olma\u011f\u0131m\u0131zdan q\u00fcrur duyuruq. \u00d6t\u0259n 27 il \u0259rzind\u0259 regionda h\u0259yata ke\u00e7irdiyimiz d\u00fcnyamiqyasl\u0131 layih\u0259l\u0259rin u\u011furu Sizin r\u0259hb\u0259rliyiniz v\u0259 d\u0259st\u0259yiniz, eyni zamanda, Az\u0259rbaycan h\u00f6kum\u0259ti, SOCAR v\u0259 dig\u0259r t\u0259r\u0259fda\u015flar\u0131m\u0131zla s\u0131x \u0259m\u0259kda\u015fl\u0131q say\u0259sind\u0259 m\u00fcmk\u00fcn olmu\u015fdur. \u00dcmidvaram ki, bu s\u0259m\u0259r\u0259li t\u0259r\u0259fda\u015fl\u0131\u011f\u0131m\u0131z bundan sonra da davam ed\u0259c\u0259kdir.<\/p>\n<p>Siz\u0259 do\u011fum g\u00fcn\u00fcn\u00fcz v\u0259 qar\u015f\u0131dan g\u0259l\u0259n bayramlar m\u00fcnasib\u0259til\u0259 bir daha \u0259n s\u0259mimi t\u0259brikl\u0259rimi \u00e7atd\u0131r\u0131r v\u0259 Az\u0259rbaycan Respublikas\u0131n\u0131n inki\u015faf\u0131 namin\u0259 f\u0259aliyy\u0259tinizd\u0259 u\u011furlar arzulay\u0131ram&#8221;.<\/p>\n","protected":false},"excerpt":{"rendered":"<p>BP-nin Az\u0259rbaycan, G\u00fcrc\u00fcstan v\u0259 T\u00fcrkiy\u0259 \u00fczr\u0259 regional prezidenti Q\u0259ri Counz Prezident \u0130lham \u018fliyev\u0259 t\u0259brik m\u0259ktubu g\u00f6nd\u0259rib. ARANTV.AZ\u00a0\u00a0AZ\u018fRTAC-a istinad\u0259n bildirir ki, t\u0259brikd\u0259 deyilir: &#8220;H\u00f6rm\u0259tli c\u0259nab Prezident. Sizi do\u011fum g\u00fcn\u00fcn\u00fcz m\u00fcnasib\u0259ti il\u0259 s\u0259mimi q\u0259lbd\u0259n t\u0259brik edir, Siz\u0259 v\u0259 ail\u0259niz\u0259 cansa\u011fl\u0131\u011f\u0131 v\u0259 rifah dil\u0259yir\u0259m. Bu xo\u015f f\u00fcrs\u0259td\u0259n istifad\u0259 ed\u0259r\u0259k, qar\u015f\u0131dan g\u0259l\u0259n D\u00fcnya Az\u0259rbaycanl\u0131lar\u0131n\u0131n H\u0259mr\u0259ylik G\u00fcn\u00fc v\u0259 Yeni il m\u00fcnasib\u0259til\u0259 Siz\u0259 v\u0259 Az\u0259rbaycan xalq\u0131na davaml\u0131 nailiyy\u0259tl\u0259r v\u0259 firavanl\u0131q arzulay\u0131ram. BP \u015firk\u0259ti olaraq biz Az\u0259rbaycana b\u00f6y\u00fck \u00f6n\u0259m veririk v\u0259 burada olma\u011f\u0131m\u0131zdan q\u00fcrur duyuruq. \u00d6t\u0259n 27 il \u0259rzind\u0259 regionda h\u0259yata ke\u00e7irdiyimiz d\u00fcnyamiqyasl\u0131 layih\u0259l\u0259rin u\u011furu Sizin r\u0259hb\u0259rliyiniz&hellip;<\/p>\n","protected":false},"author":2,"featured_media":111245,"comment_status":"closed","ping_status":"closed","sticky":false,"template":"","format":"standard","meta":{"om_disable_all_campaigns":false,"_monsterinsights_skip_tracking":false,"_monsterinsights_sitenote_active":false,"_monsterinsights_sitenote_note":"","_monsterinsights_sitenote_category":0},"categories":[4],"tags":[],"aioseo_notices":[],"gutentor_comment":0,"rttpg_featured_image_url":{"full":["https:\/\/arantv.az\/wp-content\/uploads\/2019\/12\/813024.jpg",587,440,false],"landscape":["https:\/\/arantv.az\/wp-content\/uploads\/2019\/12\/813024.jpg",587,440,false],"portraits":["https:\/\/arantv.az\/wp-content\/uploads\/2019\/12\/813024.jpg",587,440,false],"thumbnail":["https:\/\/arantv.az\/wp-content\/uploads\/2019\/12\/813024-150x150.jpg",150,150,true],"medium":["https:\/\/arantv.az\/wp-content\/uploads\/2019\/12\/813024-300x225.jpg",300,225,true],"large":["https:\/\/arantv.az\/wp-content\/uploads\/2019\/12\/813024.jpg",587,440,false],"1536x1536":["https:\/\/arantv.az\/wp-content\/uploads\/2019\/12\/813024.jpg",587,440,false],"2048x2048":["https:\/\/arantv.az\/wp-content\/uploads\/2019\/12\/813024.jpg",587,440,false],"post-thumbnail":["https:\/\/arantv.az\/wp-content\/uploads\/2019\/12\/813024-240x172.jpg",240,172,true],"advps-thumb-one":["https:\/\/arantv.az\/wp-content\/uploads\/2019\/12\/813024.jpg",587,440,false]},"rttpg_author":{"display_name":"V\u00fcsal Rafiqo\u011flu","author_link":"https:\/\/arantv.az\/?author=2"},"rttpg_comment":0,"rttpg_category":"<a href=\"https:\/\/arantv.az\/?cat=4\" rel=\"category\">Siyas\u0259t<\/a>","rttpg_excerpt":"BP-nin Az\u0259rbaycan, G\u00fcrc\u00fcstan v\u0259 T\u00fcrkiy\u0259 \u00fczr\u0259 regional prezidenti Q\u0259ri Counz Prezident \u0130lham \u018fliyev\u0259 t\u0259brik m\u0259ktubu g\u00f6nd\u0259rib. ARANTV.AZ\u00a0\u00a0AZ\u018fRTAC-a istinad\u0259n bildirir ki, t\u0259brikd\u0259 deyilir: &#8220;H\u00f6rm\u0259tli c\u0259nab Prezident. Sizi do\u011fum g\u00fcn\u00fcn\u00fcz m\u00fcnasib\u0259ti il\u0259 s\u0259mimi q\u0259lbd\u0259n t\u0259brik edir, Siz\u0259 v\u0259 ail\u0259niz\u0259 cansa\u011fl\u0131\u011f\u0131 v\u0259 rifah dil\u0259yir\u0259m. Bu xo\u015f f\u00fcrs\u0259td\u0259n istifad\u0259 ed\u0259r\u0259k, qar\u015f\u0131dan g\u0259l\u0259n D\u00fcnya Az\u0259rbaycanl\u0131lar\u0131n\u0131n H\u0259mr\u0259ylik G\u00fcn\u00fc v\u0259 Yeni il&hellip;","_links":{"self":[{"href":"https:\/\/arantv.az\/index.php?rest_route=\/wp\/v2\/posts\/111244"}],"collection":[{"href":"https:\/\/arantv.az\/index.php?rest_route=\/wp\/v2\/posts"}],"about":[{"href":"https:\/\/arantv.az\/index.php?rest_route=\/wp\/v2\/types\/post"}],"author":[{"embeddable":true,"href":"https:\/\/arantv.az\/index.php?rest_route=\/wp\/v2\/users\/2"}],"replies":[{"embeddable":true,"href":"https:\/\/arantv.az\/index.php?rest_route=%2Fwp%2Fv2%2Fcomments&post=111244"}],"version-history":[{"count":0,"href":"https:\/\/arantv.az\/index.php?rest_route=\/wp\/v2\/posts\/111244\/revisions"}],"wp:featuredmedia":[{"embeddable":true,"href":"https:\/\/arantv.az\/index.php?rest_route=\/wp\/v2\/media\/111245"}],"wp:attachment":[{"href":"https:\/\/arantv.az\/index.php?rest_route=%2Fwp%2Fv2%2Fmedia&parent=111244"}],"wp:term":[{"taxonomy":"category","embeddable":true,"href":"https:\/\/arantv.az\/index.php?rest_route=%2Fwp%2Fv2%2Fcategories&post=111244"},{"taxonomy":"post_tag","embeddable":true,"href":"https:\/\/arantv.az\/index.php?rest_route=%2Fwp%2Fv2%2Ftags&post=111244"}],"curies":[{"name":"wp","href":"https:\/\/api.w.org\/{rel}","templated":true}]}}