{"id":111280,"date":"2019-12-24T16:10:23","date_gmt":"2019-12-24T13:10:23","guid":{"rendered":"http:\/\/arantv.az\/?p=111280"},"modified":"2019-12-24T16:10:23","modified_gmt":"2019-12-24T13:10:23","slug":"h%c9%99bs-edil%c9%99n-sabiq-icra-bascisi-v%c9%99-muavinind%c9%99n-x%c9%99b%c9%99r-var","status":"publish","type":"post","link":"https:\/\/arantv.az\/?p=111280","title":{"rendered":"H\u0259bs edil\u0259n sabiq icra ba\u015f\u00e7\u0131s\u0131 v\u0259 m\u00fcavinind\u0259n x\u0259b\u0259r var"},"content":{"rendered":"<p>A\u011fstafa rayonunun sabiq icra ba\u015f\u00e7\u0131s\u0131 Nizam\u0259ddin Quliyev v\u0259 onun birinci m\u00fcavini olmu\u015f Ramiz Tatarov bar\u0259l\u0259rind\u0259 se\u00e7ilmi\u015f h\u0259bs q\u0259timkan t\u0259dbirind\u0259n apelyasiya \u015fikay\u0259ti verm\u0259yib.<\/p>\n<p><strong>ARANTV.AZ<\/strong>-\u0131n m\u0259lumat\u0131na g\u00f6r\u0259, t\u0259qsirl\u0259ndiril\u0259n \u015f\u0259xsl\u0259r \u015fikay\u0259t verm\u0259kd\u0259n imtina edibl\u0259r.<br \/>\nXat\u0131rladaq ki, ad\u0131\u00e7\u0259kil\u0259n \u015f\u0259xsl\u0259r bar\u0259sind\u0259 bir ne\u00e7\u0259 g\u00fcn \u0259vv\u0259l S\u0259bail rayon M\u0259hk\u0259m\u0259si t\u0259r\u0259find\u0259n d\u00f6rd\u00a0ay m\u00fcdd\u0259tin\u0259 h\u0259bs-q\u0259timkan t\u0259dbiri se\u00e7ilib.<\/p>\n<p>D\u00f6vl\u0259t T\u0259hl\u00fck\u0259sizliyi Xidm\u0259tinin yayd\u0131\u011f\u0131 m\u0259lumata g\u00f6r\u0259, A\u011fstafa Rayon \u0130cra Hakimiyy\u0259tinin ba\u015f\u00e7\u0131s\u0131 Nizam\u0259ddin Quliyevin m\u00fcnt\u0259z\u0259m olaraq v\u0259zif\u0259 s\u0259lahiyy\u0259tl\u0259rind\u0259n sui-istifad\u0259 etm\u0259sin\u0259 dair \u0259sasl\u0131 \u015f\u00fcbh\u0259l\u0259r yaran\u0131b. Bel\u0259 ki, Nizam\u0259ddin Quliyevin rayon icra hakimiyy\u0259ti ba\u015f\u00e7\u0131s\u0131n\u0131n m\u00fcavini Ramiz Tatarovun vasit\u0259sil\u0259 2019-cu ilin may ay\u0131ndan etibar\u0259n yerli icra hakimiyy\u0259ti v\u0259 dig\u0259r yerli d\u00f6vl\u0259t orqanlar\u0131n\u0131n v\u0259zif\u0259li \u015f\u0259xsl\u0259rind\u0259n m\u00fcxt\u0259lif adlar alt\u0131nda pul v\u0259saitl\u0259ri t\u0259l\u0259b ed\u0259r\u0259k almas\u0131na dair \u0259sasl\u0131 \u015f\u00fcbh\u0259l\u0259r m\u00fc\u0259yy\u0259n edilib.<\/p>\n<div id=\"AdviadNativeVideo0\" class=\"AdviadNativeVideo\">\n<div class=\"adviad-inboard sm-screen\">\n<div><\/div>\n<div>\n<p>Nizam\u0259ddin Quliyevin m\u00fcavini Ramiz Tatarov vasit\u0259sil\u0259 f\u0259rdi sahibkarl\u0131q f\u0259aliyy\u0259ti il\u0259 m\u0259\u015f\u011ful olan \u015f\u0259xsl\u0259rd\u0259n r\u00fc\u015fv\u0259t t\u0259l\u0259b ed\u0259r\u0259k almas\u0131na dair \u0259sasl\u0131 \u015f\u00fcbh\u0259l\u0259r m\u00fc\u0259yy\u0259n edilib. Bununla yana\u015f\u0131, Nizam\u0259ddin Quliyevin s\u0259hiyy\u0259, t\u0259hsil v\u0259 dig\u0259r yerli d\u00f6vl\u0259t t\u0259sisatlar\u0131 r\u0259hb\u0259rl\u0259rind\u0259n b\u00fcdc\u0259 v\u0259saitl\u0259ri hesab\u0131na yerli d\u00f6vl\u0259t orqanlar\u0131n\u0131n saxlan\u0131lmas\u0131 x\u0259rcl\u0259rin\u0259 ayr\u0131lan v\u0259saitl\u0259rin m\u00fc\u0259yy\u0259n hiss\u0259sinin na\u011fdla\u015fd\u0131r\u0131laraq ona t\u0259qdim olunmas\u0131n\u0131 t\u0259l\u0259b etm\u0259si v\u0259 almas\u0131, ictimai i\u015fl\u0259r\u0259 c\u0259lb olunan azt\u0259minatl\u0131 \u015f\u0259xsl\u0259r\u0259 ayr\u0131lan \u0259m\u0259k haqq\u0131 kartlar\u0131n\u0131 \u0259l\u0259 ke\u00e7irib m\u0259nims\u0259m\u0259sin\u0259 \u0259sasl\u0131 \u015f\u00fcbh\u0259l\u0259r m\u00fc\u0259yy\u0259n edilib.<\/p>\n<p>Nizam\u0259ddin Quliyev v\u0259 m\u00fcavini Ramiz Tatarovun xidm\u0259ti otaqlar\u0131nda ke\u00e7iril\u0259n bax\u0131\u015f zaman\u0131 m\u00fcxt\u0259lif v\u0259zif\u0259li \u015f\u0259xsl\u0259rd\u0259n, sahibkarl\u0131q f\u0259aliyy\u0259ti il\u0259 m\u0259\u015f\u011ful olan \u015f\u0259xsl\u0259rd\u0259n al\u0131nm\u0131\u015f v\u0259saitl\u0259rin \u00f6z \u0259lyazmalar\u0131 il\u0259 t\u0259rtib olunmu\u015f siyah\u0131lar\u0131, pul v\u0259saitl\u0259ri, s\u0259n\u0259dl\u0259r, i\u015f \u00fczr\u0259 \u0259h\u0259miyy\u0259t k\u0259sb ed\u0259n dig\u0259r d\u0259lill\u0259r g\u00f6t\u00fcr\u00fcl\u00fcb.<\/p>\n<p>Nizam\u0259ddin Quliyev v\u0259 ba\u015fqalar\u0131 v\u0259zif\u0259 s\u0259lahiyy\u0259tl\u0259rind\u0259n sui-istifad\u0259 etm\u0259, k\u00fclli miqdarda t\u0259krar r\u00fc\u015fv\u0259t alma, m\u0259nims\u0259m\u0259 v\u0259 dig\u0259r faktlara g\u00f6r\u0259 D\u00f6vl\u0259t T\u0259hl\u00fck\u0259sizliyi Xidm\u0259tind\u0259 Cinay\u0259t M\u0259c\u0259ll\u0259sinin m\u00fcvafiq madd\u0259l\u0259ri il\u0259 ba\u015flan\u0131lm\u0131\u015f cinay\u0259t i\u015fl\u0259ri \u00fczr\u0259 \u015f\u00fcbh\u0259li \u015f\u0259xs qismind\u0259 saxlan\u0131l\u0131blar.<\/p>\n<p>Onlara Cinay\u0259t M\u0259c\u0259ll\u0259sinin 179.3.2-ci (m\u0259nims\u0259m\u0259 &#8211; k\u00fclli miqdarda t\u00f6r\u0259dildikd\u0259), 311.3-c\u00fc (r\u00fc\u015fv\u0259t alma &#8211; k\u00fclli miqdarda t\u00f6r\u0259dildikd\u0259), 308-ci (v\u0259zif\u0259 s\u0259lahiyy\u0259tl\u0259rind\u0259n sui-istifad\u0259) madd\u0259l\u0259ri il\u0259 ittiham ittiham ir\u0259li s\u00fcr\u00fcl\u00fcb.APA<\/p>\n<\/div>\n<\/div>\n<\/div>\n","protected":false},"excerpt":{"rendered":"<p>A\u011fstafa rayonunun sabiq icra ba\u015f\u00e7\u0131s\u0131 Nizam\u0259ddin Quliyev v\u0259 onun birinci m\u00fcavini olmu\u015f Ramiz Tatarov bar\u0259l\u0259rind\u0259 se\u00e7ilmi\u015f h\u0259bs q\u0259timkan t\u0259dbirind\u0259n apelyasiya \u015fikay\u0259ti verm\u0259yib. ARANTV.AZ-\u0131n m\u0259lumat\u0131na g\u00f6r\u0259, t\u0259qsirl\u0259ndiril\u0259n \u015f\u0259xsl\u0259r \u015fikay\u0259t verm\u0259kd\u0259n imtina edibl\u0259r. Xat\u0131rladaq ki, ad\u0131\u00e7\u0259kil\u0259n \u015f\u0259xsl\u0259r bar\u0259sind\u0259 bir ne\u00e7\u0259 g\u00fcn \u0259vv\u0259l S\u0259bail rayon M\u0259hk\u0259m\u0259si t\u0259r\u0259find\u0259n d\u00f6rd\u00a0ay m\u00fcdd\u0259tin\u0259 h\u0259bs-q\u0259timkan t\u0259dbiri se\u00e7ilib. D\u00f6vl\u0259t T\u0259hl\u00fck\u0259sizliyi Xidm\u0259tinin yayd\u0131\u011f\u0131 m\u0259lumata g\u00f6r\u0259, A\u011fstafa Rayon \u0130cra Hakimiyy\u0259tinin ba\u015f\u00e7\u0131s\u0131 Nizam\u0259ddin Quliyevin m\u00fcnt\u0259z\u0259m olaraq v\u0259zif\u0259 s\u0259lahiyy\u0259tl\u0259rind\u0259n sui-istifad\u0259 etm\u0259sin\u0259 dair \u0259sasl\u0131 \u015f\u00fcbh\u0259l\u0259r yaran\u0131b. Bel\u0259 ki, Nizam\u0259ddin Quliyevin rayon icra hakimiyy\u0259ti ba\u015f\u00e7\u0131s\u0131n\u0131n m\u00fcavini Ramiz Tatarovun vasit\u0259sil\u0259 2019-cu ilin may ay\u0131ndan etibar\u0259n yerli&hellip;<\/p>\n","protected":false},"author":2,"featured_media":111281,"comment_status":"closed","ping_status":"closed","sticky":false,"template":"","format":"standard","meta":{"om_disable_all_campaigns":false,"_monsterinsights_skip_tracking":false,"_monsterinsights_sitenote_active":false,"_monsterinsights_sitenote_note":"","_monsterinsights_sitenote_category":0},"categories":[1],"tags":[],"aioseo_notices":[],"gutentor_comment":0,"rttpg_featured_image_url":{"full":["https:\/\/arantv.az\/wp-content\/uploads\/2019\/12\/FotoJet-7-1-1.jpg",620,435,false],"landscape":["https:\/\/arantv.az\/wp-content\/uploads\/2019\/12\/FotoJet-7-1-1.jpg",620,435,false],"portraits":["https:\/\/arantv.az\/wp-content\/uploads\/2019\/12\/FotoJet-7-1-1.jpg",620,435,false],"thumbnail":["https:\/\/arantv.az\/wp-content\/uploads\/2019\/12\/FotoJet-7-1-1-150x150.jpg",150,150,true],"medium":["https:\/\/arantv.az\/wp-content\/uploads\/2019\/12\/FotoJet-7-1-1-300x210.jpg",300,210,true],"large":["https:\/\/arantv.az\/wp-content\/uploads\/2019\/12\/FotoJet-7-1-1.jpg",620,435,false],"1536x1536":["https:\/\/arantv.az\/wp-content\/uploads\/2019\/12\/FotoJet-7-1-1.jpg",620,435,false],"2048x2048":["https:\/\/arantv.az\/wp-content\/uploads\/2019\/12\/FotoJet-7-1-1.jpg",620,435,false],"post-thumbnail":["https:\/\/arantv.az\/wp-content\/uploads\/2019\/12\/FotoJet-7-1-1-240x172.jpg",240,172,true],"advps-thumb-one":["https:\/\/arantv.az\/wp-content\/uploads\/2019\/12\/FotoJet-7-1-1.jpg",620,435,false]},"rttpg_author":{"display_name":"V\u00fcsal Rafiqo\u011flu","author_link":"https:\/\/arantv.az\/?author=2"},"rttpg_comment":0,"rttpg_category":"<a href=\"https:\/\/arantv.az\/?cat=1\" rel=\"category\">C\u0259miyy\u0259t<\/a>","rttpg_excerpt":"A\u011fstafa rayonunun sabiq icra ba\u015f\u00e7\u0131s\u0131 Nizam\u0259ddin Quliyev v\u0259 onun birinci m\u00fcavini olmu\u015f Ramiz Tatarov bar\u0259l\u0259rind\u0259 se\u00e7ilmi\u015f h\u0259bs q\u0259timkan t\u0259dbirind\u0259n apelyasiya \u015fikay\u0259ti verm\u0259yib. ARANTV.AZ-\u0131n m\u0259lumat\u0131na g\u00f6r\u0259, t\u0259qsirl\u0259ndiril\u0259n \u015f\u0259xsl\u0259r \u015fikay\u0259t verm\u0259kd\u0259n imtina edibl\u0259r. Xat\u0131rladaq ki, ad\u0131\u00e7\u0259kil\u0259n \u015f\u0259xsl\u0259r bar\u0259sind\u0259 bir ne\u00e7\u0259 g\u00fcn \u0259vv\u0259l S\u0259bail rayon M\u0259hk\u0259m\u0259si t\u0259r\u0259find\u0259n d\u00f6rd\u00a0ay m\u00fcdd\u0259tin\u0259 h\u0259bs-q\u0259timkan t\u0259dbiri se\u00e7ilib. D\u00f6vl\u0259t T\u0259hl\u00fck\u0259sizliyi Xidm\u0259tinin yayd\u0131\u011f\u0131 m\u0259lumata g\u00f6r\u0259,&hellip;","_links":{"self":[{"href":"https:\/\/arantv.az\/index.php?rest_route=\/wp\/v2\/posts\/111280"}],"collection":[{"href":"https:\/\/arantv.az\/index.php?rest_route=\/wp\/v2\/posts"}],"about":[{"href":"https:\/\/arantv.az\/index.php?rest_route=\/wp\/v2\/types\/post"}],"author":[{"embeddable":true,"href":"https:\/\/arantv.az\/index.php?rest_route=\/wp\/v2\/users\/2"}],"replies":[{"embeddable":true,"href":"https:\/\/arantv.az\/index.php?rest_route=%2Fwp%2Fv2%2Fcomments&post=111280"}],"version-history":[{"count":0,"href":"https:\/\/arantv.az\/index.php?rest_route=\/wp\/v2\/posts\/111280\/revisions"}],"wp:featuredmedia":[{"embeddable":true,"href":"https:\/\/arantv.az\/index.php?rest_route=\/wp\/v2\/media\/111281"}],"wp:attachment":[{"href":"https:\/\/arantv.az\/index.php?rest_route=%2Fwp%2Fv2%2Fmedia&parent=111280"}],"wp:term":[{"taxonomy":"category","embeddable":true,"href":"https:\/\/arantv.az\/index.php?rest_route=%2Fwp%2Fv2%2Fcategories&post=111280"},{"taxonomy":"post_tag","embeddable":true,"href":"https:\/\/arantv.az\/index.php?rest_route=%2Fwp%2Fv2%2Ftags&post=111280"}],"curies":[{"name":"wp","href":"https:\/\/api.w.org\/{rel}","templated":true}]}}