{"id":111288,"date":"2019-12-24T16:24:04","date_gmt":"2019-12-24T13:24:04","guid":{"rendered":"http:\/\/arantv.az\/?p=111288"},"modified":"2019-12-24T16:24:04","modified_gmt":"2019-12-24T13:24:04","slug":"putin-polsa-s%c9%99firini-%c9%99claf-adlandirdi-video","status":"publish","type":"post","link":"https:\/\/arantv.az\/?p=111288","title":{"rendered":"Putin Pol\u015fa s\u0259firini \u201c\u0259claf\u201d adland\u0131rd\u0131 &#8211; V\u0130DEO"},"content":{"rendered":"<p>\u018fclaf, antisemit donuz. Onu ba\u015fqa c\u00fcr\u00a0adland\u0131rmaq olmaz.<\/p>\n<p>Bu s\u00f6zl\u0259ri Rusiya Prezidenti Vladimir Putin Pol\u015fa s\u0259firinin Var\u015favada Hitler\u0259 abid\u0259 ucaltma t\u0259klifini xat\u0131rladark\u0259n deyib.<\/p>\n<p>Bu bar\u0259d\u0259 REN TV\u00a0x\u0259b\u0259r yay\u0131b.<\/p>\n<p>Bildirilir ki, s\u00f6hb\u0259t \u0130kinci D\u00fcnya M\u00fcharib\u0259sind\u0259 Almaniyadak\u0131 Pol\u015fa s\u0259firind\u0259n v\u0259 nasistl\u0259rin y\u0259hudil\u0259ri Avropa \u00f6lk\u0259l\u0259rind\u0259n Afrikaya qovma planlar\u0131ndan gedir.<\/p>\n<p>\u201cHitler 1938-ci ild\u0259 y\u0259hudil\u0259rin Afrikaya qovulmas\u0131n\u0131 t\u0259klif etdi. Pol\u015fa s\u0259firi raz\u0131la\u015fd\u0131 v\u0259 ona abid\u0259 ucaltma\u011f\u0131 t\u0259klif etdi\u201d, &#8211;\u00a0dey\u0259 Putin vur\u011fulay\u0131b.<\/p>\n<p>Rusiya Prezidenti s\u00f6zl\u0259rini 30-cu ill\u0259rin s\u0259n\u0259dind\u0259n \u00e7\u0131xar\u0131\u015fla t\u0259sdiql\u0259yib.<\/p>\n<div><iframe loading=\"lazy\" src=\"https:\/\/player.baku.tv\/embed\/12265\" width=\"560\" height=\"315\" frameborder=\"0\" allowfullscreen=\"allowfullscreen\" data-mce-fragment=\"1\"><\/iframe><\/div>\n<p>RF D\u00f6vl\u0259t ba\u015f\u00e7\u0131s\u0131 \u00e7\u0131x\u0131\u015f\u0131 zaman\u0131 Rusiyada \u0130kinci D\u00fcnya M\u00fcharib\u0259sind\u0259 d\u00f6y\u00fc\u015f\u0259n ata v\u0259 babalar\u0131n da xatir\u0259sini yad edib.<\/p>\n<p>Qeyd ed\u0259k ki, Pol\u015fa \u0130kinci D\u00fcnya M\u00fcharib\u0259si ba\u015flamazdan \u0259vv\u0259l \u00c7exoslovakiyan\u0131n b\u00f6l\u00fcnm\u0259sind\u0259 f\u0259al i\u015ftirak edib.<\/p>\n","protected":false},"excerpt":{"rendered":"<p>\u018fclaf, antisemit donuz. Onu ba\u015fqa c\u00fcr\u00a0adland\u0131rmaq olmaz. Bu s\u00f6zl\u0259ri Rusiya Prezidenti Vladimir Putin Pol\u015fa s\u0259firinin Var\u015favada Hitler\u0259 abid\u0259 ucaltma t\u0259klifini xat\u0131rladark\u0259n deyib. Bu bar\u0259d\u0259 REN TV\u00a0x\u0259b\u0259r yay\u0131b. Bildirilir ki, s\u00f6hb\u0259t \u0130kinci D\u00fcnya M\u00fcharib\u0259sind\u0259 Almaniyadak\u0131 Pol\u015fa s\u0259firind\u0259n v\u0259 nasistl\u0259rin y\u0259hudil\u0259ri Avropa \u00f6lk\u0259l\u0259rind\u0259n Afrikaya qovma planlar\u0131ndan gedir. \u201cHitler 1938-ci ild\u0259 y\u0259hudil\u0259rin Afrikaya qovulmas\u0131n\u0131 t\u0259klif etdi. Pol\u015fa s\u0259firi raz\u0131la\u015fd\u0131 v\u0259 ona abid\u0259 ucaltma\u011f\u0131 t\u0259klif etdi\u201d, &#8211;\u00a0dey\u0259 Putin vur\u011fulay\u0131b. Rusiya Prezidenti s\u00f6zl\u0259rini 30-cu ill\u0259rin s\u0259n\u0259dind\u0259n \u00e7\u0131xar\u0131\u015fla t\u0259sdiql\u0259yib. RF D\u00f6vl\u0259t ba\u015f\u00e7\u0131s\u0131 \u00e7\u0131x\u0131\u015f\u0131 zaman\u0131 Rusiyada \u0130kinci D\u00fcnya M\u00fcharib\u0259sind\u0259 d\u00f6y\u00fc\u015f\u0259n ata v\u0259 babalar\u0131n da xatir\u0259sini yad edib.&hellip;<\/p>\n","protected":false},"author":2,"featured_media":111289,"comment_status":"closed","ping_status":"closed","sticky":false,"template":"","format":"standard","meta":{"om_disable_all_campaigns":false,"_monsterinsights_skip_tracking":false,"_monsterinsights_sitenote_active":false,"_monsterinsights_sitenote_note":"","_monsterinsights_sitenote_category":0},"categories":[7],"tags":[],"aioseo_notices":[],"gutentor_comment":0,"rttpg_featured_image_url":{"full":["https:\/\/arantv.az\/wp-content\/uploads\/2019\/12\/80658975_589161728515691_3285294611550961664_n.jpg",620,349,false],"landscape":["https:\/\/arantv.az\/wp-content\/uploads\/2019\/12\/80658975_589161728515691_3285294611550961664_n.jpg",620,349,false],"portraits":["https:\/\/arantv.az\/wp-content\/uploads\/2019\/12\/80658975_589161728515691_3285294611550961664_n.jpg",620,349,false],"thumbnail":["https:\/\/arantv.az\/wp-content\/uploads\/2019\/12\/80658975_589161728515691_3285294611550961664_n-150x150.jpg",150,150,true],"medium":["https:\/\/arantv.az\/wp-content\/uploads\/2019\/12\/80658975_589161728515691_3285294611550961664_n-300x169.jpg",300,169,true],"large":["https:\/\/arantv.az\/wp-content\/uploads\/2019\/12\/80658975_589161728515691_3285294611550961664_n.jpg",620,349,false],"1536x1536":["https:\/\/arantv.az\/wp-content\/uploads\/2019\/12\/80658975_589161728515691_3285294611550961664_n.jpg",620,349,false],"2048x2048":["https:\/\/arantv.az\/wp-content\/uploads\/2019\/12\/80658975_589161728515691_3285294611550961664_n.jpg",620,349,false],"post-thumbnail":["https:\/\/arantv.az\/wp-content\/uploads\/2019\/12\/80658975_589161728515691_3285294611550961664_n-240x172.jpg",240,172,true],"advps-thumb-one":["https:\/\/arantv.az\/wp-content\/uploads\/2019\/12\/80658975_589161728515691_3285294611550961664_n.jpg",620,349,false]},"rttpg_author":{"display_name":"V\u00fcsal Rafiqo\u011flu","author_link":"https:\/\/arantv.az\/?author=2"},"rttpg_comment":0,"rttpg_category":"<a href=\"https:\/\/arantv.az\/?cat=7\" rel=\"category\">D\u00fcnya<\/a>","rttpg_excerpt":"\u018fclaf, antisemit donuz. Onu ba\u015fqa c\u00fcr\u00a0adland\u0131rmaq olmaz. Bu s\u00f6zl\u0259ri Rusiya Prezidenti Vladimir Putin Pol\u015fa s\u0259firinin Var\u015favada Hitler\u0259 abid\u0259 ucaltma t\u0259klifini xat\u0131rladark\u0259n deyib. Bu bar\u0259d\u0259 REN TV\u00a0x\u0259b\u0259r yay\u0131b. Bildirilir ki, s\u00f6hb\u0259t \u0130kinci D\u00fcnya M\u00fcharib\u0259sind\u0259 Almaniyadak\u0131 Pol\u015fa s\u0259firind\u0259n v\u0259 nasistl\u0259rin y\u0259hudil\u0259ri Avropa \u00f6lk\u0259l\u0259rind\u0259n Afrikaya qovma planlar\u0131ndan gedir. \u201cHitler 1938-ci ild\u0259 y\u0259hudil\u0259rin Afrikaya qovulmas\u0131n\u0131 t\u0259klif etdi. Pol\u015fa s\u0259firi&hellip;","_links":{"self":[{"href":"https:\/\/arantv.az\/index.php?rest_route=\/wp\/v2\/posts\/111288"}],"collection":[{"href":"https:\/\/arantv.az\/index.php?rest_route=\/wp\/v2\/posts"}],"about":[{"href":"https:\/\/arantv.az\/index.php?rest_route=\/wp\/v2\/types\/post"}],"author":[{"embeddable":true,"href":"https:\/\/arantv.az\/index.php?rest_route=\/wp\/v2\/users\/2"}],"replies":[{"embeddable":true,"href":"https:\/\/arantv.az\/index.php?rest_route=%2Fwp%2Fv2%2Fcomments&post=111288"}],"version-history":[{"count":0,"href":"https:\/\/arantv.az\/index.php?rest_route=\/wp\/v2\/posts\/111288\/revisions"}],"wp:featuredmedia":[{"embeddable":true,"href":"https:\/\/arantv.az\/index.php?rest_route=\/wp\/v2\/media\/111289"}],"wp:attachment":[{"href":"https:\/\/arantv.az\/index.php?rest_route=%2Fwp%2Fv2%2Fmedia&parent=111288"}],"wp:term":[{"taxonomy":"category","embeddable":true,"href":"https:\/\/arantv.az\/index.php?rest_route=%2Fwp%2Fv2%2Fcategories&post=111288"},{"taxonomy":"post_tag","embeddable":true,"href":"https:\/\/arantv.az\/index.php?rest_route=%2Fwp%2Fv2%2Ftags&post=111288"}],"curies":[{"name":"wp","href":"https:\/\/api.w.org\/{rel}","templated":true}]}}