{"id":111292,"date":"2019-12-24T16:25:35","date_gmt":"2019-12-24T13:25:35","guid":{"rendered":"http:\/\/arantv.az\/?p=111292"},"modified":"2019-12-24T16:25:35","modified_gmt":"2019-12-24T13:25:35","slug":"az%c9%99riqaz-bayram-gunl%c9%99rind%c9%99-gucl%c9%99ndirilmis-rejimd%c9%99-calisacaq","status":"publish","type":"post","link":"https:\/\/arantv.az\/?p=111292","title":{"rendered":"\u201cAz\u0259riqaz\u201d bayram g\u00fcnl\u0259rind\u0259 g\u00fccl\u0259ndirilmi\u015f rejimd\u0259 \u00e7al\u0131\u015facaq"},"content":{"rendered":"<p>&#8220;Az\u0259riqaz&#8221; \u0130stehsalat Birliyinin m\u00fc\u015ft\u0259ri xidm\u0259tl\u0259ri bayram g\u00fcnl\u0259rind\u0259 (31 dekabr &#8211; 6 yanvar) g\u00fccl\u0259ndirilmi\u015f i\u015f rejimind\u0259 \u00e7al\u0131\u015facaq.<\/p>\n<p>&#8220;Az\u0259riqaz&#8221;dan Milli.Az-a veril\u0259n m\u0259lumata g\u00f6r\u0259, bununla ba\u011fl\u0131 art\u0131q i\u015f\u00e7il\u0259rin n\u00f6vb\u0259 il\u0259 \u00e7al\u0131\u015facaqlar\u0131 qrafikl\u0259r t\u0259rtib olunub, onlar tam m\u0259lumatland\u0131r\u0131l\u0131b. Qeyd edil\u0259n tarixl\u0259rd\u0259 Birliyin Bab\u0259k prospektind\u0259 yerl\u0259\u015f\u0259n Bak\u0131 Regional Qaz\u0131n Sat\u0131\u015f\u0131 Departamentind\u0259, G\u0259nc\u0259 Regional qaz istismar\u0131 \u0130dar\u0259si v\u0259 Sumqay\u0131t Regional qaz istismar\u0131 Sah\u0259sinin inzibati binalar\u0131nda ayr\u0131lm\u0131\u015f i\u015f\u00e7il\u0259r s\u0259h\u0259r saat 09:00-dan ax\u015fam saat 18:00-d\u0259k i\u015f ba\u015f\u0131nda olacaqlar. Yaln\u0131z \u015f\u0259nb\u0259 v\u0259 bazar g\u00fcnl\u0259rind\u0259 (4-5 yanvar) xidm\u0259t saat 17:00-d\u0259k davam ed\u0259c\u0259k.<\/p>\n<p>Qeyd ed\u0259k ki, Birliyin m\u00fct\u0259x\u0259ssisl\u0259ri abonentl\u0259r\u0259 smart kartlar\u0131n verilm\u0259si il\u0259 yana\u015f\u0131, bloklanm\u0131\u015f kartlar\u0131n v\u0259 yaxud abonentin s\u0259hvi n\u0259tic\u0259sind\u0259 s\u00f6nd\u00fcr\u00fclm\u00fc\u015f say\u011faclar\u0131n (OFF rejimi) yenid\u0259n aktiv olunmas\u0131, m\u00fcqavil\u0259l\u0259rin ba\u011flanmas\u0131 kimi xidm\u0259tl\u0259ri g\u00f6st\u0259r\u0259c\u0259kl\u0259r.<\/p>\n","protected":false},"excerpt":{"rendered":"<p>&#8220;Az\u0259riqaz&#8221; \u0130stehsalat Birliyinin m\u00fc\u015ft\u0259ri xidm\u0259tl\u0259ri bayram g\u00fcnl\u0259rind\u0259 (31 dekabr &#8211; 6 yanvar) g\u00fccl\u0259ndirilmi\u015f i\u015f rejimind\u0259 \u00e7al\u0131\u015facaq. &#8220;Az\u0259riqaz&#8221;dan Milli.Az-a veril\u0259n m\u0259lumata g\u00f6r\u0259, bununla ba\u011fl\u0131 art\u0131q i\u015f\u00e7il\u0259rin n\u00f6vb\u0259 il\u0259 \u00e7al\u0131\u015facaqlar\u0131 qrafikl\u0259r t\u0259rtib olunub, onlar tam m\u0259lumatland\u0131r\u0131l\u0131b. Qeyd edil\u0259n tarixl\u0259rd\u0259 Birliyin Bab\u0259k prospektind\u0259 yerl\u0259\u015f\u0259n Bak\u0131 Regional Qaz\u0131n Sat\u0131\u015f\u0131 Departamentind\u0259, G\u0259nc\u0259 Regional qaz istismar\u0131 \u0130dar\u0259si v\u0259 Sumqay\u0131t Regional qaz istismar\u0131 Sah\u0259sinin inzibati binalar\u0131nda ayr\u0131lm\u0131\u015f i\u015f\u00e7il\u0259r s\u0259h\u0259r saat 09:00-dan ax\u015fam saat 18:00-d\u0259k i\u015f ba\u015f\u0131nda olacaqlar. Yaln\u0131z \u015f\u0259nb\u0259 v\u0259 bazar g\u00fcnl\u0259rind\u0259 (4-5 yanvar) xidm\u0259t saat 17:00-d\u0259k davam ed\u0259c\u0259k. Qeyd ed\u0259k ki, Birliyin m\u00fct\u0259x\u0259ssisl\u0259ri abonentl\u0259r\u0259 smart kartlar\u0131n&hellip;<\/p>\n","protected":false},"author":2,"featured_media":111293,"comment_status":"closed","ping_status":"closed","sticky":false,"template":"","format":"standard","meta":{"om_disable_all_campaigns":false,"_monsterinsights_skip_tracking":false,"_monsterinsights_sitenote_active":false,"_monsterinsights_sitenote_note":"","_monsterinsights_sitenote_category":0},"categories":[1],"tags":[],"aioseo_notices":[],"gutentor_comment":0,"rttpg_featured_image_url":{"full":["https:\/\/arantv.az\/wp-content\/uploads\/2019\/12\/813044.jpg",800,600,false],"landscape":["https:\/\/arantv.az\/wp-content\/uploads\/2019\/12\/813044.jpg",800,600,false],"portraits":["https:\/\/arantv.az\/wp-content\/uploads\/2019\/12\/813044.jpg",800,600,false],"thumbnail":["https:\/\/arantv.az\/wp-content\/uploads\/2019\/12\/813044-150x150.jpg",150,150,true],"medium":["https:\/\/arantv.az\/wp-content\/uploads\/2019\/12\/813044-300x225.jpg",300,225,true],"large":["https:\/\/arantv.az\/wp-content\/uploads\/2019\/12\/813044.jpg",640,480,false],"1536x1536":["https:\/\/arantv.az\/wp-content\/uploads\/2019\/12\/813044.jpg",800,600,false],"2048x2048":["https:\/\/arantv.az\/wp-content\/uploads\/2019\/12\/813044.jpg",800,600,false],"post-thumbnail":["https:\/\/arantv.az\/wp-content\/uploads\/2019\/12\/813044-240x172.jpg",240,172,true],"advps-thumb-one":["https:\/\/arantv.az\/wp-content\/uploads\/2019\/12\/813044.jpg",800,600,false]},"rttpg_author":{"display_name":"V\u00fcsal Rafiqo\u011flu","author_link":"https:\/\/arantv.az\/?author=2"},"rttpg_comment":0,"rttpg_category":"<a href=\"https:\/\/arantv.az\/?cat=1\" rel=\"category\">C\u0259miyy\u0259t<\/a>","rttpg_excerpt":"&#8220;Az\u0259riqaz&#8221; \u0130stehsalat Birliyinin m\u00fc\u015ft\u0259ri xidm\u0259tl\u0259ri bayram g\u00fcnl\u0259rind\u0259 (31 dekabr &#8211; 6 yanvar) g\u00fccl\u0259ndirilmi\u015f i\u015f rejimind\u0259 \u00e7al\u0131\u015facaq. &#8220;Az\u0259riqaz&#8221;dan Milli.Az-a veril\u0259n m\u0259lumata g\u00f6r\u0259, bununla ba\u011fl\u0131 art\u0131q i\u015f\u00e7il\u0259rin n\u00f6vb\u0259 il\u0259 \u00e7al\u0131\u015facaqlar\u0131 qrafikl\u0259r t\u0259rtib olunub, onlar tam m\u0259lumatland\u0131r\u0131l\u0131b. Qeyd edil\u0259n tarixl\u0259rd\u0259 Birliyin Bab\u0259k prospektind\u0259 yerl\u0259\u015f\u0259n Bak\u0131 Regional Qaz\u0131n Sat\u0131\u015f\u0131 Departamentind\u0259, G\u0259nc\u0259 Regional qaz istismar\u0131 \u0130dar\u0259si v\u0259 Sumqay\u0131t Regional qaz&hellip;","_links":{"self":[{"href":"https:\/\/arantv.az\/index.php?rest_route=\/wp\/v2\/posts\/111292"}],"collection":[{"href":"https:\/\/arantv.az\/index.php?rest_route=\/wp\/v2\/posts"}],"about":[{"href":"https:\/\/arantv.az\/index.php?rest_route=\/wp\/v2\/types\/post"}],"author":[{"embeddable":true,"href":"https:\/\/arantv.az\/index.php?rest_route=\/wp\/v2\/users\/2"}],"replies":[{"embeddable":true,"href":"https:\/\/arantv.az\/index.php?rest_route=%2Fwp%2Fv2%2Fcomments&post=111292"}],"version-history":[{"count":0,"href":"https:\/\/arantv.az\/index.php?rest_route=\/wp\/v2\/posts\/111292\/revisions"}],"wp:featuredmedia":[{"embeddable":true,"href":"https:\/\/arantv.az\/index.php?rest_route=\/wp\/v2\/media\/111293"}],"wp:attachment":[{"href":"https:\/\/arantv.az\/index.php?rest_route=%2Fwp%2Fv2%2Fmedia&parent=111292"}],"wp:term":[{"taxonomy":"category","embeddable":true,"href":"https:\/\/arantv.az\/index.php?rest_route=%2Fwp%2Fv2%2Fcategories&post=111292"},{"taxonomy":"post_tag","embeddable":true,"href":"https:\/\/arantv.az\/index.php?rest_route=%2Fwp%2Fv2%2Ftags&post=111292"}],"curies":[{"name":"wp","href":"https:\/\/api.w.org\/{rel}","templated":true}]}}