{"id":111300,"date":"2019-12-24T16:30:50","date_gmt":"2019-12-24T13:30:50","guid":{"rendered":"http:\/\/arantv.az\/?p=111300"},"modified":"2019-12-24T16:30:50","modified_gmt":"2019-12-24T13:30:50","slug":"zelenski-ilham-%c9%99liyevi-t%c9%99brik-etdi","status":"publish","type":"post","link":"https:\/\/arantv.az\/?p=111300","title":{"rendered":"Zelenski \u0130lham \u018fliyevi t\u0259brik etdi"},"content":{"rendered":"<p>Ukraynan\u0131n Prezidenti Vladimir Zelenski Az\u0259rbaycan Respublikas\u0131n\u0131n Prezidenti \u0130lham \u018fliyev\u0259 t\u0259brik m\u0259ktubu \u00fcnvanlay\u0131b.<\/p>\n<p><strong>ARANTV.AZ\u00a0<\/strong> x\u0259b\u0259r verir ki, m\u0259ktubda deyilir:<\/p>\n<p>\u201cZati-alil\u0259ri.<\/p>\n<p>Ad g\u00fcn\u00fcn\u00fcz m\u00fcnasib\u0259til\u0259 \u0259n s\u0259mimi t\u0259brikl\u0259rimi q\u0259bul edin.<\/p>\n<p>Bu yax\u0131nlarda qonaqp\u0259rv\u0259r Bak\u0131ya s\u0259f\u0259rim zaman\u0131 m\u0259n \u00f6lk\u0259nizin inki\u015faf\u0131, xalq\u0131n\u0131z\u0131n h\u0259yat s\u0259viyy\u0259sinin y\u00fcks\u0259lm\u0259si v\u0259 Az\u0259rbaycan\u0131n beyn\u0259lxalq n\u00fcfuzunun m\u00f6hk\u0259ml\u0259nm\u0259sin\u0259 \u015f\u0259xs\u0259n Sizin n\u0259 q\u0259d\u0259r \u00e7ox s\u0259y g\u00f6st\u0259rdiyinizin \u015fahidi oldum.<\/p>\n<p>Ukrayna v\u0259 Az\u0259rbaycan Respublikas\u0131 aras\u0131nda strateji t\u0259r\u0259fda\u015fl\u0131\u011f\u0131n g\u0259l\u0259c\u0259k inki\u015faf\u0131na qar\u015f\u0131l\u0131ql\u0131 maraqlar\u0131n, el\u0259c\u0259 d\u0259 s\u0259m\u0259r\u0259li \u0259m\u0259kda\u015fl\u0131\u011f\u0131m\u0131z\u0131n d\u0259rinl\u0259\u015fdirilm\u0259si \u00fc\u00e7\u00fcn geni\u015f imkanlar\u0131n oldu\u011funu t\u0259sdiq etmi\u015f dan\u0131\u015f\u0131qlar\u0131m\u0131z\u0131n dostluq ab-havas\u0131n\u0131 m\u0259mnunluqla xat\u0131rlay\u0131ram.<\/p>\n<p>\u0130nan\u0131ram ki, dan\u0131\u015f\u0131qlar zaman\u0131 \u0259ld\u0259 etdiyimiz n\u0259tic\u0259l\u0259rin u\u011furla h\u0259yata ke\u00e7irilm\u0259si m\u00fcnasib\u0259tl\u0259rimizin keyfiyy\u0259tc\u0259 yeni s\u0259viyy\u0259y\u0259 y\u00fcks\u0259lm\u0259sin\u0259 t\u0259sir ed\u0259c\u0259k.<\/p>\n<p>Bu xo\u015f f\u00fcrs\u0259td\u0259n istifad\u0259 ed\u0259r\u0259k, Sizin \u00fc\u00e7\u00fcn m\u00fcnasib vaxtda, Zati-alinizi Ukraynaya r\u0259smi s\u0259f\u0259r\u0259 d\u0259v\u0259t etm\u0259k ist\u0259rdim.<\/p>\n<p>\u018fmin\u0259m ki, Sizin Ukraynaya g\u0259l\u0259c\u0259k s\u0259f\u0259riniz Ukrayna-Az\u0259rbaycan t\u0259r\u0259fda\u015fl\u0131\u011f\u0131nda \u0259ld\u0259 etdiyimiz yeni nailiyy\u0259tl\u0259rin m\u00f6hk\u0259ml\u0259nm\u0259sin\u0259 imkan yaradacaq.<\/p>\n<p>Zati-alil\u0259ri, Siz\u0259 t\u00fck\u0259nm\u0259z enerji, m\u00f6hk\u0259m cansa\u011fl\u0131\u011f\u0131 v\u0259 ali d\u00f6vl\u0259ti f\u0259aliyy\u0259tinizd\u0259 m\u00fcv\u0259ff\u0259qiyy\u0259tl\u0259r arzu edir\u0259m\u201d.AZ\u018fRTAC<\/p>\n","protected":false},"excerpt":{"rendered":"<p>Ukraynan\u0131n Prezidenti Vladimir Zelenski Az\u0259rbaycan Respublikas\u0131n\u0131n Prezidenti \u0130lham \u018fliyev\u0259 t\u0259brik m\u0259ktubu \u00fcnvanlay\u0131b. ARANTV.AZ\u00a0 x\u0259b\u0259r verir ki, m\u0259ktubda deyilir: \u201cZati-alil\u0259ri. Ad g\u00fcn\u00fcn\u00fcz m\u00fcnasib\u0259til\u0259 \u0259n s\u0259mimi t\u0259brikl\u0259rimi q\u0259bul edin. Bu yax\u0131nlarda qonaqp\u0259rv\u0259r Bak\u0131ya s\u0259f\u0259rim zaman\u0131 m\u0259n \u00f6lk\u0259nizin inki\u015faf\u0131, xalq\u0131n\u0131z\u0131n h\u0259yat s\u0259viyy\u0259sinin y\u00fcks\u0259lm\u0259si v\u0259 Az\u0259rbaycan\u0131n beyn\u0259lxalq n\u00fcfuzunun m\u00f6hk\u0259ml\u0259nm\u0259sin\u0259 \u015f\u0259xs\u0259n Sizin n\u0259 q\u0259d\u0259r \u00e7ox s\u0259y g\u00f6st\u0259rdiyinizin \u015fahidi oldum. Ukrayna v\u0259 Az\u0259rbaycan Respublikas\u0131 aras\u0131nda strateji t\u0259r\u0259fda\u015fl\u0131\u011f\u0131n g\u0259l\u0259c\u0259k inki\u015faf\u0131na qar\u015f\u0131l\u0131ql\u0131 maraqlar\u0131n, el\u0259c\u0259 d\u0259 s\u0259m\u0259r\u0259li \u0259m\u0259kda\u015fl\u0131\u011f\u0131m\u0131z\u0131n d\u0259rinl\u0259\u015fdirilm\u0259si \u00fc\u00e7\u00fcn geni\u015f imkanlar\u0131n oldu\u011funu t\u0259sdiq etmi\u015f dan\u0131\u015f\u0131qlar\u0131m\u0131z\u0131n dostluq ab-havas\u0131n\u0131 m\u0259mnunluqla xat\u0131rlay\u0131ram. \u0130nan\u0131ram ki, dan\u0131\u015f\u0131qlar zaman\u0131 \u0259ld\u0259 etdiyimiz n\u0259tic\u0259l\u0259rin u\u011furla h\u0259yata&hellip;<\/p>\n","protected":false},"author":2,"featured_media":111301,"comment_status":"closed","ping_status":"closed","sticky":false,"template":"","format":"standard","meta":{"om_disable_all_campaigns":false,"_monsterinsights_skip_tracking":false,"_monsterinsights_sitenote_active":false,"_monsterinsights_sitenote_note":"","_monsterinsights_sitenote_category":0},"categories":[4],"tags":[],"aioseo_notices":[],"gutentor_comment":0,"rttpg_featured_image_url":{"full":["https:\/\/arantv.az\/wp-content\/uploads\/2019\/12\/15765808505707225073_1000x669.jpg",620,431,false],"landscape":["https:\/\/arantv.az\/wp-content\/uploads\/2019\/12\/15765808505707225073_1000x669.jpg",620,431,false],"portraits":["https:\/\/arantv.az\/wp-content\/uploads\/2019\/12\/15765808505707225073_1000x669.jpg",620,431,false],"thumbnail":["https:\/\/arantv.az\/wp-content\/uploads\/2019\/12\/15765808505707225073_1000x669-150x150.jpg",150,150,true],"medium":["https:\/\/arantv.az\/wp-content\/uploads\/2019\/12\/15765808505707225073_1000x669-300x209.jpg",300,209,true],"large":["https:\/\/arantv.az\/wp-content\/uploads\/2019\/12\/15765808505707225073_1000x669.jpg",620,431,false],"1536x1536":["https:\/\/arantv.az\/wp-content\/uploads\/2019\/12\/15765808505707225073_1000x669.jpg",620,431,false],"2048x2048":["https:\/\/arantv.az\/wp-content\/uploads\/2019\/12\/15765808505707225073_1000x669.jpg",620,431,false],"post-thumbnail":["https:\/\/arantv.az\/wp-content\/uploads\/2019\/12\/15765808505707225073_1000x669-240x172.jpg",240,172,true],"advps-thumb-one":["https:\/\/arantv.az\/wp-content\/uploads\/2019\/12\/15765808505707225073_1000x669.jpg",620,431,false]},"rttpg_author":{"display_name":"V\u00fcsal Rafiqo\u011flu","author_link":"https:\/\/arantv.az\/?author=2"},"rttpg_comment":0,"rttpg_category":"<a href=\"https:\/\/arantv.az\/?cat=4\" rel=\"category\">Siyas\u0259t<\/a>","rttpg_excerpt":"Ukraynan\u0131n Prezidenti Vladimir Zelenski Az\u0259rbaycan Respublikas\u0131n\u0131n Prezidenti \u0130lham \u018fliyev\u0259 t\u0259brik m\u0259ktubu \u00fcnvanlay\u0131b. ARANTV.AZ\u00a0 x\u0259b\u0259r verir ki, m\u0259ktubda deyilir: \u201cZati-alil\u0259ri. Ad g\u00fcn\u00fcn\u00fcz m\u00fcnasib\u0259til\u0259 \u0259n s\u0259mimi t\u0259brikl\u0259rimi q\u0259bul edin. Bu yax\u0131nlarda qonaqp\u0259rv\u0259r Bak\u0131ya s\u0259f\u0259rim zaman\u0131 m\u0259n \u00f6lk\u0259nizin inki\u015faf\u0131, xalq\u0131n\u0131z\u0131n h\u0259yat s\u0259viyy\u0259sinin y\u00fcks\u0259lm\u0259si v\u0259 Az\u0259rbaycan\u0131n beyn\u0259lxalq n\u00fcfuzunun m\u00f6hk\u0259ml\u0259nm\u0259sin\u0259 \u015f\u0259xs\u0259n Sizin n\u0259 q\u0259d\u0259r \u00e7ox s\u0259y g\u00f6st\u0259rdiyinizin \u015fahidi oldum. Ukrayna&hellip;","_links":{"self":[{"href":"https:\/\/arantv.az\/index.php?rest_route=\/wp\/v2\/posts\/111300"}],"collection":[{"href":"https:\/\/arantv.az\/index.php?rest_route=\/wp\/v2\/posts"}],"about":[{"href":"https:\/\/arantv.az\/index.php?rest_route=\/wp\/v2\/types\/post"}],"author":[{"embeddable":true,"href":"https:\/\/arantv.az\/index.php?rest_route=\/wp\/v2\/users\/2"}],"replies":[{"embeddable":true,"href":"https:\/\/arantv.az\/index.php?rest_route=%2Fwp%2Fv2%2Fcomments&post=111300"}],"version-history":[{"count":0,"href":"https:\/\/arantv.az\/index.php?rest_route=\/wp\/v2\/posts\/111300\/revisions"}],"wp:featuredmedia":[{"embeddable":true,"href":"https:\/\/arantv.az\/index.php?rest_route=\/wp\/v2\/media\/111301"}],"wp:attachment":[{"href":"https:\/\/arantv.az\/index.php?rest_route=%2Fwp%2Fv2%2Fmedia&parent=111300"}],"wp:term":[{"taxonomy":"category","embeddable":true,"href":"https:\/\/arantv.az\/index.php?rest_route=%2Fwp%2Fv2%2Fcategories&post=111300"},{"taxonomy":"post_tag","embeddable":true,"href":"https:\/\/arantv.az\/index.php?rest_route=%2Fwp%2Fv2%2Ftags&post=111300"}],"curies":[{"name":"wp","href":"https:\/\/api.w.org\/{rel}","templated":true}]}}