{"id":113153,"date":"2019-12-28T15:10:21","date_gmt":"2019-12-28T12:10:21","guid":{"rendered":"http:\/\/arantv.az\/?p=113153"},"modified":"2019-12-28T15:10:21","modified_gmt":"2019-12-28T12:10:21","slug":"amea-da-i-vitse-prezidentl%c9%99r%c9%99-v%c9%99-vitse-prezidentl%c9%99r%c9%99-kom%c9%99kci-statlari-ayrilacaq","status":"publish","type":"post","link":"https:\/\/arantv.az\/?p=113153","title":{"rendered":"AMEA-da I vitse-prezidentl\u0259r\u0259 v\u0259 vitse-prezidentl\u0259r\u0259 k\u00f6m\u0259k\u00e7i \u015ftatlar\u0131 ayr\u0131lacaq"},"content":{"rendered":"<blockquote><p><em><strong>AMEA-n\u0131n yeni Nizamnam\u0259si Akademiyada sahibkarl\u0131q v\u0259 innovasiya f\u0259aliyy\u0259tinin geni\u015fl\u0259nm\u0259sin\u0259 imkan yaradacaq.<\/strong><\/em><\/p><\/blockquote>\n<p><strong>ARANTV.AZ<\/strong>\u00a0\u00a0<a href=\"https:\/\/az.trend.az\/\" target=\"_blank\" rel=\"noopener\">Trend<\/a>-\u0259 istinad\u0259n x\u0259b\u0259r verir ki, bunu AMEA-n\u0131n vitse-prezidenti \u0130sa H\u0259bibb\u0259yli Akademiyan\u0131n \u00dcmumi y\u0131\u011f\u0131nca\u011f\u0131nda \u00e7\u0131x\u0131\u015f\u0131 zaman\u0131 bildirib.<\/p>\n<p>Onun s\u00f6zl\u0259rin\u0259 g\u00f6r\u0259, yeni nizamnam\u0259 Akademiyan\u0131n bundan sonrak\u0131 f\u0259aliyy\u0259tini d\u0259 stimulla\u015fd\u0131rmaq imkanlar\u0131na malikdir: &#8220;Art\u0131q bir ne\u00e7\u0259 ildir ki, AMEA R\u0259yas\u0259t Hey\u0259tinin v\u0259sat\u0259ti \u0259sas\u0131nda, \u00f6lk\u0259 Prezidentinin raz\u0131l\u0131\u011f\u0131 v\u0259 Nazirl\u0259r Kabinetinin q\u0259rar\u0131 il\u0259 Akademiyada yeni qurumlar yarad\u0131l\u0131r. Amma bu m\u0259s\u0259l\u0259l\u0259r h\u00fcquqi c\u0259h\u0259td\u0259n \u0259vv\u0259lki Nizamnam\u0259d\u0259 \u00f6z \u0259ksini tapmay\u0131b. Yeni Nizamnam\u0259d\u0259 elmi m\u00fc\u0259ssis\u0259l\u0259rin, m\u0259rk\u0259zl\u0259rin, sosial xidm\u0259t v\u0259 xidm\u0259t m\u0259rk\u0259zl\u0259rinin sah\u0259l\u0259rinin yarad\u0131lmas\u0131 v\u0259 f\u0259aliyy\u0259tl\u0259rinin stimulla\u015fd\u0131r\u0131lmas\u0131, l\u0259\u011fvi il\u0259 ba\u011fl\u0131 m\u00fcdd\u0259alar \u00f6z \u0259ksini tap\u0131b&#8221;.<\/p>\n<p>\u0130.H\u0259bibb\u0259yli qeyd edib ki, indiy\u0259d\u0259k elmi b\u00f6lm\u0259l\u0259r h\u0259m akademik katibl\u0259r, h\u0259m d\u0259 h\u0259min b\u00f6lm\u0259y\u0259 kuratorluq ed\u0259n vitse-prezidentl\u0259r t\u0259r\u0259find\u0259n idar\u0259 olunurdu: &#8220;Akademiyan\u0131n yeni Nizamnam\u0259sind\u0259 is\u0259 elmi b\u00f6lm\u0259l\u0259r\u0259 r\u0259hb\u0259rlik h\u0259min b\u00f6lm\u0259l\u0259r\u0259 kuratorluq ed\u0259n vitse-prezidentl\u0259r\u0259 h\u0259val\u0259 edilib. Vitse-prezidentl\u0259r Akademiyan\u0131n b\u00f6lm\u0259l\u0259rinin s\u0259drl\u0259ri olacaqlar. Bununla \u0259laq\u0259dar I vitse-prezident v\u0259 vitse-prezidentl\u0259r\u0259 k\u00f6m\u0259k\u00e7i \u015ftatlar\u0131 da ayr\u0131lacaq&#8221;.<\/p>\n","protected":false},"excerpt":{"rendered":"<p>AMEA-n\u0131n yeni Nizamnam\u0259si Akademiyada sahibkarl\u0131q v\u0259 innovasiya f\u0259aliyy\u0259tinin geni\u015fl\u0259nm\u0259sin\u0259 imkan yaradacaq. ARANTV.AZ\u00a0\u00a0Trend-\u0259 istinad\u0259n x\u0259b\u0259r verir ki, bunu AMEA-n\u0131n vitse-prezidenti \u0130sa H\u0259bibb\u0259yli Akademiyan\u0131n \u00dcmumi y\u0131\u011f\u0131nca\u011f\u0131nda \u00e7\u0131x\u0131\u015f\u0131 zaman\u0131 bildirib. Onun s\u00f6zl\u0259rin\u0259 g\u00f6r\u0259, yeni nizamnam\u0259 Akademiyan\u0131n bundan sonrak\u0131 f\u0259aliyy\u0259tini d\u0259 stimulla\u015fd\u0131rmaq imkanlar\u0131na malikdir: &#8220;Art\u0131q bir ne\u00e7\u0259 ildir ki, AMEA R\u0259yas\u0259t Hey\u0259tinin v\u0259sat\u0259ti \u0259sas\u0131nda, \u00f6lk\u0259 Prezidentinin raz\u0131l\u0131\u011f\u0131 v\u0259 Nazirl\u0259r Kabinetinin q\u0259rar\u0131 il\u0259 Akademiyada yeni qurumlar yarad\u0131l\u0131r. Amma bu m\u0259s\u0259l\u0259l\u0259r h\u00fcquqi c\u0259h\u0259td\u0259n \u0259vv\u0259lki Nizamnam\u0259d\u0259 \u00f6z \u0259ksini tapmay\u0131b. Yeni Nizamnam\u0259d\u0259 elmi m\u00fc\u0259ssis\u0259l\u0259rin, m\u0259rk\u0259zl\u0259rin, sosial xidm\u0259t v\u0259 xidm\u0259t m\u0259rk\u0259zl\u0259rinin sah\u0259l\u0259rinin yarad\u0131lmas\u0131 v\u0259 f\u0259aliyy\u0259tl\u0259rinin stimulla\u015fd\u0131r\u0131lmas\u0131, l\u0259\u011fvi il\u0259 ba\u011fl\u0131&hellip;<\/p>\n","protected":false},"author":2,"featured_media":113154,"comment_status":"closed","ping_status":"closed","sticky":false,"template":"","format":"standard","meta":{"om_disable_all_campaigns":false,"_monsterinsights_skip_tracking":false,"_monsterinsights_sitenote_active":false,"_monsterinsights_sitenote_note":"","_monsterinsights_sitenote_category":0},"categories":[1],"tags":[],"aioseo_notices":[],"gutentor_comment":0,"rttpg_featured_image_url":{"full":["https:\/\/arantv.az\/wp-content\/uploads\/2019\/12\/amea_0254.jpg",800,600,false],"landscape":["https:\/\/arantv.az\/wp-content\/uploads\/2019\/12\/amea_0254.jpg",800,600,false],"portraits":["https:\/\/arantv.az\/wp-content\/uploads\/2019\/12\/amea_0254.jpg",800,600,false],"thumbnail":["https:\/\/arantv.az\/wp-content\/uploads\/2019\/12\/amea_0254-150x150.jpg",150,150,true],"medium":["https:\/\/arantv.az\/wp-content\/uploads\/2019\/12\/amea_0254-300x225.jpg",300,225,true],"large":["https:\/\/arantv.az\/wp-content\/uploads\/2019\/12\/amea_0254.jpg",640,480,false],"1536x1536":["https:\/\/arantv.az\/wp-content\/uploads\/2019\/12\/amea_0254.jpg",800,600,false],"2048x2048":["https:\/\/arantv.az\/wp-content\/uploads\/2019\/12\/amea_0254.jpg",800,600,false],"post-thumbnail":["https:\/\/arantv.az\/wp-content\/uploads\/2019\/12\/amea_0254-240x172.jpg",240,172,true],"advps-thumb-one":["https:\/\/arantv.az\/wp-content\/uploads\/2019\/12\/amea_0254.jpg",800,600,false]},"rttpg_author":{"display_name":"V\u00fcsal Rafiqo\u011flu","author_link":"https:\/\/arantv.az\/?author=2"},"rttpg_comment":0,"rttpg_category":"<a href=\"https:\/\/arantv.az\/?cat=1\" rel=\"category\">C\u0259miyy\u0259t<\/a>","rttpg_excerpt":"AMEA-n\u0131n yeni Nizamnam\u0259si Akademiyada sahibkarl\u0131q v\u0259 innovasiya f\u0259aliyy\u0259tinin geni\u015fl\u0259nm\u0259sin\u0259 imkan yaradacaq. ARANTV.AZ\u00a0\u00a0Trend-\u0259 istinad\u0259n x\u0259b\u0259r verir ki, bunu AMEA-n\u0131n vitse-prezidenti \u0130sa H\u0259bibb\u0259yli Akademiyan\u0131n \u00dcmumi y\u0131\u011f\u0131nca\u011f\u0131nda \u00e7\u0131x\u0131\u015f\u0131 zaman\u0131 bildirib. Onun s\u00f6zl\u0259rin\u0259 g\u00f6r\u0259, yeni nizamnam\u0259 Akademiyan\u0131n bundan sonrak\u0131 f\u0259aliyy\u0259tini d\u0259 stimulla\u015fd\u0131rmaq imkanlar\u0131na malikdir: &#8220;Art\u0131q bir ne\u00e7\u0259 ildir ki, AMEA R\u0259yas\u0259t Hey\u0259tinin v\u0259sat\u0259ti \u0259sas\u0131nda, \u00f6lk\u0259 Prezidentinin raz\u0131l\u0131\u011f\u0131 v\u0259 Nazirl\u0259r&hellip;","_links":{"self":[{"href":"https:\/\/arantv.az\/index.php?rest_route=\/wp\/v2\/posts\/113153"}],"collection":[{"href":"https:\/\/arantv.az\/index.php?rest_route=\/wp\/v2\/posts"}],"about":[{"href":"https:\/\/arantv.az\/index.php?rest_route=\/wp\/v2\/types\/post"}],"author":[{"embeddable":true,"href":"https:\/\/arantv.az\/index.php?rest_route=\/wp\/v2\/users\/2"}],"replies":[{"embeddable":true,"href":"https:\/\/arantv.az\/index.php?rest_route=%2Fwp%2Fv2%2Fcomments&post=113153"}],"version-history":[{"count":0,"href":"https:\/\/arantv.az\/index.php?rest_route=\/wp\/v2\/posts\/113153\/revisions"}],"wp:featuredmedia":[{"embeddable":true,"href":"https:\/\/arantv.az\/index.php?rest_route=\/wp\/v2\/media\/113154"}],"wp:attachment":[{"href":"https:\/\/arantv.az\/index.php?rest_route=%2Fwp%2Fv2%2Fmedia&parent=113153"}],"wp:term":[{"taxonomy":"category","embeddable":true,"href":"https:\/\/arantv.az\/index.php?rest_route=%2Fwp%2Fv2%2Fcategories&post=113153"},{"taxonomy":"post_tag","embeddable":true,"href":"https:\/\/arantv.az\/index.php?rest_route=%2Fwp%2Fv2%2Ftags&post=113153"}],"curies":[{"name":"wp","href":"https:\/\/api.w.org\/{rel}","templated":true}]}}