{"id":113169,"date":"2019-12-28T15:29:58","date_gmt":"2019-12-28T12:29:58","guid":{"rendered":"http:\/\/arantv.az\/?p=113169"},"modified":"2019-12-28T15:29:58","modified_gmt":"2019-12-28T12:29:58","slug":"az%c9%99rbaycanda-meyiti-tapilan-33-yasli-idmancinin-fotosu","status":"publish","type":"post","link":"https:\/\/arantv.az\/?p=113169","title":{"rendered":"Az\u0259rbaycanda meyiti tap\u0131lan 33 ya\u015fl\u0131 idman\u00e7\u0131n\u0131n FOTOSU"},"content":{"rendered":"<p><strong>\u0130mi\u015fli rayonunda 33 ya\u015fl\u0131 ki\u015finin d\u0259m qaz\u0131ndan bo\u011fularaq \u00f6lm\u0259si bar\u0259d\u0259 m\u0259lumat vermi\u015fdik.<\/strong><\/p>\n<p><b>ARANTV.AZ\u00a0<\/b>x\u0259b\u0259r verir ki, \u0130mi\u015fli \u015f\u0259h\u0259ri Heyd\u0259r \u018fliyev prospektind\u0259 ya\u015fad\u0131\u011f\u0131 evd\u0259 d\u0259m qaz\u0131ndan bo\u011fularaq \u00f6l\u0259n 1986-c\u0131 il t\u0259v\u0259ll\u00fcdl\u00fc C\u0259f\u0259rov \u018fli \u015eakir o\u011flu idman\u00e7\u0131 olub.<\/p>\n<p>Qeyd ed\u0259k ki, \u018fli C\u0259f\u0259rovun meyitini ail\u0259 \u00fczvl\u0259ri a\u015fkarlay\u0131blar. Tibbi yard\u0131m \u00e7a\u011f\u0131r\u0131lsa da, art\u0131q gec olub.<\/p>\n<div class=\"row\">\n<div class=\"post single\">\n<div class=\"post_content page_margin_top_section clearfix\">\n<div class=\"content_box\">\n<div class=\"text\">\n<p>&nbsp;<\/p>\n<\/div>\n<\/div>\n<\/div>\n<div class=\"social_like\">\n<div>\n<div class=\"fb-like fb_iframe_widget\" data-href=\"\" data-layout=\"button_count\" data-action=\"recommend\" data-size=\"small\" data-show-faces=\"false\" data-share=\"false\"><\/div>\n<\/div>\n<div><\/div>\n<\/div>\n<\/div>\n<\/div>\n<div class=\"row page_margin_top\">\n<div id=\"news_media_gallery\" class=\"eagle-gallery img600 in as1\">\n<div class=\"eagle-medium-wrap\"><a class=\"eagle-view-medium-img\"><img src=\"https:\/\/publika.az\/storage\/2019\/12\/28\/gggfff.jpg\" alt=\"\" \/><\/a><\/div>\n<div>Publika.az<\/div>\n<\/div>\n<\/div>\n","protected":false},"excerpt":{"rendered":"<p>\u0130mi\u015fli rayonunda 33 ya\u015fl\u0131 ki\u015finin d\u0259m qaz\u0131ndan bo\u011fularaq \u00f6lm\u0259si bar\u0259d\u0259 m\u0259lumat vermi\u015fdik. ARANTV.AZ\u00a0x\u0259b\u0259r verir ki, \u0130mi\u015fli \u015f\u0259h\u0259ri Heyd\u0259r \u018fliyev prospektind\u0259 ya\u015fad\u0131\u011f\u0131 evd\u0259 d\u0259m qaz\u0131ndan bo\u011fularaq \u00f6l\u0259n 1986-c\u0131 il t\u0259v\u0259ll\u00fcdl\u00fc C\u0259f\u0259rov \u018fli \u015eakir o\u011flu idman\u00e7\u0131 olub. Qeyd ed\u0259k ki, \u018fli C\u0259f\u0259rovun meyitini ail\u0259 \u00fczvl\u0259ri a\u015fkarlay\u0131blar. Tibbi yard\u0131m \u00e7a\u011f\u0131r\u0131lsa da, art\u0131q gec olub. &nbsp; Publika.az<\/p>\n","protected":false},"author":2,"featured_media":113170,"comment_status":"closed","ping_status":"closed","sticky":false,"template":"","format":"standard","meta":{"om_disable_all_campaigns":false,"_monsterinsights_skip_tracking":false,"_monsterinsights_sitenote_active":false,"_monsterinsights_sitenote_note":"","_monsterinsights_sitenote_category":0},"categories":[5],"tags":[],"aioseo_notices":[],"gutentor_comment":0,"rttpg_featured_image_url":{"full":["https:\/\/arantv.az\/wp-content\/uploads\/2019\/12\/meyit-3.jpg",800,450,false],"landscape":["https:\/\/arantv.az\/wp-content\/uploads\/2019\/12\/meyit-3.jpg",800,450,false],"portraits":["https:\/\/arantv.az\/wp-content\/uploads\/2019\/12\/meyit-3.jpg",800,450,false],"thumbnail":["https:\/\/arantv.az\/wp-content\/uploads\/2019\/12\/meyit-3-150x150.jpg",150,150,true],"medium":["https:\/\/arantv.az\/wp-content\/uploads\/2019\/12\/meyit-3-300x169.jpg",300,169,true],"large":["https:\/\/arantv.az\/wp-content\/uploads\/2019\/12\/meyit-3.jpg",640,360,false],"1536x1536":["https:\/\/arantv.az\/wp-content\/uploads\/2019\/12\/meyit-3.jpg",800,450,false],"2048x2048":["https:\/\/arantv.az\/wp-content\/uploads\/2019\/12\/meyit-3.jpg",800,450,false],"post-thumbnail":["https:\/\/arantv.az\/wp-content\/uploads\/2019\/12\/meyit-3-240x172.jpg",240,172,true],"advps-thumb-one":["https:\/\/arantv.az\/wp-content\/uploads\/2019\/12\/meyit-3.jpg",800,450,false]},"rttpg_author":{"display_name":"V\u00fcsal Rafiqo\u011flu","author_link":"https:\/\/arantv.az\/?author=2"},"rttpg_comment":0,"rttpg_category":"<a href=\"https:\/\/arantv.az\/?cat=5\" rel=\"category\">Hadis\u0259<\/a>","rttpg_excerpt":"\u0130mi\u015fli rayonunda 33 ya\u015fl\u0131 ki\u015finin d\u0259m qaz\u0131ndan bo\u011fularaq \u00f6lm\u0259si bar\u0259d\u0259 m\u0259lumat vermi\u015fdik. ARANTV.AZ\u00a0x\u0259b\u0259r verir ki, \u0130mi\u015fli \u015f\u0259h\u0259ri Heyd\u0259r \u018fliyev prospektind\u0259 ya\u015fad\u0131\u011f\u0131 evd\u0259 d\u0259m qaz\u0131ndan bo\u011fularaq \u00f6l\u0259n 1986-c\u0131 il t\u0259v\u0259ll\u00fcdl\u00fc C\u0259f\u0259rov \u018fli \u015eakir o\u011flu idman\u00e7\u0131 olub. Qeyd ed\u0259k ki, \u018fli C\u0259f\u0259rovun meyitini ail\u0259 \u00fczvl\u0259ri a\u015fkarlay\u0131blar. Tibbi yard\u0131m \u00e7a\u011f\u0131r\u0131lsa da, art\u0131q gec olub. &nbsp; Publika.az","_links":{"self":[{"href":"https:\/\/arantv.az\/index.php?rest_route=\/wp\/v2\/posts\/113169"}],"collection":[{"href":"https:\/\/arantv.az\/index.php?rest_route=\/wp\/v2\/posts"}],"about":[{"href":"https:\/\/arantv.az\/index.php?rest_route=\/wp\/v2\/types\/post"}],"author":[{"embeddable":true,"href":"https:\/\/arantv.az\/index.php?rest_route=\/wp\/v2\/users\/2"}],"replies":[{"embeddable":true,"href":"https:\/\/arantv.az\/index.php?rest_route=%2Fwp%2Fv2%2Fcomments&post=113169"}],"version-history":[{"count":0,"href":"https:\/\/arantv.az\/index.php?rest_route=\/wp\/v2\/posts\/113169\/revisions"}],"wp:featuredmedia":[{"embeddable":true,"href":"https:\/\/arantv.az\/index.php?rest_route=\/wp\/v2\/media\/113170"}],"wp:attachment":[{"href":"https:\/\/arantv.az\/index.php?rest_route=%2Fwp%2Fv2%2Fmedia&parent=113169"}],"wp:term":[{"taxonomy":"category","embeddable":true,"href":"https:\/\/arantv.az\/index.php?rest_route=%2Fwp%2Fv2%2Fcategories&post=113169"},{"taxonomy":"post_tag","embeddable":true,"href":"https:\/\/arantv.az\/index.php?rest_route=%2Fwp%2Fv2%2Ftags&post=113169"}],"curies":[{"name":"wp","href":"https:\/\/api.w.org\/{rel}","templated":true}]}}