{"id":113173,"date":"2019-12-28T15:31:11","date_gmt":"2019-12-28T12:31:11","guid":{"rendered":"http:\/\/arantv.az\/?p=113173"},"modified":"2019-12-28T15:31:11","modified_gmt":"2019-12-28T12:31:11","slug":"turkiy%c9%99nin-yerli-avtomobili-az%c9%99rbaycana-g%c9%99tiril%c9%99c%c9%99k","status":"publish","type":"post","link":"https:\/\/arantv.az\/?p=113173","title":{"rendered":"T\u00fcrkiy\u0259nin yerli avtomobili Az\u0259rbaycana g\u0259tiril\u0259c\u0259k?"},"content":{"rendered":"<div class=\"row\">\n<div class=\"post single\">\n<div class=\"post_content page_margin_top_section clearfix\">\n<div class=\"content_box\">\n<div class=\"text\">\n<p><strong>T\u00fcrkiy\u0259 t\u0259r\u0259find\u0259n istehsal edilm\u0259si planla\u015fd\u0131r\u0131lan elektrik m\u00fch\u0259rrikli avtomobilin \u00f6t\u0259n g\u00fcn t\u0259qdim edilm\u0259sind\u0259n sonra b\u0259zi suallar ortaya \u00e7\u0131x\u0131b.<\/strong><\/p>\n<p><b>ARANTV.AZ\u00a0<\/b>x\u0259b\u0259r verir ki, bunlardan biri 2022-ci ild\u0259 k\u00fctl\u0259vi istehsal olunacaq avtomobilin xarici \u00f6lk\u0259l\u0259r\u0259 \u00e7\u0131xa bilm\u0259 ehtimal\u0131d\u0131r.<\/p>\n<p>Son d\u00f6vrl\u0259rd\u0259 texnologiyada ya\u015fanan inki\u015faf \u201cApple\u201d, \u201cGoogle\u201d, \u201cAmazon\u201d kimi n\u0259h\u0259ng \u015firk\u0259tl\u0259rin avtomobil sektoruna daxil olmas\u0131 n\u0259tic\u0259sind\u0259 qeyd\u0259 al\u0131n\u0131b. Bu yenilik qar\u015f\u0131s\u0131nda t\u0259dbir g\u00f6rm\u0259k ist\u0259y\u0259n \u0259n\u0259n\u0259vi istehsal\u00e7\u0131lar birl\u0259\u015fm\u0259y\u0259 \u00fcst\u00fcnl\u00fck verir. Bunun son n\u00fcmun\u0259si \u0130taliya-AB\u015e ortaql\u0131\u011f\u0131 il\u0259 \u201cFiat Chrysler\u201d v\u0259 Fransa PSA-s\u0131n\u0131n 50 milyard dollarl\u0131q birl\u0259\u015fm\u0259si oldu. Birl\u0259\u015fm\u0259 n\u0259tic\u0259sind\u0259 ortaya \u00e7\u0131xan qrupun \u201cVolkswagen\u201d, \u201cRenault-Nissan-Mitsubishi\u201d v\u0259 \u201cToyota\u201ddan sonra 4-c\u00fc yer\u0259 qalxmas\u0131 v\u0259 8,7 milyon avtomobil satmas\u0131 g\u00f6zl\u0259nilir.<\/p>\n<p>N\u0259qliyyat vasit\u0259l\u0259ri T\u0259chizat\u0131 \u0130stehsal\u00e7\u0131lar\u0131 Birliyinin (TAYSAD) s\u0259dri Alp\u0259r Kaynarcaya g\u00f6r\u0259, bel\u0259 \u00e7\u0259tin d\u00f6vrd\u0259 T\u00fcrkiy\u0259nin \u00f6z istehsal\u0131 olan elektrik m\u00fch\u0259rrikli avtomobill\u0259 d\u00fcnya bazar\u0131na \u00e7\u0131xmas\u0131 q\u0131sa m\u00fcdd\u0259td\u0259 m\u00fcmk\u00fcn kimi g\u00f6r\u00fcnm\u00fcr: \u201c175 min \u0259d\u0259dlik istehsal d\u00fcnya bazar\u0131 \u00fc\u00e7\u00fcn ki\u00e7ik miqdard\u0131r. Dolay\u0131s\u0131 il\u0259, d\u00fcnya bazarlar\u0131nda q\u0131sa m\u00fcdd\u0259td\u0259 diqq\u0259t \u00e7\u0259k\u0259c\u0259k marka olaca\u011f\u0131n\u0131 sanm\u0131ram. 22 milyard dollarl\u0131q s\u0259rmay\u0259nin daimi ola bilm\u0259si \u00fc\u00e7\u00fcn 175 minlik sat\u0131\u015fdan a\u015fa\u011f\u0131 d\u00fc\u015fm\u0259m\u0259k vacibdir. Bu n\u00f6qt\u0259d\u0259 daxili bazar ortaya \u00e7\u0131x\u0131r. T\u00fcrkiy\u0259d\u0259 son 3 ild\u0259 1 milyon avtomobil sat\u0131l\u0131b. 2019-cu ild\u0259 500 min \u0259d\u0259d bel\u0259 sat\u0131lmay\u0131b. X\u00fcsusil\u0259, yerli bazarda bu avtomobilin cazib\u0259sinin art\u0131r\u0131lmas\u0131 laz\u0131md\u0131r\u201d.<\/p>\n<p>Dig\u0259r m\u00fct\u0259x\u0259ssisl\u0259r is\u0259 bildirir ki, yerli avtomobil\u0259 s\u0131f\u0131r vergi t\u0259tbiq edils\u0259, t\u0259l\u0259bat arta bil\u0259r.<\/p>\n<p>Avtomobilin 5 modeld\u0259 175 min \u0259d\u0259d istehsal\u0131 n\u0259z\u0259rd\u0259 tutulub. T\u00fcrkiy\u0259 Avtomobil T\u0259\u015f\u0259bb\u00fcs\u00fc Qrupuna aid, C seqmentind\u0259, 100% elektrik m\u00fch\u0259rrikl\u0259 i\u015fl\u0259y\u0259c\u0259k avtomobilin qiym\u0259ti, h\u0259l\u0259 ki, a\u00e7\u0131qlanm\u0131r.<\/p>\n<p>Avtomobilin k\u00fctl\u0259vi istehsaldan sonra xarici bazarlara \u00e7\u0131xar\u0131lmas\u0131, o c\u00fcml\u0259d\u0259n, Az\u0259rbaycana g\u0259tirilm\u0259si d\u0259 ehtimal edilir.Publika.az<\/p>\n<p>&nbsp;<\/p>\n<\/div>\n<\/div>\n<\/div>\n<div class=\"social_like\">\n<div>\n<div class=\"fb-like fb_iframe_widget\" data-href=\"\" data-layout=\"button_count\" data-action=\"recommend\" data-size=\"small\" data-show-faces=\"false\" data-share=\"false\"><\/div>\n<\/div>\n<div><\/div>\n<\/div>\n<\/div>\n<\/div>\n<div class=\"row page_margin_top\">\n<div id=\"news_media_gallery\" class=\"eagle-gallery img600 in as1\">\n<div class=\"eagle-medium-wrap\">\n<div class=\"scale-ico\"><\/div>\n<p><a class=\"eagle-view-medium-img\"><img src=\"https:\/\/publika.az\/storage\/2019\/12\/28\/5e0612eafa5cf63b7726b1fd-post_cover.jpg\" alt=\"\" \/><\/a><\/div>\n<div class=\"owl-carousel mini-slider\">\n<div class=\"owl-wrapper-outer\">\n<div class=\"owl-wrapper\">\n<div class=\"owl-item\"><img src=\"https:\/\/publika.az\/storage\/2019\/12\/28\/250x250f\/yerli-otomobil-tanitiliyor-667591-1.jpg\" alt=\"\" data-medium-img=\"https:\/\/publika.az\/storage\/2019\/12\/28\/yerli-otomobil-tanitiliyor-667591-1.jpg\" data-big-img=\"https:\/\/publika.az\/storage\/2019\/12\/28\/yerli-otomobil-tanitiliyor-667591-1.jpg\" data-title=\"\" \/><\/div>\n<\/div>\n<\/div>\n<\/div>\n<\/div>\n<\/div>\n","protected":false},"excerpt":{"rendered":"<p>T\u00fcrkiy\u0259 t\u0259r\u0259find\u0259n istehsal edilm\u0259si planla\u015fd\u0131r\u0131lan elektrik m\u00fch\u0259rrikli avtomobilin \u00f6t\u0259n g\u00fcn t\u0259qdim edilm\u0259sind\u0259n sonra b\u0259zi suallar ortaya \u00e7\u0131x\u0131b. ARANTV.AZ\u00a0x\u0259b\u0259r verir ki, bunlardan biri 2022-ci ild\u0259 k\u00fctl\u0259vi istehsal olunacaq avtomobilin xarici \u00f6lk\u0259l\u0259r\u0259 \u00e7\u0131xa bilm\u0259 ehtimal\u0131d\u0131r. Son d\u00f6vrl\u0259rd\u0259 texnologiyada ya\u015fanan inki\u015faf \u201cApple\u201d, \u201cGoogle\u201d, \u201cAmazon\u201d kimi n\u0259h\u0259ng \u015firk\u0259tl\u0259rin avtomobil sektoruna daxil olmas\u0131 n\u0259tic\u0259sind\u0259 qeyd\u0259 al\u0131n\u0131b. Bu yenilik qar\u015f\u0131s\u0131nda t\u0259dbir g\u00f6rm\u0259k ist\u0259y\u0259n \u0259n\u0259n\u0259vi istehsal\u00e7\u0131lar birl\u0259\u015fm\u0259y\u0259 \u00fcst\u00fcnl\u00fck verir. Bunun son n\u00fcmun\u0259si \u0130taliya-AB\u015e ortaql\u0131\u011f\u0131 il\u0259 \u201cFiat Chrysler\u201d v\u0259 Fransa PSA-s\u0131n\u0131n 50 milyard dollarl\u0131q birl\u0259\u015fm\u0259si oldu. Birl\u0259\u015fm\u0259 n\u0259tic\u0259sind\u0259 ortaya \u00e7\u0131xan qrupun \u201cVolkswagen\u201d, \u201cRenault-Nissan-Mitsubishi\u201d v\u0259 \u201cToyota\u201ddan sonra 4-c\u00fc yer\u0259&hellip;<\/p>\n","protected":false},"author":2,"featured_media":113174,"comment_status":"closed","ping_status":"closed","sticky":false,"template":"","format":"standard","meta":{"om_disable_all_campaigns":false,"_monsterinsights_skip_tracking":false,"_monsterinsights_sitenote_active":false,"_monsterinsights_sitenote_note":"","_monsterinsights_sitenote_category":0},"categories":[1],"tags":[],"aioseo_notices":[],"gutentor_comment":0,"rttpg_featured_image_url":{"full":["https:\/\/arantv.az\/wp-content\/uploads\/2019\/12\/yerli-otomobilin-yurtdisinda-sansi-var-mi-28121918_l2.jpg",800,450,false],"landscape":["https:\/\/arantv.az\/wp-content\/uploads\/2019\/12\/yerli-otomobilin-yurtdisinda-sansi-var-mi-28121918_l2.jpg",800,450,false],"portraits":["https:\/\/arantv.az\/wp-content\/uploads\/2019\/12\/yerli-otomobilin-yurtdisinda-sansi-var-mi-28121918_l2.jpg",800,450,false],"thumbnail":["https:\/\/arantv.az\/wp-content\/uploads\/2019\/12\/yerli-otomobilin-yurtdisinda-sansi-var-mi-28121918_l2-150x150.jpg",150,150,true],"medium":["https:\/\/arantv.az\/wp-content\/uploads\/2019\/12\/yerli-otomobilin-yurtdisinda-sansi-var-mi-28121918_l2-300x169.jpg",300,169,true],"large":["https:\/\/arantv.az\/wp-content\/uploads\/2019\/12\/yerli-otomobilin-yurtdisinda-sansi-var-mi-28121918_l2.jpg",640,360,false],"1536x1536":["https:\/\/arantv.az\/wp-content\/uploads\/2019\/12\/yerli-otomobilin-yurtdisinda-sansi-var-mi-28121918_l2.jpg",800,450,false],"2048x2048":["https:\/\/arantv.az\/wp-content\/uploads\/2019\/12\/yerli-otomobilin-yurtdisinda-sansi-var-mi-28121918_l2.jpg",800,450,false],"post-thumbnail":["https:\/\/arantv.az\/wp-content\/uploads\/2019\/12\/yerli-otomobilin-yurtdisinda-sansi-var-mi-28121918_l2-240x172.jpg",240,172,true],"advps-thumb-one":["https:\/\/arantv.az\/wp-content\/uploads\/2019\/12\/yerli-otomobilin-yurtdisinda-sansi-var-mi-28121918_l2.jpg",800,450,false]},"rttpg_author":{"display_name":"V\u00fcsal Rafiqo\u011flu","author_link":"https:\/\/arantv.az\/?author=2"},"rttpg_comment":0,"rttpg_category":"<a href=\"https:\/\/arantv.az\/?cat=1\" rel=\"category\">C\u0259miyy\u0259t<\/a>","rttpg_excerpt":"T\u00fcrkiy\u0259 t\u0259r\u0259find\u0259n istehsal edilm\u0259si planla\u015fd\u0131r\u0131lan elektrik m\u00fch\u0259rrikli avtomobilin \u00f6t\u0259n g\u00fcn t\u0259qdim edilm\u0259sind\u0259n sonra b\u0259zi suallar ortaya \u00e7\u0131x\u0131b. ARANTV.AZ\u00a0x\u0259b\u0259r verir ki, bunlardan biri 2022-ci ild\u0259 k\u00fctl\u0259vi istehsal olunacaq avtomobilin xarici \u00f6lk\u0259l\u0259r\u0259 \u00e7\u0131xa bilm\u0259 ehtimal\u0131d\u0131r. Son d\u00f6vrl\u0259rd\u0259 texnologiyada ya\u015fanan inki\u015faf \u201cApple\u201d, \u201cGoogle\u201d, \u201cAmazon\u201d kimi n\u0259h\u0259ng \u015firk\u0259tl\u0259rin avtomobil sektoruna daxil olmas\u0131 n\u0259tic\u0259sind\u0259 qeyd\u0259 al\u0131n\u0131b. Bu yenilik qar\u015f\u0131s\u0131nda t\u0259dbir&hellip;","_links":{"self":[{"href":"https:\/\/arantv.az\/index.php?rest_route=\/wp\/v2\/posts\/113173"}],"collection":[{"href":"https:\/\/arantv.az\/index.php?rest_route=\/wp\/v2\/posts"}],"about":[{"href":"https:\/\/arantv.az\/index.php?rest_route=\/wp\/v2\/types\/post"}],"author":[{"embeddable":true,"href":"https:\/\/arantv.az\/index.php?rest_route=\/wp\/v2\/users\/2"}],"replies":[{"embeddable":true,"href":"https:\/\/arantv.az\/index.php?rest_route=%2Fwp%2Fv2%2Fcomments&post=113173"}],"version-history":[{"count":0,"href":"https:\/\/arantv.az\/index.php?rest_route=\/wp\/v2\/posts\/113173\/revisions"}],"wp:featuredmedia":[{"embeddable":true,"href":"https:\/\/arantv.az\/index.php?rest_route=\/wp\/v2\/media\/113174"}],"wp:attachment":[{"href":"https:\/\/arantv.az\/index.php?rest_route=%2Fwp%2Fv2%2Fmedia&parent=113173"}],"wp:term":[{"taxonomy":"category","embeddable":true,"href":"https:\/\/arantv.az\/index.php?rest_route=%2Fwp%2Fv2%2Fcategories&post=113173"},{"taxonomy":"post_tag","embeddable":true,"href":"https:\/\/arantv.az\/index.php?rest_route=%2Fwp%2Fv2%2Ftags&post=113173"}],"curies":[{"name":"wp","href":"https:\/\/api.w.org\/{rel}","templated":true}]}}