{"id":113199,"date":"2019-12-28T15:50:00","date_gmt":"2019-12-28T12:50:00","guid":{"rendered":"http:\/\/arantv.az\/?p=113199"},"modified":"2019-12-28T15:50:00","modified_gmt":"2019-12-28T12:50:00","slug":"bu-olk%c9%99d%c9%99-marixuana-yetisdirm%c9%99k-artiq-qadagan-deyil","status":"publish","type":"post","link":"https:\/\/arantv.az\/?p=113199","title":{"rendered":"Bu \u00f6lk\u0259d\u0259 marixuana yeti\u015fdirm\u0259k art\u0131q qada\u011fan deyil"},"content":{"rendered":"<p>Art\u0131q \u0130taliyada evd\u0259 marixuana yeti\u015fdirm\u0259k cinay\u0259t hesab olunmayacaq.<\/p>\n<p>Euronews.com-un x\u0259b\u0259rin\u0259 g\u00f6r\u0259, \u0130taliyada Ali M\u0259hk\u0259m\u0259d\u0259 q\u0259bul edil\u0259n q\u0259rara g\u00f6r\u0259, evd\u0259 \u015f\u0259xsi istifad\u0259 \u00fc\u00e7\u00fcn marixuana yeti\u015fdirm\u0259k qada\u011fan deyil.<\/p>\n<p>Senator Matteo Mantero 2020-ci ild\u0259 qanunda olacaq d\u0259yi\u015fiklikl\u0259 ba\u011fl\u0131 dan\u0131\u015f\u0131b:<\/p>\n<p>\u201cM\u0259hk\u0259m\u0259 yol a\u00e7d\u0131, indi n\u00f6vb\u0259 bizd\u0259dir\u201d.<\/p>\n<p>\u0130taliya h\u00f6kum\u0259tinin bu q\u0259rar\u0131 d\u0259st\u0259kl\u0259m\u0259si \u00f6lk\u0259d\u0259 olan m\u00fchafiz\u0259karlar t\u0259r\u0259find\u0259n s\u0259rt qar\u015f\u0131lan\u0131b.<\/p>\n<p>Sa\u011f\u00e7\u0131 Liqa Partiyas\u0131n\u0131n lideri Matteo Salvini is\u0259 \u201cNarkotik z\u0259r\u0259rlidir, evd\u0259 yeti\u015fdirm\u0259yi v\u0259 ma\u011fazadan alma\u011f\u0131 unudun\u201d, &#8211; dey\u0259r\u0259k, q\u0259rara etiraz edib.<\/p>\n","protected":false},"excerpt":{"rendered":"<p>Art\u0131q \u0130taliyada evd\u0259 marixuana yeti\u015fdirm\u0259k cinay\u0259t hesab olunmayacaq. Euronews.com-un x\u0259b\u0259rin\u0259 g\u00f6r\u0259, \u0130taliyada Ali M\u0259hk\u0259m\u0259d\u0259 q\u0259bul edil\u0259n q\u0259rara g\u00f6r\u0259, evd\u0259 \u015f\u0259xsi istifad\u0259 \u00fc\u00e7\u00fcn marixuana yeti\u015fdirm\u0259k qada\u011fan deyil. Senator Matteo Mantero 2020-ci ild\u0259 qanunda olacaq d\u0259yi\u015fiklikl\u0259 ba\u011fl\u0131 dan\u0131\u015f\u0131b: \u201cM\u0259hk\u0259m\u0259 yol a\u00e7d\u0131, indi n\u00f6vb\u0259 bizd\u0259dir\u201d. \u0130taliya h\u00f6kum\u0259tinin bu q\u0259rar\u0131 d\u0259st\u0259kl\u0259m\u0259si \u00f6lk\u0259d\u0259 olan m\u00fchafiz\u0259karlar t\u0259r\u0259find\u0259n s\u0259rt qar\u015f\u0131lan\u0131b. Sa\u011f\u00e7\u0131 Liqa Partiyas\u0131n\u0131n lideri Matteo Salvini is\u0259 \u201cNarkotik z\u0259r\u0259rlidir, evd\u0259 yeti\u015fdirm\u0259yi v\u0259 ma\u011fazadan alma\u011f\u0131 unudun\u201d, &#8211; dey\u0259r\u0259k, q\u0259rara etiraz edib.<\/p>\n","protected":false},"author":2,"featured_media":113200,"comment_status":"closed","ping_status":"closed","sticky":false,"template":"","format":"standard","meta":{"om_disable_all_campaigns":false,"_monsterinsights_skip_tracking":false,"_monsterinsights_sitenote_active":false,"_monsterinsights_sitenote_note":"","_monsterinsights_sitenote_category":0},"categories":[7],"tags":[],"aioseo_notices":[],"gutentor_comment":0,"rttpg_featured_image_url":{"full":["https:\/\/arantv.az\/wp-content\/uploads\/2019\/12\/marix.jpg",620,412,false],"landscape":["https:\/\/arantv.az\/wp-content\/uploads\/2019\/12\/marix.jpg",620,412,false],"portraits":["https:\/\/arantv.az\/wp-content\/uploads\/2019\/12\/marix.jpg",620,412,false],"thumbnail":["https:\/\/arantv.az\/wp-content\/uploads\/2019\/12\/marix-150x150.jpg",150,150,true],"medium":["https:\/\/arantv.az\/wp-content\/uploads\/2019\/12\/marix-300x199.jpg",300,199,true],"large":["https:\/\/arantv.az\/wp-content\/uploads\/2019\/12\/marix.jpg",620,412,false],"1536x1536":["https:\/\/arantv.az\/wp-content\/uploads\/2019\/12\/marix.jpg",620,412,false],"2048x2048":["https:\/\/arantv.az\/wp-content\/uploads\/2019\/12\/marix.jpg",620,412,false],"post-thumbnail":["https:\/\/arantv.az\/wp-content\/uploads\/2019\/12\/marix-240x172.jpg",240,172,true],"advps-thumb-one":["https:\/\/arantv.az\/wp-content\/uploads\/2019\/12\/marix.jpg",620,412,false]},"rttpg_author":{"display_name":"V\u00fcsal Rafiqo\u011flu","author_link":"https:\/\/arantv.az\/?author=2"},"rttpg_comment":0,"rttpg_category":"<a href=\"https:\/\/arantv.az\/?cat=7\" rel=\"category\">D\u00fcnya<\/a>","rttpg_excerpt":"Art\u0131q \u0130taliyada evd\u0259 marixuana yeti\u015fdirm\u0259k cinay\u0259t hesab olunmayacaq. Euronews.com-un x\u0259b\u0259rin\u0259 g\u00f6r\u0259, \u0130taliyada Ali M\u0259hk\u0259m\u0259d\u0259 q\u0259bul edil\u0259n q\u0259rara g\u00f6r\u0259, evd\u0259 \u015f\u0259xsi istifad\u0259 \u00fc\u00e7\u00fcn marixuana yeti\u015fdirm\u0259k qada\u011fan deyil. Senator Matteo Mantero 2020-ci ild\u0259 qanunda olacaq d\u0259yi\u015fiklikl\u0259 ba\u011fl\u0131 dan\u0131\u015f\u0131b: \u201cM\u0259hk\u0259m\u0259 yol a\u00e7d\u0131, indi n\u00f6vb\u0259 bizd\u0259dir\u201d. \u0130taliya h\u00f6kum\u0259tinin bu q\u0259rar\u0131 d\u0259st\u0259kl\u0259m\u0259si \u00f6lk\u0259d\u0259 olan m\u00fchafiz\u0259karlar t\u0259r\u0259find\u0259n s\u0259rt qar\u015f\u0131lan\u0131b. Sa\u011f\u00e7\u0131 Liqa&hellip;","_links":{"self":[{"href":"https:\/\/arantv.az\/index.php?rest_route=\/wp\/v2\/posts\/113199"}],"collection":[{"href":"https:\/\/arantv.az\/index.php?rest_route=\/wp\/v2\/posts"}],"about":[{"href":"https:\/\/arantv.az\/index.php?rest_route=\/wp\/v2\/types\/post"}],"author":[{"embeddable":true,"href":"https:\/\/arantv.az\/index.php?rest_route=\/wp\/v2\/users\/2"}],"replies":[{"embeddable":true,"href":"https:\/\/arantv.az\/index.php?rest_route=%2Fwp%2Fv2%2Fcomments&post=113199"}],"version-history":[{"count":0,"href":"https:\/\/arantv.az\/index.php?rest_route=\/wp\/v2\/posts\/113199\/revisions"}],"wp:featuredmedia":[{"embeddable":true,"href":"https:\/\/arantv.az\/index.php?rest_route=\/wp\/v2\/media\/113200"}],"wp:attachment":[{"href":"https:\/\/arantv.az\/index.php?rest_route=%2Fwp%2Fv2%2Fmedia&parent=113199"}],"wp:term":[{"taxonomy":"category","embeddable":true,"href":"https:\/\/arantv.az\/index.php?rest_route=%2Fwp%2Fv2%2Fcategories&post=113199"},{"taxonomy":"post_tag","embeddable":true,"href":"https:\/\/arantv.az\/index.php?rest_route=%2Fwp%2Fv2%2Ftags&post=113199"}],"curies":[{"name":"wp","href":"https:\/\/api.w.org\/{rel}","templated":true}]}}