{"id":113398,"date":"2019-12-29T09:36:42","date_gmt":"2019-12-29T06:36:42","guid":{"rendered":"http:\/\/arantv.az\/?p=113398"},"modified":"2019-12-29T09:36:42","modified_gmt":"2019-12-29T06:36:42","slug":"ilham-%c9%99liyev-pirsagida-avtomobil-tunelinin-acilisinda","status":"publish","type":"post","link":"https:\/\/arantv.az\/?p=113398","title":{"rendered":"\u0130lham \u018fliyev Pir\u015fa\u011f\u0131da avtomobil tunelinin a\u00e7\u0131l\u0131\u015f\u0131nda"},"content":{"rendered":"<p>Dekabr\u0131n 29-da Bak\u0131n\u0131n Pir\u015fa\u011f\u0131 q\u0259s\u0259b\u0259sind\u0259 avtomobil tunelinin a\u00e7\u0131l\u0131\u015f\u0131 olub.<\/p>\n<p><strong>ARANTV.AZ<\/strong> x\u0259b\u0259r verir ki, Az\u0259rbaycan Respublikas\u0131n\u0131n Prezidenti \u0130lham \u018fliyev t\u0259dbird\u0259 i\u015ftirak edib.<\/p>\n<p>\u201cAz\u0259rbaycan D\u0259mir Yollar\u0131\u201d Qapal\u0131 S\u0259hmdar C\u0259miyy\u0259tinin s\u0259dri Cavid Qurbanov g\u00f6r\u00fcl\u0259n i\u015fl\u0259r bar\u0259d\u0259 d\u00f6vl\u0259timizin ba\u015f\u00e7\u0131s\u0131na m\u0259lumat verib.<\/p>\n<p>Prezident \u0130lham \u018fliyev avtomobil tunelinin r\u0259mzi a\u00e7\u0131l\u0131\u015f\u0131n\u0131 bildir\u0259n lenti k\u0259sib.AZ\u018fRTAC<\/p>\n","protected":false},"excerpt":{"rendered":"<p>Dekabr\u0131n 29-da Bak\u0131n\u0131n Pir\u015fa\u011f\u0131 q\u0259s\u0259b\u0259sind\u0259 avtomobil tunelinin a\u00e7\u0131l\u0131\u015f\u0131 olub. ARANTV.AZ x\u0259b\u0259r verir ki, Az\u0259rbaycan Respublikas\u0131n\u0131n Prezidenti \u0130lham \u018fliyev t\u0259dbird\u0259 i\u015ftirak edib. \u201cAz\u0259rbaycan D\u0259mir Yollar\u0131\u201d Qapal\u0131 S\u0259hmdar C\u0259miyy\u0259tinin s\u0259dri Cavid Qurbanov g\u00f6r\u00fcl\u0259n i\u015fl\u0259r bar\u0259d\u0259 d\u00f6vl\u0259timizin ba\u015f\u00e7\u0131s\u0131na m\u0259lumat verib. Prezident \u0130lham \u018fliyev avtomobil tunelinin r\u0259mzi a\u00e7\u0131l\u0131\u015f\u0131n\u0131 bildir\u0259n lenti k\u0259sib.AZ\u018fRTAC<\/p>\n","protected":false},"author":2,"featured_media":113399,"comment_status":"closed","ping_status":"closed","sticky":false,"template":"","format":"standard","meta":{"om_disable_all_campaigns":false,"_monsterinsights_skip_tracking":false,"_monsterinsights_sitenote_active":false,"_monsterinsights_sitenote_note":"","_monsterinsights_sitenote_category":0},"categories":[4],"tags":[],"aioseo_notices":[],"gutentor_comment":0,"rttpg_featured_image_url":{"full":["https:\/\/arantv.az\/wp-content\/uploads\/2019\/12\/ilham_aliyev_president_291217_1.jpg",620,465,false],"landscape":["https:\/\/arantv.az\/wp-content\/uploads\/2019\/12\/ilham_aliyev_president_291217_1.jpg",620,465,false],"portraits":["https:\/\/arantv.az\/wp-content\/uploads\/2019\/12\/ilham_aliyev_president_291217_1.jpg",620,465,false],"thumbnail":["https:\/\/arantv.az\/wp-content\/uploads\/2019\/12\/ilham_aliyev_president_291217_1-150x150.jpg",150,150,true],"medium":["https:\/\/arantv.az\/wp-content\/uploads\/2019\/12\/ilham_aliyev_president_291217_1-300x225.jpg",300,225,true],"large":["https:\/\/arantv.az\/wp-content\/uploads\/2019\/12\/ilham_aliyev_president_291217_1.jpg",620,465,false],"1536x1536":["https:\/\/arantv.az\/wp-content\/uploads\/2019\/12\/ilham_aliyev_president_291217_1.jpg",620,465,false],"2048x2048":["https:\/\/arantv.az\/wp-content\/uploads\/2019\/12\/ilham_aliyev_president_291217_1.jpg",620,465,false],"post-thumbnail":["https:\/\/arantv.az\/wp-content\/uploads\/2019\/12\/ilham_aliyev_president_291217_1-240x172.jpg",240,172,true],"advps-thumb-one":["https:\/\/arantv.az\/wp-content\/uploads\/2019\/12\/ilham_aliyev_president_291217_1.jpg",620,465,false]},"rttpg_author":{"display_name":"V\u00fcsal Rafiqo\u011flu","author_link":"https:\/\/arantv.az\/?author=2"},"rttpg_comment":0,"rttpg_category":"<a href=\"https:\/\/arantv.az\/?cat=4\" rel=\"category\">Siyas\u0259t<\/a>","rttpg_excerpt":"Dekabr\u0131n 29-da Bak\u0131n\u0131n Pir\u015fa\u011f\u0131 q\u0259s\u0259b\u0259sind\u0259 avtomobil tunelinin a\u00e7\u0131l\u0131\u015f\u0131 olub. ARANTV.AZ x\u0259b\u0259r verir ki, Az\u0259rbaycan Respublikas\u0131n\u0131n Prezidenti \u0130lham \u018fliyev t\u0259dbird\u0259 i\u015ftirak edib. \u201cAz\u0259rbaycan D\u0259mir Yollar\u0131\u201d Qapal\u0131 S\u0259hmdar C\u0259miyy\u0259tinin s\u0259dri Cavid Qurbanov g\u00f6r\u00fcl\u0259n i\u015fl\u0259r bar\u0259d\u0259 d\u00f6vl\u0259timizin ba\u015f\u00e7\u0131s\u0131na m\u0259lumat verib. Prezident \u0130lham \u018fliyev avtomobil tunelinin r\u0259mzi a\u00e7\u0131l\u0131\u015f\u0131n\u0131 bildir\u0259n lenti k\u0259sib.AZ\u018fRTAC","_links":{"self":[{"href":"https:\/\/arantv.az\/index.php?rest_route=\/wp\/v2\/posts\/113398"}],"collection":[{"href":"https:\/\/arantv.az\/index.php?rest_route=\/wp\/v2\/posts"}],"about":[{"href":"https:\/\/arantv.az\/index.php?rest_route=\/wp\/v2\/types\/post"}],"author":[{"embeddable":true,"href":"https:\/\/arantv.az\/index.php?rest_route=\/wp\/v2\/users\/2"}],"replies":[{"embeddable":true,"href":"https:\/\/arantv.az\/index.php?rest_route=%2Fwp%2Fv2%2Fcomments&post=113398"}],"version-history":[{"count":0,"href":"https:\/\/arantv.az\/index.php?rest_route=\/wp\/v2\/posts\/113398\/revisions"}],"wp:featuredmedia":[{"embeddable":true,"href":"https:\/\/arantv.az\/index.php?rest_route=\/wp\/v2\/media\/113399"}],"wp:attachment":[{"href":"https:\/\/arantv.az\/index.php?rest_route=%2Fwp%2Fv2%2Fmedia&parent=113398"}],"wp:term":[{"taxonomy":"category","embeddable":true,"href":"https:\/\/arantv.az\/index.php?rest_route=%2Fwp%2Fv2%2Fcategories&post=113398"},{"taxonomy":"post_tag","embeddable":true,"href":"https:\/\/arantv.az\/index.php?rest_route=%2Fwp%2Fv2%2Ftags&post=113398"}],"curies":[{"name":"wp","href":"https:\/\/api.w.org\/{rel}","templated":true}]}}