{"id":113626,"date":"2019-12-29T13:47:44","date_gmt":"2019-12-29T10:47:44","guid":{"rendered":"http:\/\/arantv.az\/?p=113626"},"modified":"2019-12-29T13:47:44","modified_gmt":"2019-12-29T10:47:44","slug":"vuqar-bayramov-az%c9%99rbaycan-mdb-m%c9%99kaninda-daha-yuks%c9%99k-%c9%99m%c9%99khaqqi-t%c9%99klif-ed%c9%99n-olk%c9%99l%c9%99rd%c9%99n-biridir","status":"publish","type":"post","link":"https:\/\/arantv.az\/?p=113626","title":{"rendered":"V\u00fcqar Bayramov: &#8220;Az\u0259rbaycan MDB m\u0259kan\u0131nda daha y\u00fcks\u0259k \u0259m\u0259khaqq\u0131 t\u0259klif ed\u0259n \u00f6lk\u0259l\u0259rd\u0259n biridir&#8221;"},"content":{"rendered":"<p><strong>Az\u0259rbaycanda 2019-cu ild\u0259 qeyri-formal iqtisadiyyata qar\u015f\u0131 apar\u0131lan m\u00fcbariz\u0259 nominal orta ayl\u0131q \u0259m\u0259khaqq\u0131nda 15 faizlik art\u0131ma imkan yarad\u0131b.<\/strong><\/p>\n<p><strong>ARANTV.AZ\u00a0<\/strong> bildirir ki, bunu\u00a0<a href=\"http:\/\/az.trend.az\/\" target=\"_blank\" rel=\"noopener\">Trend<\/a>-\u0259\u00a0a\u00e7\u0131qlamas\u0131nda iqtisad\u00e7\u0131 V\u00fcqar Bayramov son vaxtlar b\u0259zi m\u0259tbu orqanlarda Az\u0259rbaycanda orta ayl\u0131q \u0259m\u0259khaqq\u0131n\u0131n dig\u0259r MDB \u00f6lk\u0259l\u0259ri il\u0259 m\u00fcqayis\u0259sin\u0259 m\u00fcnasib\u0259t bildir\u0259rk\u0259n deyib.<\/p>\n<p>Ekspert qeyd edib ki, bu il \u00f6lk\u0259d\u0259 160 mind\u0259n art\u0131q yeni \u0259m\u0259k m\u00fcqavil\u0259si ba\u011flan\u0131b. Bu da qeyri-formal m\u0259\u015f\u011fullu\u011fun r\u0259smil\u0259\u015fdirilm\u0259sidir. V\u0259 n\u0259tic\u0259 etibaril\u0259 orta ayl\u0131q \u0259m\u0259khaqq\u0131nda art\u0131m tempinin y\u00fcks\u0259lm\u0259sin\u0259 g\u0259tirib \u00e7\u0131xar\u0131b:<\/p>\n<p>&#8220;Orta ayl\u0131q \u0259m\u0259khaqlar\u0131 bar\u0259d\u0259 dan\u0131\u015fark\u0259n al\u0131c\u0131l\u0131q qabiliyy\u0259ti n\u0259z\u0259r\u0259 al\u0131nmaqla m\u00fc\u0259yy\u0259n m\u00fcqayis\u0259y\u0259 ehtiyac var. X\u00fcsusi qeyd etm\u0259k laz\u0131md\u0131r ki, nominal v\u0259 ya beyn\u0259lxalq dollar ifad\u0259sind\u0259 orta ayl\u0131q \u0259m\u0259khaqlar\u0131n\u0131n m\u00fcqayis\u0259si zaman\u0131 al\u0131c\u0131l\u0131q qabiliyy\u0259ti n\u0259z\u0259r\u0259 al\u0131nmadan m\u00f6vcud v\u0259ziyy\u0259ti qiym\u0259tl\u0259ndirm\u0259k olmur. Az\u0259rbaycanda da orta ayl\u0131q \u0259m\u0259khaqq\u0131n\u0131n dig\u0259r \u00f6lk\u0259l\u0259rl\u0259 m\u00fcqayis\u0259si zaman\u0131 al\u0131c\u0131l\u0131q qabiliyy\u0259ti n\u0259z\u0259r\u0259 al\u0131nmal\u0131d\u0131r. Eyni zamanda, qeyri-formal m\u0259\u015f\u011fullu\u011fun minimalla\u015fd\u0131r\u0131lmas\u0131 v\u0259 n\u00f6vb\u0259ti ill\u0259rd\u0259 islahatlar\u0131n davam etdirilm\u0259si birm\u0259nal\u0131 \u015f\u0259kild\u0259 proqnozla\u015fd\u0131rma\u011fa imkan verir ki, yax\u0131n vaxtlarda Az\u0259rbaycan nominal orta ayl\u0131q m\u0259bl\u0259\u011f\u0259 g\u00f6r\u0259 MDB-d\u0259 ilk \u00fc\u00e7l\u00fcy\u0259 daxil ola bil\u0259c\u0259k. X\u00fcsus\u0259n, n\u0259z\u0259r\u0259 almaq laz\u0131md\u0131r ki, qeyri-formal m\u0259\u015f\u011fullu\u011fun minimalla\u015fd\u0131r\u0131lmas\u0131 r\u0259smi \u0259m\u0259khaqq\u0131 s\u0259viyy\u0259sinin y\u00fcks\u0259lm\u0259sin\u0259 imkan verir. Bu da n\u0259tic\u0259 etibaril\u0259 r\u0259smi \u0259m\u0259khaqq\u0131 m\u0259bl\u0259\u011fl\u0259rinin eynil\u0259\u015fm\u0259sin\u0259 \u015f\u0259rait yarad\u0131r. Bu bax\u0131mdan, real \u0259m\u0259khaqlar\u0131n\u0131 m\u00fcqayis\u0259 ets\u0259k, Az\u0259rbaycan MDB m\u0259kan\u0131nda daha y\u00fcks\u0259k \u0259m\u0259khaqq\u0131 t\u0259klif ed\u0259n \u00f6lk\u0259l\u0259rd\u0259n biridir v\u0259 s\u00f6zs\u00fcz ki, qon\u015fu \u00f6lk\u0259l\u0259rd\u0259ki h\u0259yat s\u0259viyy\u0259sini Az\u0259rbaycanla m\u00fcqayis\u0259 ets\u0259k, birm\u0259nal\u0131 \u015f\u0259kild\u0259 bunun \u015fahidi olar\u0131q. Bel\u0259likl\u0259, r\u0259smi \u0259m\u0259khaqq\u0131n\u0131n real \u0259m\u0259khaqq\u0131na \u00e7atd\u0131r\u0131lmas\u0131 v\u0259 n\u0259tic\u0259d\u0259 qeyri-formal m\u0259\u015f\u011fullu\u011fun aradan qald\u0131r\u0131lmas\u0131 n\u00f6vb\u0259ti ill\u0259rd\u0259 Az\u0259rbaycan\u0131n MDB-d\u0259 \u0259n apar\u0131c\u0131 yerl\u0259rd\u0259n birind\u0259 q\u0259rarla\u015fmas\u0131na imkan ver\u0259c\u0259k&#8221;.<\/p>\n<p>V.Bayramov vur\u011fulay\u0131b ki, bu bax\u0131mdan, haz\u0131rda real \u0259m\u0259khaqq\u0131 m\u00fcqayis\u0259sind\u0259 Az\u0259rbaycan MDB-d\u0259 daha y\u00fcks\u0259k orta ayl\u0131q \u0259m\u0259khaqq\u0131 t\u0259klif ed\u0259n \u00f6lk\u0259l\u0259rd\u0259n biridir. X\u00fcsus\u0259n d\u0259 n\u0259z\u0259r\u0259 almaq laz\u0131md\u0131r ki, Az\u0259rbaycan al\u0131c\u0131l\u0131q qabiliyy\u0259ti n\u0259z\u0259r\u0259 al\u0131nmaqla MDB-d\u0259 \u0259n y\u00fcks\u0259k minimum \u0259m\u0259khaqq\u0131 ver\u0259n ilk \u00f6lk\u0259l\u0259rd\u0259ndir&#8221;.<\/p>\n","protected":false},"excerpt":{"rendered":"<p>Az\u0259rbaycanda 2019-cu ild\u0259 qeyri-formal iqtisadiyyata qar\u015f\u0131 apar\u0131lan m\u00fcbariz\u0259 nominal orta ayl\u0131q \u0259m\u0259khaqq\u0131nda 15 faizlik art\u0131ma imkan yarad\u0131b. ARANTV.AZ\u00a0 bildirir ki, bunu\u00a0Trend-\u0259\u00a0a\u00e7\u0131qlamas\u0131nda iqtisad\u00e7\u0131 V\u00fcqar Bayramov son vaxtlar b\u0259zi m\u0259tbu orqanlarda Az\u0259rbaycanda orta ayl\u0131q \u0259m\u0259khaqq\u0131n\u0131n dig\u0259r MDB \u00f6lk\u0259l\u0259ri il\u0259 m\u00fcqayis\u0259sin\u0259 m\u00fcnasib\u0259t bildir\u0259rk\u0259n deyib. Ekspert qeyd edib ki, bu il \u00f6lk\u0259d\u0259 160 mind\u0259n art\u0131q yeni \u0259m\u0259k m\u00fcqavil\u0259si ba\u011flan\u0131b. Bu da qeyri-formal m\u0259\u015f\u011fullu\u011fun r\u0259smil\u0259\u015fdirilm\u0259sidir. V\u0259 n\u0259tic\u0259 etibaril\u0259 orta ayl\u0131q \u0259m\u0259khaqq\u0131nda art\u0131m tempinin y\u00fcks\u0259lm\u0259sin\u0259 g\u0259tirib \u00e7\u0131xar\u0131b: &#8220;Orta ayl\u0131q \u0259m\u0259khaqlar\u0131 bar\u0259d\u0259 dan\u0131\u015fark\u0259n al\u0131c\u0131l\u0131q qabiliyy\u0259ti n\u0259z\u0259r\u0259 al\u0131nmaqla m\u00fc\u0259yy\u0259n m\u00fcqayis\u0259y\u0259 ehtiyac var. X\u00fcsusi qeyd etm\u0259k laz\u0131md\u0131r ki, nominal&hellip;<\/p>\n","protected":false},"author":2,"featured_media":113627,"comment_status":"closed","ping_status":"closed","sticky":false,"template":"","format":"standard","meta":{"om_disable_all_campaigns":false,"_monsterinsights_skip_tracking":false,"_monsterinsights_sitenote_active":false,"_monsterinsights_sitenote_note":"","_monsterinsights_sitenote_category":0},"categories":[19],"tags":[],"aioseo_notices":[],"gutentor_comment":0,"rttpg_featured_image_url":{"full":["https:\/\/arantv.az\/wp-content\/uploads\/2019\/12\/814433.jpg",367,275,false],"landscape":["https:\/\/arantv.az\/wp-content\/uploads\/2019\/12\/814433.jpg",367,275,false],"portraits":["https:\/\/arantv.az\/wp-content\/uploads\/2019\/12\/814433.jpg",367,275,false],"thumbnail":["https:\/\/arantv.az\/wp-content\/uploads\/2019\/12\/814433-150x150.jpg",150,150,true],"medium":["https:\/\/arantv.az\/wp-content\/uploads\/2019\/12\/814433-300x225.jpg",300,225,true],"large":["https:\/\/arantv.az\/wp-content\/uploads\/2019\/12\/814433.jpg",367,275,false],"1536x1536":["https:\/\/arantv.az\/wp-content\/uploads\/2019\/12\/814433.jpg",367,275,false],"2048x2048":["https:\/\/arantv.az\/wp-content\/uploads\/2019\/12\/814433.jpg",367,275,false],"post-thumbnail":["https:\/\/arantv.az\/wp-content\/uploads\/2019\/12\/814433-240x172.jpg",240,172,true],"advps-thumb-one":["https:\/\/arantv.az\/wp-content\/uploads\/2019\/12\/814433.jpg",367,275,false]},"rttpg_author":{"display_name":"V\u00fcsal Rafiqo\u011flu","author_link":"https:\/\/arantv.az\/?author=2"},"rttpg_comment":0,"rttpg_category":"<a href=\"https:\/\/arantv.az\/?cat=19\" rel=\"category\">G\u00fcnd\u0259m<\/a>","rttpg_excerpt":"Az\u0259rbaycanda 2019-cu ild\u0259 qeyri-formal iqtisadiyyata qar\u015f\u0131 apar\u0131lan m\u00fcbariz\u0259 nominal orta ayl\u0131q \u0259m\u0259khaqq\u0131nda 15 faizlik art\u0131ma imkan yarad\u0131b. ARANTV.AZ\u00a0 bildirir ki, bunu\u00a0Trend-\u0259\u00a0a\u00e7\u0131qlamas\u0131nda iqtisad\u00e7\u0131 V\u00fcqar Bayramov son vaxtlar b\u0259zi m\u0259tbu orqanlarda Az\u0259rbaycanda orta ayl\u0131q \u0259m\u0259khaqq\u0131n\u0131n dig\u0259r MDB \u00f6lk\u0259l\u0259ri il\u0259 m\u00fcqayis\u0259sin\u0259 m\u00fcnasib\u0259t bildir\u0259rk\u0259n deyib. Ekspert qeyd edib ki, bu il \u00f6lk\u0259d\u0259 160 mind\u0259n art\u0131q yeni \u0259m\u0259k m\u00fcqavil\u0259si ba\u011flan\u0131b.&hellip;","_links":{"self":[{"href":"https:\/\/arantv.az\/index.php?rest_route=\/wp\/v2\/posts\/113626"}],"collection":[{"href":"https:\/\/arantv.az\/index.php?rest_route=\/wp\/v2\/posts"}],"about":[{"href":"https:\/\/arantv.az\/index.php?rest_route=\/wp\/v2\/types\/post"}],"author":[{"embeddable":true,"href":"https:\/\/arantv.az\/index.php?rest_route=\/wp\/v2\/users\/2"}],"replies":[{"embeddable":true,"href":"https:\/\/arantv.az\/index.php?rest_route=%2Fwp%2Fv2%2Fcomments&post=113626"}],"version-history":[{"count":0,"href":"https:\/\/arantv.az\/index.php?rest_route=\/wp\/v2\/posts\/113626\/revisions"}],"wp:featuredmedia":[{"embeddable":true,"href":"https:\/\/arantv.az\/index.php?rest_route=\/wp\/v2\/media\/113627"}],"wp:attachment":[{"href":"https:\/\/arantv.az\/index.php?rest_route=%2Fwp%2Fv2%2Fmedia&parent=113626"}],"wp:term":[{"taxonomy":"category","embeddable":true,"href":"https:\/\/arantv.az\/index.php?rest_route=%2Fwp%2Fv2%2Fcategories&post=113626"},{"taxonomy":"post_tag","embeddable":true,"href":"https:\/\/arantv.az\/index.php?rest_route=%2Fwp%2Fv2%2Ftags&post=113626"}],"curies":[{"name":"wp","href":"https:\/\/api.w.org\/{rel}","templated":true}]}}