{"id":113677,"date":"2019-12-29T15:06:33","date_gmt":"2019-12-29T12:06:33","guid":{"rendered":"http:\/\/arantv.az\/?p=113677"},"modified":"2019-12-29T15:06:33","modified_gmt":"2019-12-29T12:06:33","slug":"fhn-in-taekvondo-komandasinin-idmancilari-yeni-ugurlar-qazanmaqda-davam-edir-foto","status":"publish","type":"post","link":"https:\/\/arantv.az\/?p=113677","title":{"rendered":"FHN-in taekvondo komandas\u0131n\u0131n idman\u00e7\u0131lar\u0131 yeni u\u011furlar qazanmaqda davam edir &#8211; FOTO"},"content":{"rendered":"<p>23-28 dekabr tarixl\u0259rind\u0259 Ab\u015feron Olimpiya Kompleksind\u0259 Az\u0259rbaycan Taekvondo Federasiyas\u0131n\u0131n v\u0259 Bak\u0131 \u015e\u0259h\u0259r G\u0259ncl\u0259r v\u0259 \u0130dman Ba\u015f \u0130dar\u0259sinin t\u0259\u015fkilat\u00e7\u0131l\u0131\u011f\u0131 il\u0259 yeniyetm\u0259, g\u0259nc v\u0259 b\u00f6y\u00fckl\u0259r aras\u0131nda 30-cu Az\u0259rbaycan \u00e7empionat\u0131\u00a0ke\u00e7irilib.<\/p>\n<p>75 komandadan 750-d\u0259n \u00e7ox idman\u00e7\u0131n\u0131n m\u00fcbariz\u0259 apard\u0131\u011f\u0131 yar\u0131\u015fda F\u00f6vq\u0259lad\u0259 Hallar Nazirliyinin taekvondo komandas\u0131n\u0131n idman\u00e7\u0131lar\u0131 da i\u015ftirak edib.<\/p>\n<p>Yar\u0131\u015fda F\u00f6vq\u0259lad\u0259 Hallar Nazirliyinin M\u00fclki M\u00fcdafi\u0259 Qo\u015funlar\u0131n\u0131n \u201cN\u201d sayl\u0131 h\u0259rbi hiss\u0259sinin \u0259sg\u0259ri M\u0259h\u0259mm\u0259d M\u0259mm\u0259dov 80 kq \u00e7\u0259ki d\u0259r\u0259c\u0259sind\u0259 b\u00fct\u00fcn r\u0259qibl\u0259rin\u0259 qalib g\u0259lib, turnirin q\u0131z\u0131l medal\u0131na layiq g\u00f6r\u00fcl\u00fcb.<\/p>\n<p>29 dekabrda\u00a0F\u00f6vq\u0259lad\u0259 Hallar Nazirliyinin \u0130dman-sa\u011flaml\u0131q m\u0259rk\u0259zinin r\u0259isi polkovnik F\u00fczuli Musayev MMQ-in \u0259sg\u0259ri M\u0259h\u0259mm\u0259d M\u0259mm\u0259dovu q\u0259bul ed\u0259r\u0259k \u0259ld\u0259 etdiyi nailiyy\u0259t\u0259 g\u00f6r\u0259 t\u0259brik edib, g\u0259l\u0259c\u0259k yar\u0131\u015flarda m\u00fcv\u0259ff\u0259qiyy\u0259tl\u0259r arzulay\u0131b.<\/p>\n<div class=\"gallery\">\n<div class=\"gallery-i\"><img src=\"https:\/\/assets.oxu.az\/uploads\/W1siZiIsIjIwMTkvMTIvMjkvMTUvMzYvNDIvYTEwYTNlNjYtMmUyOC00NTc4LWFmZDMtMTc3YmQ5NjUwMmQxL0RTQ18wMjE4LkpQRyJdLFsicCIsImVuY29kZSIsImpwZyIsIi1xdWFsaXR5IDgwIl0sWyJwIiwidGh1bWIiLCI1OTB4NTkwXHUwMDNlIl1d?sha=38fcb72fcb96af2e\" alt=\"\" \/><\/p>\n<div class=\"gallery-i-caption\"><\/div>\n<\/div>\n<div class=\"gallery-i\"><img src=\"https:\/\/assets.oxu.az\/uploads\/W1siZiIsIjIwMTkvMTIvMjkvMTUvMzYvNDIvMDJmYTU1YzgtMWVhYy00Y2Y2LTgyZDgtNzQ2NjM3MzFlZWViL0RTQ18wMjA0LkpQRyJdLFsicCIsImVuY29kZSIsImpwZyIsIi1xdWFsaXR5IDgwIl0sWyJwIiwidGh1bWIiLCI1OTB4NTkwXHUwMDNlIl1d?sha=38e44d3c9ae6b576\" alt=\"\" \/><\/div>\n<\/div>\n","protected":false},"excerpt":{"rendered":"<p>23-28 dekabr tarixl\u0259rind\u0259 Ab\u015feron Olimpiya Kompleksind\u0259 Az\u0259rbaycan Taekvondo Federasiyas\u0131n\u0131n v\u0259 Bak\u0131 \u015e\u0259h\u0259r G\u0259ncl\u0259r v\u0259 \u0130dman Ba\u015f \u0130dar\u0259sinin t\u0259\u015fkilat\u00e7\u0131l\u0131\u011f\u0131 il\u0259 yeniyetm\u0259, g\u0259nc v\u0259 b\u00f6y\u00fckl\u0259r aras\u0131nda 30-cu Az\u0259rbaycan \u00e7empionat\u0131\u00a0ke\u00e7irilib. 75 komandadan 750-d\u0259n \u00e7ox idman\u00e7\u0131n\u0131n m\u00fcbariz\u0259 apard\u0131\u011f\u0131 yar\u0131\u015fda F\u00f6vq\u0259lad\u0259 Hallar Nazirliyinin taekvondo komandas\u0131n\u0131n idman\u00e7\u0131lar\u0131 da i\u015ftirak edib. Yar\u0131\u015fda F\u00f6vq\u0259lad\u0259 Hallar Nazirliyinin M\u00fclki M\u00fcdafi\u0259 Qo\u015funlar\u0131n\u0131n \u201cN\u201d sayl\u0131 h\u0259rbi hiss\u0259sinin \u0259sg\u0259ri M\u0259h\u0259mm\u0259d M\u0259mm\u0259dov 80 kq \u00e7\u0259ki d\u0259r\u0259c\u0259sind\u0259 b\u00fct\u00fcn r\u0259qibl\u0259rin\u0259 qalib g\u0259lib, turnirin q\u0131z\u0131l medal\u0131na layiq g\u00f6r\u00fcl\u00fcb. 29 dekabrda\u00a0F\u00f6vq\u0259lad\u0259 Hallar Nazirliyinin \u0130dman-sa\u011flaml\u0131q m\u0259rk\u0259zinin r\u0259isi polkovnik F\u00fczuli Musayev MMQ-in \u0259sg\u0259ri M\u0259h\u0259mm\u0259d M\u0259mm\u0259dovu q\u0259bul ed\u0259r\u0259k \u0259ld\u0259 etdiyi nailiyy\u0259t\u0259&hellip;<\/p>\n","protected":false},"author":2,"featured_media":113678,"comment_status":"closed","ping_status":"closed","sticky":false,"template":"","format":"standard","meta":{"om_disable_all_campaigns":false,"_monsterinsights_skip_tracking":false,"_monsterinsights_sitenote_active":false,"_monsterinsights_sitenote_note":"","_monsterinsights_sitenote_category":0},"categories":[6],"tags":[],"aioseo_notices":[],"gutentor_comment":0,"rttpg_featured_image_url":{"full":["https:\/\/arantv.az\/wp-content\/uploads\/2019\/12\/DSC_0215.jpg",576,465,false],"landscape":["https:\/\/arantv.az\/wp-content\/uploads\/2019\/12\/DSC_0215.jpg",576,465,false],"portraits":["https:\/\/arantv.az\/wp-content\/uploads\/2019\/12\/DSC_0215.jpg",576,465,false],"thumbnail":["https:\/\/arantv.az\/wp-content\/uploads\/2019\/12\/DSC_0215-150x150.jpg",150,150,true],"medium":["https:\/\/arantv.az\/wp-content\/uploads\/2019\/12\/DSC_0215-300x242.jpg",300,242,true],"large":["https:\/\/arantv.az\/wp-content\/uploads\/2019\/12\/DSC_0215.jpg",576,465,false],"1536x1536":["https:\/\/arantv.az\/wp-content\/uploads\/2019\/12\/DSC_0215.jpg",576,465,false],"2048x2048":["https:\/\/arantv.az\/wp-content\/uploads\/2019\/12\/DSC_0215.jpg",576,465,false],"post-thumbnail":["https:\/\/arantv.az\/wp-content\/uploads\/2019\/12\/DSC_0215-240x172.jpg",240,172,true],"advps-thumb-one":["https:\/\/arantv.az\/wp-content\/uploads\/2019\/12\/DSC_0215.jpg",576,465,false]},"rttpg_author":{"display_name":"V\u00fcsal Rafiqo\u011flu","author_link":"https:\/\/arantv.az\/?author=2"},"rttpg_comment":0,"rttpg_category":"<a href=\"https:\/\/arantv.az\/?cat=6\" rel=\"category\">\u0130dman<\/a>","rttpg_excerpt":"23-28 dekabr tarixl\u0259rind\u0259 Ab\u015feron Olimpiya Kompleksind\u0259 Az\u0259rbaycan Taekvondo Federasiyas\u0131n\u0131n v\u0259 Bak\u0131 \u015e\u0259h\u0259r G\u0259ncl\u0259r v\u0259 \u0130dman Ba\u015f \u0130dar\u0259sinin t\u0259\u015fkilat\u00e7\u0131l\u0131\u011f\u0131 il\u0259 yeniyetm\u0259, g\u0259nc v\u0259 b\u00f6y\u00fckl\u0259r aras\u0131nda 30-cu Az\u0259rbaycan \u00e7empionat\u0131\u00a0ke\u00e7irilib. 75 komandadan 750-d\u0259n \u00e7ox idman\u00e7\u0131n\u0131n m\u00fcbariz\u0259 apard\u0131\u011f\u0131 yar\u0131\u015fda F\u00f6vq\u0259lad\u0259 Hallar Nazirliyinin taekvondo komandas\u0131n\u0131n idman\u00e7\u0131lar\u0131 da i\u015ftirak edib. Yar\u0131\u015fda F\u00f6vq\u0259lad\u0259 Hallar Nazirliyinin M\u00fclki M\u00fcdafi\u0259 Qo\u015funlar\u0131n\u0131n \u201cN\u201d sayl\u0131 h\u0259rbi hiss\u0259sinin&hellip;","_links":{"self":[{"href":"https:\/\/arantv.az\/index.php?rest_route=\/wp\/v2\/posts\/113677"}],"collection":[{"href":"https:\/\/arantv.az\/index.php?rest_route=\/wp\/v2\/posts"}],"about":[{"href":"https:\/\/arantv.az\/index.php?rest_route=\/wp\/v2\/types\/post"}],"author":[{"embeddable":true,"href":"https:\/\/arantv.az\/index.php?rest_route=\/wp\/v2\/users\/2"}],"replies":[{"embeddable":true,"href":"https:\/\/arantv.az\/index.php?rest_route=%2Fwp%2Fv2%2Fcomments&post=113677"}],"version-history":[{"count":0,"href":"https:\/\/arantv.az\/index.php?rest_route=\/wp\/v2\/posts\/113677\/revisions"}],"wp:featuredmedia":[{"embeddable":true,"href":"https:\/\/arantv.az\/index.php?rest_route=\/wp\/v2\/media\/113678"}],"wp:attachment":[{"href":"https:\/\/arantv.az\/index.php?rest_route=%2Fwp%2Fv2%2Fmedia&parent=113677"}],"wp:term":[{"taxonomy":"category","embeddable":true,"href":"https:\/\/arantv.az\/index.php?rest_route=%2Fwp%2Fv2%2Fcategories&post=113677"},{"taxonomy":"post_tag","embeddable":true,"href":"https:\/\/arantv.az\/index.php?rest_route=%2Fwp%2Fv2%2Ftags&post=113677"}],"curies":[{"name":"wp","href":"https:\/\/api.w.org\/{rel}","templated":true}]}}