{"id":113681,"date":"2019-12-29T15:21:20","date_gmt":"2019-12-29T12:21:20","guid":{"rendered":"http:\/\/arantv.az\/?p=113681"},"modified":"2019-12-29T15:21:20","modified_gmt":"2019-12-29T12:21:20","slug":"bakida-z%c9%99h%c9%99rl%c9%99nm%c9%99y%c9%99-gor%c9%99-baglanan-m%c9%99shur-don%c9%99rxana-yenid%c9%99n-f%c9%99aliyy%c9%99t%c9%99-basladi","status":"publish","type":"post","link":"https:\/\/arantv.az\/?p=113681","title":{"rendered":"Bak\u0131da z\u0259h\u0259rl\u0259nm\u0259y\u0259 g\u00f6r\u0259 ba\u011flanan m\u0259\u015fhur d\u00f6n\u0259rxana yenid\u0259n f\u0259aliyy\u0259t\u0259 ba\u015flad\u0131"},"content":{"rendered":"<p>\u201cBir-iki d\u00f6n\u0259r\u201d d\u00f6n\u0259rxanas\u0131nda ba\u015f ver\u0259n z\u0259h\u0259rl\u0259nm\u0259 hal\u0131 aradan qald\u0131r\u0131ld\u0131qdan sonra m\u00fc\u0259ssis\u0259nin f\u0259aliyy\u0259ti b\u0259rpa edilib.<\/p>\n<p><b>ARANTV.AZ<\/b>-\u0131n m\u0259lumat\u0131na g\u00f6r\u0259, bunu Az\u0259rbaycan Qida T\u0259hl\u00fck\u0259sizliyi Agentliyinin s\u0259dri Qo\u015fqar T\u0259hm\u0259zli jurnalistl\u0259r\u0259 a\u00e7\u0131qlamas\u0131nda deyib.<\/p>\n<p>Onun s\u00f6zl\u0259rin\u0259 g\u00f6r\u0259, m\u00fc\u0259ssis\u0259nin\u00a0f\u0259aliyy\u0259t m\u0259hdudla\u015fd\u0131r\u0131l\u0131b:<\/p>\n<p>\u201cZ\u0259h\u0259rl\u0259nm\u0259y\u0259 s\u0259b\u0259b olan faktlar aradan qald\u0131r\u0131ld\u0131qdan sonra m\u00fc\u0259ssis\u0259 f\u0259aliyy\u0259tini\u00a0davam etdirir. Amma orada n\u0259zar\u0259t t\u0259dbirl\u0259ri g\u00fccl\u0259dirilib\u201d.<\/p>\n<p>S\u0259dr qeyd edib ki, \u201cBir-iki d\u00f6n\u0259r\u201dd\u0259ki z\u0259h\u0259rl\u0259nm\u0259y\u0259 emal prosesind\u0259ki n\u00f6qsan s\u0259b\u0259b olub.Oxu.Az<\/p>\n","protected":false},"excerpt":{"rendered":"<p>\u201cBir-iki d\u00f6n\u0259r\u201d d\u00f6n\u0259rxanas\u0131nda ba\u015f ver\u0259n z\u0259h\u0259rl\u0259nm\u0259 hal\u0131 aradan qald\u0131r\u0131ld\u0131qdan sonra m\u00fc\u0259ssis\u0259nin f\u0259aliyy\u0259ti b\u0259rpa edilib. ARANTV.AZ-\u0131n m\u0259lumat\u0131na g\u00f6r\u0259, bunu Az\u0259rbaycan Qida T\u0259hl\u00fck\u0259sizliyi Agentliyinin s\u0259dri Qo\u015fqar T\u0259hm\u0259zli jurnalistl\u0259r\u0259 a\u00e7\u0131qlamas\u0131nda deyib. Onun s\u00f6zl\u0259rin\u0259 g\u00f6r\u0259, m\u00fc\u0259ssis\u0259nin\u00a0f\u0259aliyy\u0259t m\u0259hdudla\u015fd\u0131r\u0131l\u0131b: \u201cZ\u0259h\u0259rl\u0259nm\u0259y\u0259 s\u0259b\u0259b olan faktlar aradan qald\u0131r\u0131ld\u0131qdan sonra m\u00fc\u0259ssis\u0259 f\u0259aliyy\u0259tini\u00a0davam etdirir. Amma orada n\u0259zar\u0259t t\u0259dbirl\u0259ri g\u00fccl\u0259dirilib\u201d. S\u0259dr qeyd edib ki, \u201cBir-iki d\u00f6n\u0259r\u201dd\u0259ki z\u0259h\u0259rl\u0259nm\u0259y\u0259 emal prosesind\u0259ki n\u00f6qsan s\u0259b\u0259b olub.Oxu.Az<\/p>\n","protected":false},"author":2,"featured_media":113682,"comment_status":"closed","ping_status":"closed","sticky":false,"template":"","format":"standard","meta":{"om_disable_all_campaigns":false,"_monsterinsights_skip_tracking":false,"_monsterinsights_sitenote_active":false,"_monsterinsights_sitenote_note":"","_monsterinsights_sitenote_category":0},"categories":[1],"tags":[],"aioseo_notices":[],"gutentor_comment":0,"rttpg_featured_image_url":{"full":["https:\/\/arantv.az\/wp-content\/uploads\/2019\/12\/74659542_2379781295461804_6180986352700133049_n.jpg",620,455,false],"landscape":["https:\/\/arantv.az\/wp-content\/uploads\/2019\/12\/74659542_2379781295461804_6180986352700133049_n.jpg",620,455,false],"portraits":["https:\/\/arantv.az\/wp-content\/uploads\/2019\/12\/74659542_2379781295461804_6180986352700133049_n.jpg",620,455,false],"thumbnail":["https:\/\/arantv.az\/wp-content\/uploads\/2019\/12\/74659542_2379781295461804_6180986352700133049_n-150x150.jpg",150,150,true],"medium":["https:\/\/arantv.az\/wp-content\/uploads\/2019\/12\/74659542_2379781295461804_6180986352700133049_n-300x220.jpg",300,220,true],"large":["https:\/\/arantv.az\/wp-content\/uploads\/2019\/12\/74659542_2379781295461804_6180986352700133049_n.jpg",620,455,false],"1536x1536":["https:\/\/arantv.az\/wp-content\/uploads\/2019\/12\/74659542_2379781295461804_6180986352700133049_n.jpg",620,455,false],"2048x2048":["https:\/\/arantv.az\/wp-content\/uploads\/2019\/12\/74659542_2379781295461804_6180986352700133049_n.jpg",620,455,false],"post-thumbnail":["https:\/\/arantv.az\/wp-content\/uploads\/2019\/12\/74659542_2379781295461804_6180986352700133049_n-240x172.jpg",240,172,true],"advps-thumb-one":["https:\/\/arantv.az\/wp-content\/uploads\/2019\/12\/74659542_2379781295461804_6180986352700133049_n.jpg",620,455,false]},"rttpg_author":{"display_name":"V\u00fcsal Rafiqo\u011flu","author_link":"https:\/\/arantv.az\/?author=2"},"rttpg_comment":0,"rttpg_category":"<a href=\"https:\/\/arantv.az\/?cat=1\" rel=\"category\">C\u0259miyy\u0259t<\/a>","rttpg_excerpt":"\u201cBir-iki d\u00f6n\u0259r\u201d d\u00f6n\u0259rxanas\u0131nda ba\u015f ver\u0259n z\u0259h\u0259rl\u0259nm\u0259 hal\u0131 aradan qald\u0131r\u0131ld\u0131qdan sonra m\u00fc\u0259ssis\u0259nin f\u0259aliyy\u0259ti b\u0259rpa edilib. ARANTV.AZ-\u0131n m\u0259lumat\u0131na g\u00f6r\u0259, bunu Az\u0259rbaycan Qida T\u0259hl\u00fck\u0259sizliyi Agentliyinin s\u0259dri Qo\u015fqar T\u0259hm\u0259zli jurnalistl\u0259r\u0259 a\u00e7\u0131qlamas\u0131nda deyib. Onun s\u00f6zl\u0259rin\u0259 g\u00f6r\u0259, m\u00fc\u0259ssis\u0259nin\u00a0f\u0259aliyy\u0259t m\u0259hdudla\u015fd\u0131r\u0131l\u0131b: \u201cZ\u0259h\u0259rl\u0259nm\u0259y\u0259 s\u0259b\u0259b olan faktlar aradan qald\u0131r\u0131ld\u0131qdan sonra m\u00fc\u0259ssis\u0259 f\u0259aliyy\u0259tini\u00a0davam etdirir. Amma orada n\u0259zar\u0259t t\u0259dbirl\u0259ri g\u00fccl\u0259dirilib\u201d. S\u0259dr qeyd edib ki, \u201cBir-iki d\u00f6n\u0259r\u201dd\u0259ki z\u0259h\u0259rl\u0259nm\u0259y\u0259&hellip;","_links":{"self":[{"href":"https:\/\/arantv.az\/index.php?rest_route=\/wp\/v2\/posts\/113681"}],"collection":[{"href":"https:\/\/arantv.az\/index.php?rest_route=\/wp\/v2\/posts"}],"about":[{"href":"https:\/\/arantv.az\/index.php?rest_route=\/wp\/v2\/types\/post"}],"author":[{"embeddable":true,"href":"https:\/\/arantv.az\/index.php?rest_route=\/wp\/v2\/users\/2"}],"replies":[{"embeddable":true,"href":"https:\/\/arantv.az\/index.php?rest_route=%2Fwp%2Fv2%2Fcomments&post=113681"}],"version-history":[{"count":0,"href":"https:\/\/arantv.az\/index.php?rest_route=\/wp\/v2\/posts\/113681\/revisions"}],"wp:featuredmedia":[{"embeddable":true,"href":"https:\/\/arantv.az\/index.php?rest_route=\/wp\/v2\/media\/113682"}],"wp:attachment":[{"href":"https:\/\/arantv.az\/index.php?rest_route=%2Fwp%2Fv2%2Fmedia&parent=113681"}],"wp:term":[{"taxonomy":"category","embeddable":true,"href":"https:\/\/arantv.az\/index.php?rest_route=%2Fwp%2Fv2%2Fcategories&post=113681"},{"taxonomy":"post_tag","embeddable":true,"href":"https:\/\/arantv.az\/index.php?rest_route=%2Fwp%2Fv2%2Ftags&post=113681"}],"curies":[{"name":"wp","href":"https:\/\/api.w.org\/{rel}","templated":true}]}}