{"id":113689,"date":"2019-12-29T15:23:42","date_gmt":"2019-12-29T12:23:42","guid":{"rendered":"http:\/\/arantv.az\/?p=113689"},"modified":"2019-12-29T15:23:42","modified_gmt":"2019-12-29T12:23:42","slug":"m%c9%99zahir-p%c9%99nahovdan-deputatliga-namiz%c9%99dl%c9%99rl%c9%99-bagli-yeni-q%c9%99rar","status":"publish","type":"post","link":"https:\/\/arantv.az\/?p=113689","title":{"rendered":"M\u0259zahir P\u0259nahovdan deputatl\u0131\u011fa namiz\u0259dl\u0259rl\u0259 ba\u011fl\u0131 yeni Q\u018fRAR"},"content":{"rendered":"<p>\u201cAz\u0259rbaycan Respublikas\u0131n\u0131n Milli M\u0259clisin\u0259 se\u00e7kil\u0259rd\u0259\u00a0deputatl\u0131\u011fa namiz\u0259d\u0259, onun s\u0259lahiyy\u0259tli n\u00fcmay\u0259nd\u0259sin\u0259, siyasi partiyan\u0131n, siyasi partiyalar blokunun s\u0259lahiyy\u0259tli n\u00fcmay\u0259nd\u0259l\u0259rin\u0259 dair\u0259 se\u00e7ki komissiyas\u0131 t\u0259r\u0259find\u0259n imza v\u0259r\u0259q\u0259l\u0259rinin verilm\u0259si Qaydalar\u0131\u201dna d\u0259yi\u015fiklik edilib.<\/p>\n<p><b>ARANTV.AZ<\/b>-\u0131n x\u0259b\u0259rin\u0259 g\u00f6r\u0259, bununla ba\u011fl\u0131 M\u0259rk\u0259zi Se\u00e7ki Komissiyas\u0131n\u0131n s\u0259dri M\u0259zahir P\u0259nahov q\u0259rar imzalay\u0131b.<\/p>\n<p>Q\u0259rar s\u0259n\u0259din 1.2-ci b\u0259ndi il\u0259 ba\u011fl\u0131d\u0131r. H\u0259min b\u0259ndin birinci c\u00fcml\u0259sind\u0259 yaz\u0131l\u0131b ki, namiz\u0259d\u0259, onun s\u0259lahiyy\u0259tli n\u00fcmay\u0259nd\u0259sin\u0259, siyasi partiyan\u0131n, siyasi partiyalar blokunun s\u0259lahiyy\u0259tli n\u00fcmay\u0259nd\u0259l\u0259rin\u0259 imza v\u0259r\u0259q\u0259l\u0259ri veril\u0259rk\u0259n h\u0259r bir imza v\u0259r\u0259q\u0259sinin yuxar\u0131 sa\u011f k\u00fcnc\u00fc dair\u0259 se\u00e7ki komissiyas\u0131n\u0131n m\u00f6h\u00fcr\u00fc il\u0259 t\u0259sdiql\u0259nm\u0259lidir.<\/p>\n<p>Q\u0259rarla s\u0259n\u0259din h\u0259min b\u0259ndin\u0259 c\u00fcml\u0259 \u0259lav\u0259 edilib ki, imza v\u0259r\u0259q\u0259l\u0259rini g\u00f6t\u00fcr\u0259n namiz\u0259d v\u0259 ya s\u0259lahiyy\u0259tli n\u00fcmay\u0259nd\u0259 h\u0259r imza v\u0259r\u0259q\u0259sinin a\u015fa\u011f\u0131 k\u00fcnc hiss\u0259sind\u0259 imza qoysun.Oxu.Az<\/p>\n","protected":false},"excerpt":{"rendered":"<p>\u201cAz\u0259rbaycan Respublikas\u0131n\u0131n Milli M\u0259clisin\u0259 se\u00e7kil\u0259rd\u0259\u00a0deputatl\u0131\u011fa namiz\u0259d\u0259, onun s\u0259lahiyy\u0259tli n\u00fcmay\u0259nd\u0259sin\u0259, siyasi partiyan\u0131n, siyasi partiyalar blokunun s\u0259lahiyy\u0259tli n\u00fcmay\u0259nd\u0259l\u0259rin\u0259 dair\u0259 se\u00e7ki komissiyas\u0131 t\u0259r\u0259find\u0259n imza v\u0259r\u0259q\u0259l\u0259rinin verilm\u0259si Qaydalar\u0131\u201dna d\u0259yi\u015fiklik edilib. ARANTV.AZ-\u0131n x\u0259b\u0259rin\u0259 g\u00f6r\u0259, bununla ba\u011fl\u0131 M\u0259rk\u0259zi Se\u00e7ki Komissiyas\u0131n\u0131n s\u0259dri M\u0259zahir P\u0259nahov q\u0259rar imzalay\u0131b. Q\u0259rar s\u0259n\u0259din 1.2-ci b\u0259ndi il\u0259 ba\u011fl\u0131d\u0131r. H\u0259min b\u0259ndin birinci c\u00fcml\u0259sind\u0259 yaz\u0131l\u0131b ki, namiz\u0259d\u0259, onun s\u0259lahiyy\u0259tli n\u00fcmay\u0259nd\u0259sin\u0259, siyasi partiyan\u0131n, siyasi partiyalar blokunun s\u0259lahiyy\u0259tli n\u00fcmay\u0259nd\u0259l\u0259rin\u0259 imza v\u0259r\u0259q\u0259l\u0259ri veril\u0259rk\u0259n h\u0259r bir imza v\u0259r\u0259q\u0259sinin yuxar\u0131 sa\u011f k\u00fcnc\u00fc dair\u0259 se\u00e7ki komissiyas\u0131n\u0131n m\u00f6h\u00fcr\u00fc il\u0259 t\u0259sdiql\u0259nm\u0259lidir. Q\u0259rarla s\u0259n\u0259din h\u0259min b\u0259ndin\u0259 c\u00fcml\u0259 \u0259lav\u0259 edilib ki, imza v\u0259r\u0259q\u0259l\u0259rini g\u00f6t\u00fcr\u0259n namiz\u0259d&hellip;<\/p>\n","protected":false},"author":2,"featured_media":113690,"comment_status":"closed","ping_status":"closed","sticky":false,"template":"","format":"standard","meta":{"om_disable_all_campaigns":false,"_monsterinsights_skip_tracking":false,"_monsterinsights_sitenote_active":false,"_monsterinsights_sitenote_note":"","_monsterinsights_sitenote_category":0},"categories":[1],"tags":[],"aioseo_notices":[],"gutentor_comment":0,"rttpg_featured_image_url":{"full":["https:\/\/arantv.az\/wp-content\/uploads\/2019\/12\/406800505-1.jpg",620,335,false],"landscape":["https:\/\/arantv.az\/wp-content\/uploads\/2019\/12\/406800505-1.jpg",620,335,false],"portraits":["https:\/\/arantv.az\/wp-content\/uploads\/2019\/12\/406800505-1.jpg",620,335,false],"thumbnail":["https:\/\/arantv.az\/wp-content\/uploads\/2019\/12\/406800505-1-150x150.jpg",150,150,true],"medium":["https:\/\/arantv.az\/wp-content\/uploads\/2019\/12\/406800505-1-300x162.jpg",300,162,true],"large":["https:\/\/arantv.az\/wp-content\/uploads\/2019\/12\/406800505-1.jpg",620,335,false],"1536x1536":["https:\/\/arantv.az\/wp-content\/uploads\/2019\/12\/406800505-1.jpg",620,335,false],"2048x2048":["https:\/\/arantv.az\/wp-content\/uploads\/2019\/12\/406800505-1.jpg",620,335,false],"post-thumbnail":["https:\/\/arantv.az\/wp-content\/uploads\/2019\/12\/406800505-1-240x172.jpg",240,172,true],"advps-thumb-one":["https:\/\/arantv.az\/wp-content\/uploads\/2019\/12\/406800505-1.jpg",620,335,false]},"rttpg_author":{"display_name":"V\u00fcsal Rafiqo\u011flu","author_link":"https:\/\/arantv.az\/?author=2"},"rttpg_comment":0,"rttpg_category":"<a href=\"https:\/\/arantv.az\/?cat=1\" rel=\"category\">C\u0259miyy\u0259t<\/a>","rttpg_excerpt":"\u201cAz\u0259rbaycan Respublikas\u0131n\u0131n Milli M\u0259clisin\u0259 se\u00e7kil\u0259rd\u0259\u00a0deputatl\u0131\u011fa namiz\u0259d\u0259, onun s\u0259lahiyy\u0259tli n\u00fcmay\u0259nd\u0259sin\u0259, siyasi partiyan\u0131n, siyasi partiyalar blokunun s\u0259lahiyy\u0259tli n\u00fcmay\u0259nd\u0259l\u0259rin\u0259 dair\u0259 se\u00e7ki komissiyas\u0131 t\u0259r\u0259find\u0259n imza v\u0259r\u0259q\u0259l\u0259rinin verilm\u0259si Qaydalar\u0131\u201dna d\u0259yi\u015fiklik edilib. ARANTV.AZ-\u0131n x\u0259b\u0259rin\u0259 g\u00f6r\u0259, bununla ba\u011fl\u0131 M\u0259rk\u0259zi Se\u00e7ki Komissiyas\u0131n\u0131n s\u0259dri M\u0259zahir P\u0259nahov q\u0259rar imzalay\u0131b. Q\u0259rar s\u0259n\u0259din 1.2-ci b\u0259ndi il\u0259 ba\u011fl\u0131d\u0131r. H\u0259min b\u0259ndin birinci c\u00fcml\u0259sind\u0259 yaz\u0131l\u0131b ki, namiz\u0259d\u0259, onun s\u0259lahiyy\u0259tli n\u00fcmay\u0259nd\u0259sin\u0259,&hellip;","_links":{"self":[{"href":"https:\/\/arantv.az\/index.php?rest_route=\/wp\/v2\/posts\/113689"}],"collection":[{"href":"https:\/\/arantv.az\/index.php?rest_route=\/wp\/v2\/posts"}],"about":[{"href":"https:\/\/arantv.az\/index.php?rest_route=\/wp\/v2\/types\/post"}],"author":[{"embeddable":true,"href":"https:\/\/arantv.az\/index.php?rest_route=\/wp\/v2\/users\/2"}],"replies":[{"embeddable":true,"href":"https:\/\/arantv.az\/index.php?rest_route=%2Fwp%2Fv2%2Fcomments&post=113689"}],"version-history":[{"count":0,"href":"https:\/\/arantv.az\/index.php?rest_route=\/wp\/v2\/posts\/113689\/revisions"}],"wp:featuredmedia":[{"embeddable":true,"href":"https:\/\/arantv.az\/index.php?rest_route=\/wp\/v2\/media\/113690"}],"wp:attachment":[{"href":"https:\/\/arantv.az\/index.php?rest_route=%2Fwp%2Fv2%2Fmedia&parent=113689"}],"wp:term":[{"taxonomy":"category","embeddable":true,"href":"https:\/\/arantv.az\/index.php?rest_route=%2Fwp%2Fv2%2Fcategories&post=113689"},{"taxonomy":"post_tag","embeddable":true,"href":"https:\/\/arantv.az\/index.php?rest_route=%2Fwp%2Fv2%2Ftags&post=113689"}],"curies":[{"name":"wp","href":"https:\/\/api.w.org\/{rel}","templated":true}]}}