{"id":113693,"date":"2019-12-29T15:24:40","date_gmt":"2019-12-29T12:24:40","guid":{"rendered":"http:\/\/arantv.az\/?p=113693"},"modified":"2019-12-29T15:24:40","modified_gmt":"2019-12-29T12:24:40","slug":"qosqar-t%c9%99hm%c9%99zli-bu-gost%c9%99rici-2-%c9%99-endirilm%c9%99lidir","status":"publish","type":"post","link":"https:\/\/arantv.az\/?p=113693","title":{"rendered":"Qo\u015fqar T\u0259hm\u0259zli: &#8220;Bu g\u00f6st\u0259rici 2 %-\u0259 endirilm\u0259lidir&#8221;"},"content":{"rendered":"<p><strong>Az\u0259rbaycanda qida ya\u011flar\u0131n\u0131n t\u0259rkibind\u0259ki trans ya\u011flar\u0131n normativ h\u0259ddinin a\u015fa\u011f\u0131 sal\u0131nmas\u0131 m\u0259s\u0259l\u0259si qanunla t\u0259nziml\u0259nm\u0259lidir.<\/strong><\/p>\n<p><strong>ARANTV.AZ<\/strong>\u00a0\u00a0<a href=\"http:\/\/az.trend.az\/\" target=\"_blank\" rel=\"noopener\">Trend<\/a>-\u0259 istinad\u0259n bildirir ki,\u00a0bunu Az\u0259rbaycan Qida T\u0259hl\u00fck\u0259sizliyi Agentliyinin s\u0259dri Qo\u015fqar T\u0259hm\u0259zli deyib.<\/p>\n<p>Onun s\u00f6zl\u0259rin\u0259 g\u00f6r\u0259, haz\u0131rda Az\u0259rbaycanda trans ya\u011flarla ba\u011fl\u0131 normativ h\u0259dd g\u00f6st\u0259ricisi 8 %-dir. Amma Q.T\u0259hm\u0259zli hesab edir ki, bu g\u00f6st\u0259rici 2 %-\u0259 endirilm\u0259lidir:<\/p>\n<p>&#8220;Az\u0259rbaycan Qida T\u0259hl\u00fck\u0259sizliyi Agentliyi ist\u0259yir ki, Avropa Qida T\u0259hl\u00fck\u0259sizliyi Agentliyinin t\u00f6vsiy\u0259l\u0259rin\u0259 uy\u011fun olaraq, \u00f6lk\u0259d\u0259 d\u0259 trans ya\u011flar\u0131n\u0131n yuxar\u0131 h\u0259ddini 2 % ed\u0259k. T\u0259bii ki bu m\u0259s\u0259l\u0259 qanunvericilikd\u0259 \u00f6z \u0259ksini tapmal\u0131d\u0131r. Energetik i\u00e7kil\u0259rd\u0259 oldu\u011fu kimi, haz\u0131rda trans ya\u011flarla da ba\u011fl\u0131 m\u00fcvafiq normativ-h\u00fcquqi s\u0259n\u0259dl\u0259r haz\u0131rlan\u0131r. S\u0259n\u0259dl\u0259r haz\u0131r olduqdan sonra \u018fdliyy\u0259 Nazirliyind\u0259 qeydiyyatdan ke\u00e7iril\u0259c\u0259k v\u0259 sonra h\u00fcquqi q\u00fcvv\u0259y\u0259 min\u0259c\u0259k&#8221;.<\/p>\n","protected":false},"excerpt":{"rendered":"<p>Az\u0259rbaycanda qida ya\u011flar\u0131n\u0131n t\u0259rkibind\u0259ki trans ya\u011flar\u0131n normativ h\u0259ddinin a\u015fa\u011f\u0131 sal\u0131nmas\u0131 m\u0259s\u0259l\u0259si qanunla t\u0259nziml\u0259nm\u0259lidir. ARANTV.AZ\u00a0\u00a0Trend-\u0259 istinad\u0259n bildirir ki,\u00a0bunu Az\u0259rbaycan Qida T\u0259hl\u00fck\u0259sizliyi Agentliyinin s\u0259dri Qo\u015fqar T\u0259hm\u0259zli deyib. Onun s\u00f6zl\u0259rin\u0259 g\u00f6r\u0259, haz\u0131rda Az\u0259rbaycanda trans ya\u011flarla ba\u011fl\u0131 normativ h\u0259dd g\u00f6st\u0259ricisi 8 %-dir. Amma Q.T\u0259hm\u0259zli hesab edir ki, bu g\u00f6st\u0259rici 2 %-\u0259 endirilm\u0259lidir: &#8220;Az\u0259rbaycan Qida T\u0259hl\u00fck\u0259sizliyi Agentliyi ist\u0259yir ki, Avropa Qida T\u0259hl\u00fck\u0259sizliyi Agentliyinin t\u00f6vsiy\u0259l\u0259rin\u0259 uy\u011fun olaraq, \u00f6lk\u0259d\u0259 d\u0259 trans ya\u011flar\u0131n\u0131n yuxar\u0131 h\u0259ddini 2 % ed\u0259k. T\u0259bii ki bu m\u0259s\u0259l\u0259 qanunvericilikd\u0259 \u00f6z \u0259ksini tapmal\u0131d\u0131r. Energetik i\u00e7kil\u0259rd\u0259 oldu\u011fu kimi, haz\u0131rda trans ya\u011flarla da ba\u011fl\u0131 m\u00fcvafiq normativ-h\u00fcquqi s\u0259n\u0259dl\u0259r&hellip;<\/p>\n","protected":false},"author":2,"featured_media":113694,"comment_status":"closed","ping_status":"closed","sticky":false,"template":"","format":"standard","meta":{"om_disable_all_campaigns":false,"_monsterinsights_skip_tracking":false,"_monsterinsights_sitenote_active":false,"_monsterinsights_sitenote_note":"","_monsterinsights_sitenote_category":0},"categories":[1],"tags":[],"aioseo_notices":[],"gutentor_comment":0,"rttpg_featured_image_url":{"full":["https:\/\/arantv.az\/wp-content\/uploads\/2019\/12\/814472.jpg",800,600,false],"landscape":["https:\/\/arantv.az\/wp-content\/uploads\/2019\/12\/814472.jpg",800,600,false],"portraits":["https:\/\/arantv.az\/wp-content\/uploads\/2019\/12\/814472.jpg",800,600,false],"thumbnail":["https:\/\/arantv.az\/wp-content\/uploads\/2019\/12\/814472-150x150.jpg",150,150,true],"medium":["https:\/\/arantv.az\/wp-content\/uploads\/2019\/12\/814472-300x225.jpg",300,225,true],"large":["https:\/\/arantv.az\/wp-content\/uploads\/2019\/12\/814472.jpg",640,480,false],"1536x1536":["https:\/\/arantv.az\/wp-content\/uploads\/2019\/12\/814472.jpg",800,600,false],"2048x2048":["https:\/\/arantv.az\/wp-content\/uploads\/2019\/12\/814472.jpg",800,600,false],"post-thumbnail":["https:\/\/arantv.az\/wp-content\/uploads\/2019\/12\/814472-240x172.jpg",240,172,true],"advps-thumb-one":["https:\/\/arantv.az\/wp-content\/uploads\/2019\/12\/814472.jpg",800,600,false]},"rttpg_author":{"display_name":"V\u00fcsal Rafiqo\u011flu","author_link":"https:\/\/arantv.az\/?author=2"},"rttpg_comment":0,"rttpg_category":"<a href=\"https:\/\/arantv.az\/?cat=1\" rel=\"category\">C\u0259miyy\u0259t<\/a>","rttpg_excerpt":"Az\u0259rbaycanda qida ya\u011flar\u0131n\u0131n t\u0259rkibind\u0259ki trans ya\u011flar\u0131n normativ h\u0259ddinin a\u015fa\u011f\u0131 sal\u0131nmas\u0131 m\u0259s\u0259l\u0259si qanunla t\u0259nziml\u0259nm\u0259lidir. ARANTV.AZ\u00a0\u00a0Trend-\u0259 istinad\u0259n bildirir ki,\u00a0bunu Az\u0259rbaycan Qida T\u0259hl\u00fck\u0259sizliyi Agentliyinin s\u0259dri Qo\u015fqar T\u0259hm\u0259zli deyib. Onun s\u00f6zl\u0259rin\u0259 g\u00f6r\u0259, haz\u0131rda Az\u0259rbaycanda trans ya\u011flarla ba\u011fl\u0131 normativ h\u0259dd g\u00f6st\u0259ricisi 8 %-dir. Amma Q.T\u0259hm\u0259zli hesab edir ki, bu g\u00f6st\u0259rici 2 %-\u0259 endirilm\u0259lidir: &#8220;Az\u0259rbaycan Qida T\u0259hl\u00fck\u0259sizliyi Agentliyi ist\u0259yir ki, Avropa&hellip;","_links":{"self":[{"href":"https:\/\/arantv.az\/index.php?rest_route=\/wp\/v2\/posts\/113693"}],"collection":[{"href":"https:\/\/arantv.az\/index.php?rest_route=\/wp\/v2\/posts"}],"about":[{"href":"https:\/\/arantv.az\/index.php?rest_route=\/wp\/v2\/types\/post"}],"author":[{"embeddable":true,"href":"https:\/\/arantv.az\/index.php?rest_route=\/wp\/v2\/users\/2"}],"replies":[{"embeddable":true,"href":"https:\/\/arantv.az\/index.php?rest_route=%2Fwp%2Fv2%2Fcomments&post=113693"}],"version-history":[{"count":0,"href":"https:\/\/arantv.az\/index.php?rest_route=\/wp\/v2\/posts\/113693\/revisions"}],"wp:featuredmedia":[{"embeddable":true,"href":"https:\/\/arantv.az\/index.php?rest_route=\/wp\/v2\/media\/113694"}],"wp:attachment":[{"href":"https:\/\/arantv.az\/index.php?rest_route=%2Fwp%2Fv2%2Fmedia&parent=113693"}],"wp:term":[{"taxonomy":"category","embeddable":true,"href":"https:\/\/arantv.az\/index.php?rest_route=%2Fwp%2Fv2%2Fcategories&post=113693"},{"taxonomy":"post_tag","embeddable":true,"href":"https:\/\/arantv.az\/index.php?rest_route=%2Fwp%2Fv2%2Ftags&post=113693"}],"curies":[{"name":"wp","href":"https:\/\/api.w.org\/{rel}","templated":true}]}}