{"id":113701,"date":"2019-12-29T15:26:43","date_gmt":"2019-12-29T12:26:43","guid":{"rendered":"http:\/\/arantv.az\/?p=113701"},"modified":"2019-12-29T15:26:43","modified_gmt":"2019-12-29T12:26:43","slug":"moskvanin-v%c9%99-butun-rusiyanin-patriarxi-kirill-prezident-ilham-%c9%99liyevi-t%c9%99brik-edib","status":"publish","type":"post","link":"https:\/\/arantv.az\/?p=113701","title":{"rendered":"Moskvan\u0131n v\u0259 b\u00fct\u00fcn Rusiyan\u0131n patriarx\u0131 Kirill Prezident \u0130lham \u018fliyevi t\u0259brik edib"},"content":{"rendered":"<p><strong>Moskvan\u0131n v\u0259 b\u00fct\u00fcn Rusiyan\u0131n patriarx\u0131 Kirill Az\u0259rbaycan Respublikas\u0131n\u0131n Prezidenti \u0130lham \u018fliyevi t\u0259brik edib.<\/strong><\/p>\n<p><strong>ARANTV.AZ<\/strong>\u00a0<a href=\"http:\/\/azertag.az\/\" target=\"_blank\" rel=\"noopener\">AZ\u018fRTAC<\/a>-a istinad\u0259n bildirir ki,\u00a0t\u0259brikd\u0259 deyilir:<\/p>\n<p>&#8220;Zati-alil\u0259ri, m\u00f6ht\u0259r\u0259m \u0130lham Heyd\u0259r o\u011flu.<\/p>\n<p>Do\u011fum g\u00fcn\u00fcn\u00fcz m\u00fcnasib\u0259til\u0259 Sizi \u00fcr\u0259kd\u0259n t\u0259brik edir\u0259m.<\/p>\n<p>Siz h\u0259yat\u0131n\u0131z\u0131 V\u0259t\u0259n\u0259 xidm\u0259t\u0259 h\u0259sr etmisiniz. Prezident kimi ali d\u00f6vl\u0259ti v\u0259zif\u0259d\u0259 m\u00fch\u00fcm i\u015fl\u0259r g\u00f6rm\u0259kl\u0259 Az\u0259rbaycan\u0131n iqtisadi inki\u015faf\u0131n\u0131n, \u00f6lk\u0259d\u0259 s\u00fclh v\u0259 sabitliyin m\u00f6hk\u0259ml\u0259ndirilm\u0259sinin qay\u011f\u0131s\u0131na qal\u0131rs\u0131n\u0131z. \u00d6t\u0259n ill\u0259r \u0259rzind\u0259 firavan g\u0259l\u0259c\u0259yini Sizin ad\u0131n\u0131zla ba\u011flayan h\u0259mv\u0259t\u0259nl\u0259rinizin b\u00f6y\u00fck etimad\u0131n\u0131 v\u0259 h\u00f6rm\u0259tini qazanm\u0131s\u0131n\u0131z.<\/p>\n<p>Rus Pravoslav Kils\u0259sin\u0259 daimi diqq\u0259tiniz\u0259, Bak\u0131-Az\u0259rbaycan Yeparxiyas\u0131n\u0131n m\u00fcxt\u0259lif t\u0259\u015f\u0259bb\u00fcsl\u0259rini d\u0259st\u0259kl\u0259diyiniz\u0259 g\u00f6r\u0259 Siz\u0259 minn\u0259tdaram. \u018fmin\u0259m ki, bizim s\u0259m\u0259r\u0259li \u0259m\u0259kda\u015fl\u0131\u011f\u0131m\u0131z bundan sonra da faydal\u0131 n\u0259tic\u0259l\u0259r ver\u0259c\u0259k, dinl\u0259raras\u0131 m\u00fcnasib\u0259tl\u0259rin harmoniyas\u0131na, insanlar\u0131n h\u0259yat\u0131nda \u00f6t\u0259ri olmayan m\u0259n\u0259vi-\u0259xlaqi d\u0259y\u0259rl\u0259rin b\u0259rq\u0259rar olmas\u0131na k\u00f6m\u0259k ed\u0259c\u0259k.<\/p>\n<p>Bu yax\u0131nlarda Az\u0259rbaycana s\u0259f\u0259rimi, m\u0259n\u0259 g\u00f6st\u0259rilmi\u015f qonaqp\u0259rv\u0259rliyi v\u0259 Sizinl\u0259 s\u0259mimi \u00fcnsiyy\u0259timizi minn\u0259tdarl\u0131qla xat\u0131rlay\u0131ram.<\/p>\n<p>Siz\u0259 t\u00fck\u0259nm\u0259z q\u00fcvv\u0259 v\u0259 cansa\u011fl\u0131\u011f\u0131, g\u0259l\u0259c\u0259k i\u015fl\u0259rinizd\u0259 Qadir Allahdan k\u00f6m\u0259k v\u0259 u\u011furlar dil\u0259yir\u0259m&#8221;.<\/p>\n","protected":false},"excerpt":{"rendered":"<p>Moskvan\u0131n v\u0259 b\u00fct\u00fcn Rusiyan\u0131n patriarx\u0131 Kirill Az\u0259rbaycan Respublikas\u0131n\u0131n Prezidenti \u0130lham \u018fliyevi t\u0259brik edib. ARANTV.AZ\u00a0AZ\u018fRTAC-a istinad\u0259n bildirir ki,\u00a0t\u0259brikd\u0259 deyilir: &#8220;Zati-alil\u0259ri, m\u00f6ht\u0259r\u0259m \u0130lham Heyd\u0259r o\u011flu. Do\u011fum g\u00fcn\u00fcn\u00fcz m\u00fcnasib\u0259til\u0259 Sizi \u00fcr\u0259kd\u0259n t\u0259brik edir\u0259m. Siz h\u0259yat\u0131n\u0131z\u0131 V\u0259t\u0259n\u0259 xidm\u0259t\u0259 h\u0259sr etmisiniz. Prezident kimi ali d\u00f6vl\u0259ti v\u0259zif\u0259d\u0259 m\u00fch\u00fcm i\u015fl\u0259r g\u00f6rm\u0259kl\u0259 Az\u0259rbaycan\u0131n iqtisadi inki\u015faf\u0131n\u0131n, \u00f6lk\u0259d\u0259 s\u00fclh v\u0259 sabitliyin m\u00f6hk\u0259ml\u0259ndirilm\u0259sinin qay\u011f\u0131s\u0131na qal\u0131rs\u0131n\u0131z. \u00d6t\u0259n ill\u0259r \u0259rzind\u0259 firavan g\u0259l\u0259c\u0259yini Sizin ad\u0131n\u0131zla ba\u011flayan h\u0259mv\u0259t\u0259nl\u0259rinizin b\u00f6y\u00fck etimad\u0131n\u0131 v\u0259 h\u00f6rm\u0259tini qazanm\u0131s\u0131n\u0131z. Rus Pravoslav Kils\u0259sin\u0259 daimi diqq\u0259tiniz\u0259, Bak\u0131-Az\u0259rbaycan Yeparxiyas\u0131n\u0131n m\u00fcxt\u0259lif t\u0259\u015f\u0259bb\u00fcsl\u0259rini d\u0259st\u0259kl\u0259diyiniz\u0259 g\u00f6r\u0259 Siz\u0259 minn\u0259tdaram. \u018fmin\u0259m ki, bizim s\u0259m\u0259r\u0259li \u0259m\u0259kda\u015fl\u0131\u011f\u0131m\u0131z bundan sonra da faydal\u0131&hellip;<\/p>\n","protected":false},"author":2,"featured_media":113702,"comment_status":"closed","ping_status":"closed","sticky":false,"template":"","format":"standard","meta":{"om_disable_all_campaigns":false,"_monsterinsights_skip_tracking":false,"_monsterinsights_sitenote_active":false,"_monsterinsights_sitenote_note":"","_monsterinsights_sitenote_category":0},"categories":[4],"tags":[],"aioseo_notices":[],"gutentor_comment":0,"rttpg_featured_image_url":{"full":["https:\/\/arantv.az\/wp-content\/uploads\/2019\/12\/814488.jpg",800,600,false],"landscape":["https:\/\/arantv.az\/wp-content\/uploads\/2019\/12\/814488.jpg",800,600,false],"portraits":["https:\/\/arantv.az\/wp-content\/uploads\/2019\/12\/814488.jpg",800,600,false],"thumbnail":["https:\/\/arantv.az\/wp-content\/uploads\/2019\/12\/814488-150x150.jpg",150,150,true],"medium":["https:\/\/arantv.az\/wp-content\/uploads\/2019\/12\/814488-300x225.jpg",300,225,true],"large":["https:\/\/arantv.az\/wp-content\/uploads\/2019\/12\/814488.jpg",640,480,false],"1536x1536":["https:\/\/arantv.az\/wp-content\/uploads\/2019\/12\/814488.jpg",800,600,false],"2048x2048":["https:\/\/arantv.az\/wp-content\/uploads\/2019\/12\/814488.jpg",800,600,false],"post-thumbnail":["https:\/\/arantv.az\/wp-content\/uploads\/2019\/12\/814488-240x172.jpg",240,172,true],"advps-thumb-one":["https:\/\/arantv.az\/wp-content\/uploads\/2019\/12\/814488.jpg",800,600,false]},"rttpg_author":{"display_name":"V\u00fcsal Rafiqo\u011flu","author_link":"https:\/\/arantv.az\/?author=2"},"rttpg_comment":0,"rttpg_category":"<a href=\"https:\/\/arantv.az\/?cat=4\" rel=\"category\">Siyas\u0259t<\/a>","rttpg_excerpt":"Moskvan\u0131n v\u0259 b\u00fct\u00fcn Rusiyan\u0131n patriarx\u0131 Kirill Az\u0259rbaycan Respublikas\u0131n\u0131n Prezidenti \u0130lham \u018fliyevi t\u0259brik edib. ARANTV.AZ\u00a0AZ\u018fRTAC-a istinad\u0259n bildirir ki,\u00a0t\u0259brikd\u0259 deyilir: &#8220;Zati-alil\u0259ri, m\u00f6ht\u0259r\u0259m \u0130lham Heyd\u0259r o\u011flu. Do\u011fum g\u00fcn\u00fcn\u00fcz m\u00fcnasib\u0259til\u0259 Sizi \u00fcr\u0259kd\u0259n t\u0259brik edir\u0259m. Siz h\u0259yat\u0131n\u0131z\u0131 V\u0259t\u0259n\u0259 xidm\u0259t\u0259 h\u0259sr etmisiniz. Prezident kimi ali d\u00f6vl\u0259ti v\u0259zif\u0259d\u0259 m\u00fch\u00fcm i\u015fl\u0259r g\u00f6rm\u0259kl\u0259 Az\u0259rbaycan\u0131n iqtisadi inki\u015faf\u0131n\u0131n, \u00f6lk\u0259d\u0259 s\u00fclh v\u0259 sabitliyin m\u00f6hk\u0259ml\u0259ndirilm\u0259sinin qay\u011f\u0131s\u0131na qal\u0131rs\u0131n\u0131z. \u00d6t\u0259n&hellip;","_links":{"self":[{"href":"https:\/\/arantv.az\/index.php?rest_route=\/wp\/v2\/posts\/113701"}],"collection":[{"href":"https:\/\/arantv.az\/index.php?rest_route=\/wp\/v2\/posts"}],"about":[{"href":"https:\/\/arantv.az\/index.php?rest_route=\/wp\/v2\/types\/post"}],"author":[{"embeddable":true,"href":"https:\/\/arantv.az\/index.php?rest_route=\/wp\/v2\/users\/2"}],"replies":[{"embeddable":true,"href":"https:\/\/arantv.az\/index.php?rest_route=%2Fwp%2Fv2%2Fcomments&post=113701"}],"version-history":[{"count":0,"href":"https:\/\/arantv.az\/index.php?rest_route=\/wp\/v2\/posts\/113701\/revisions"}],"wp:featuredmedia":[{"embeddable":true,"href":"https:\/\/arantv.az\/index.php?rest_route=\/wp\/v2\/media\/113702"}],"wp:attachment":[{"href":"https:\/\/arantv.az\/index.php?rest_route=%2Fwp%2Fv2%2Fmedia&parent=113701"}],"wp:term":[{"taxonomy":"category","embeddable":true,"href":"https:\/\/arantv.az\/index.php?rest_route=%2Fwp%2Fv2%2Fcategories&post=113701"},{"taxonomy":"post_tag","embeddable":true,"href":"https:\/\/arantv.az\/index.php?rest_route=%2Fwp%2Fv2%2Ftags&post=113701"}],"curies":[{"name":"wp","href":"https:\/\/api.w.org\/{rel}","templated":true}]}}