{"id":113727,"date":"2019-12-30T08:39:51","date_gmt":"2019-12-30T05:39:51","guid":{"rendered":"http:\/\/arantv.az\/?p=113727"},"modified":"2019-12-30T08:39:51","modified_gmt":"2019-12-30T05:39:51","slug":"sabah-bakida-at%c9%99sf%c9%99sanliq-olacaq","status":"publish","type":"post","link":"https:\/\/arantv.az\/?p=113727","title":{"rendered":"Sabah Bak\u0131da at\u0259\u015ff\u0259\u015fanl\u0131q olacaq"},"content":{"rendered":"<p><strong>D\u00fcnya Az\u0259rbaycanl\u0131lar\u0131n\u0131n H\u0259mr\u0259ylik g\u00fcn\u00fc v\u0259 Yeni il m\u00fcnasib\u0259til\u0259 dekabr ay\u0131n\u0131n 31-i saat 24:00-da D\u0259nizk\u0259nar\u0131 Milli Park\u0131n \u0259razisind\u0259 at\u0259\u015ff\u0259\u015fanl\u0131q t\u0259\u015fkil olunacaq.<\/strong><\/p>\n<p>Bu bar\u0259d\u0259 Ax\u015fam.az-a Bak\u0131 \u015e\u0259h\u0259r \u0130cra Hakimiyy\u0259tind\u0259n (B\u015e\u0130H) m\u0259lumat verilib.<\/p>\n<p>M\u0259lumatda qeyd olunub ki, Bak\u0131n\u0131n m\u0259rk\u0259zi k\u00fc\u00e7\u0259l\u0259ri, D\u0259nizk\u0259nar\u0131 Milli Park\u0131n \u0259razisi v\u0259 dig\u0259r parklar b\u0259z\u0259dilib, yolkalar qurulub, buradak\u0131 a\u011faclar\u0131n \u00e7il\u00e7\u0131raqlarla b\u0259z\u0259dilm\u0259si, m\u00fcxt\u0259lif yeni il atributlar\u0131n v\u0259 simvollar\u0131n\u0131n, na\u011f\u0131l q\u0259hr\u0259manlar\u0131 fiqurlar\u0131n\u0131n qura\u015fd\u0131r\u0131lmas\u0131, burada bayram t\u0259rtibat\u0131 i\u015fl\u0259ri h\u0259yata ke\u00e7irilib, m\u00fcxt\u0259lif yerl\u0259rd\u0259 bayram yarmarkalar\u0131 t\u0259\u015fkil olunub.<\/p>\n<p>B\u015e\u0130H sakinl\u0259ri v\u0259 \u015f\u0259h\u0259rimizin qonaqlar\u0131n\u0131 at\u0259\u015ff\u0259\u015fanl\u0131\u011f\u0131 seyr etm\u0259k \u00fc\u00e7\u00fcn dekabr\u0131n 31-d\u0259 saat 24.00-da D\u0259nizk\u0259nar\u0131 Milli Parka d\u0259v\u0259t edir.<\/p>\n","protected":false},"excerpt":{"rendered":"<p>D\u00fcnya Az\u0259rbaycanl\u0131lar\u0131n\u0131n H\u0259mr\u0259ylik g\u00fcn\u00fc v\u0259 Yeni il m\u00fcnasib\u0259til\u0259 dekabr ay\u0131n\u0131n 31-i saat 24:00-da D\u0259nizk\u0259nar\u0131 Milli Park\u0131n \u0259razisind\u0259 at\u0259\u015ff\u0259\u015fanl\u0131q t\u0259\u015fkil olunacaq. Bu bar\u0259d\u0259 Ax\u015fam.az-a Bak\u0131 \u015e\u0259h\u0259r \u0130cra Hakimiyy\u0259tind\u0259n (B\u015e\u0130H) m\u0259lumat verilib. M\u0259lumatda qeyd olunub ki, Bak\u0131n\u0131n m\u0259rk\u0259zi k\u00fc\u00e7\u0259l\u0259ri, D\u0259nizk\u0259nar\u0131 Milli Park\u0131n \u0259razisi v\u0259 dig\u0259r parklar b\u0259z\u0259dilib, yolkalar qurulub, buradak\u0131 a\u011faclar\u0131n \u00e7il\u00e7\u0131raqlarla b\u0259z\u0259dilm\u0259si, m\u00fcxt\u0259lif yeni il atributlar\u0131n v\u0259 simvollar\u0131n\u0131n, na\u011f\u0131l q\u0259hr\u0259manlar\u0131 fiqurlar\u0131n\u0131n qura\u015fd\u0131r\u0131lmas\u0131, burada bayram t\u0259rtibat\u0131 i\u015fl\u0259ri h\u0259yata ke\u00e7irilib, m\u00fcxt\u0259lif yerl\u0259rd\u0259 bayram yarmarkalar\u0131 t\u0259\u015fkil olunub. B\u015e\u0130H sakinl\u0259ri v\u0259 \u015f\u0259h\u0259rimizin qonaqlar\u0131n\u0131 at\u0259\u015ff\u0259\u015fanl\u0131\u011f\u0131 seyr etm\u0259k \u00fc\u00e7\u00fcn dekabr\u0131n 31-d\u0259 saat 24.00-da D\u0259nizk\u0259nar\u0131 Milli Parka d\u0259v\u0259t&hellip;<\/p>\n","protected":false},"author":2,"featured_media":113728,"comment_status":"closed","ping_status":"closed","sticky":false,"template":"","format":"standard","meta":{"om_disable_all_campaigns":false,"_monsterinsights_skip_tracking":false,"_monsterinsights_sitenote_active":false,"_monsterinsights_sitenote_note":"","_monsterinsights_sitenote_category":0},"categories":[1],"tags":[],"aioseo_notices":[],"gutentor_comment":0,"rttpg_featured_image_url":{"full":["https:\/\/arantv.az\/wp-content\/uploads\/2019\/12\/190025_ofbrpefl90.jpg",880,551,false],"landscape":["https:\/\/arantv.az\/wp-content\/uploads\/2019\/12\/190025_ofbrpefl90.jpg",880,551,false],"portraits":["https:\/\/arantv.az\/wp-content\/uploads\/2019\/12\/190025_ofbrpefl90.jpg",880,551,false],"thumbnail":["https:\/\/arantv.az\/wp-content\/uploads\/2019\/12\/190025_ofbrpefl90-150x150.jpg",150,150,true],"medium":["https:\/\/arantv.az\/wp-content\/uploads\/2019\/12\/190025_ofbrpefl90-300x188.jpg",300,188,true],"large":["https:\/\/arantv.az\/wp-content\/uploads\/2019\/12\/190025_ofbrpefl90.jpg",640,401,false],"1536x1536":["https:\/\/arantv.az\/wp-content\/uploads\/2019\/12\/190025_ofbrpefl90.jpg",880,551,false],"2048x2048":["https:\/\/arantv.az\/wp-content\/uploads\/2019\/12\/190025_ofbrpefl90.jpg",880,551,false],"post-thumbnail":["https:\/\/arantv.az\/wp-content\/uploads\/2019\/12\/190025_ofbrpefl90-240x172.jpg",240,172,true],"advps-thumb-one":["https:\/\/arantv.az\/wp-content\/uploads\/2019\/12\/190025_ofbrpefl90.jpg",880,551,false]},"rttpg_author":{"display_name":"V\u00fcsal Rafiqo\u011flu","author_link":"https:\/\/arantv.az\/?author=2"},"rttpg_comment":0,"rttpg_category":"<a href=\"https:\/\/arantv.az\/?cat=1\" rel=\"category\">C\u0259miyy\u0259t<\/a>","rttpg_excerpt":"D\u00fcnya Az\u0259rbaycanl\u0131lar\u0131n\u0131n H\u0259mr\u0259ylik g\u00fcn\u00fc v\u0259 Yeni il m\u00fcnasib\u0259til\u0259 dekabr ay\u0131n\u0131n 31-i saat 24:00-da D\u0259nizk\u0259nar\u0131 Milli Park\u0131n \u0259razisind\u0259 at\u0259\u015ff\u0259\u015fanl\u0131q t\u0259\u015fkil olunacaq. Bu bar\u0259d\u0259 Ax\u015fam.az-a Bak\u0131 \u015e\u0259h\u0259r \u0130cra Hakimiyy\u0259tind\u0259n (B\u015e\u0130H) m\u0259lumat verilib. M\u0259lumatda qeyd olunub ki, Bak\u0131n\u0131n m\u0259rk\u0259zi k\u00fc\u00e7\u0259l\u0259ri, D\u0259nizk\u0259nar\u0131 Milli Park\u0131n \u0259razisi v\u0259 dig\u0259r parklar b\u0259z\u0259dilib, yolkalar qurulub, buradak\u0131 a\u011faclar\u0131n \u00e7il\u00e7\u0131raqlarla b\u0259z\u0259dilm\u0259si, m\u00fcxt\u0259lif yeni il atributlar\u0131n&hellip;","_links":{"self":[{"href":"https:\/\/arantv.az\/index.php?rest_route=\/wp\/v2\/posts\/113727"}],"collection":[{"href":"https:\/\/arantv.az\/index.php?rest_route=\/wp\/v2\/posts"}],"about":[{"href":"https:\/\/arantv.az\/index.php?rest_route=\/wp\/v2\/types\/post"}],"author":[{"embeddable":true,"href":"https:\/\/arantv.az\/index.php?rest_route=\/wp\/v2\/users\/2"}],"replies":[{"embeddable":true,"href":"https:\/\/arantv.az\/index.php?rest_route=%2Fwp%2Fv2%2Fcomments&post=113727"}],"version-history":[{"count":0,"href":"https:\/\/arantv.az\/index.php?rest_route=\/wp\/v2\/posts\/113727\/revisions"}],"wp:featuredmedia":[{"embeddable":true,"href":"https:\/\/arantv.az\/index.php?rest_route=\/wp\/v2\/media\/113728"}],"wp:attachment":[{"href":"https:\/\/arantv.az\/index.php?rest_route=%2Fwp%2Fv2%2Fmedia&parent=113727"}],"wp:term":[{"taxonomy":"category","embeddable":true,"href":"https:\/\/arantv.az\/index.php?rest_route=%2Fwp%2Fv2%2Fcategories&post=113727"},{"taxonomy":"post_tag","embeddable":true,"href":"https:\/\/arantv.az\/index.php?rest_route=%2Fwp%2Fv2%2Ftags&post=113727"}],"curies":[{"name":"wp","href":"https:\/\/api.w.org\/{rel}","templated":true}]}}