{"id":113736,"date":"2019-12-30T08:41:32","date_gmt":"2019-12-30T05:41:32","guid":{"rendered":"http:\/\/arantv.az\/?p=113736"},"modified":"2019-12-30T08:41:32","modified_gmt":"2019-12-30T05:41:32","slug":"leyla-%c9%99liyeva-h%c9%99mr%c9%99ylik-gunu-munasib%c9%99ti-il%c9%99-t%c9%99skil-olunan-konsertd%c9%99-istirak-etdi-foto","status":"publish","type":"post","link":"https:\/\/arantv.az\/?p=113736","title":{"rendered":"Leyla \u018fliyeva H\u0259mr\u0259ylik G\u00fcn\u00fc m\u00fcnasib\u0259ti il\u0259 t\u0259\u015fkil olunan konsertd\u0259 i\u015ftirak etdi \u2013 FOTO"},"content":{"rendered":"<div>Dekabr\u0131n 29-da D\u00fcnya Az\u0259rbaycanl\u0131lar\u0131n\u0131n H\u0259mr\u0259ylik G\u00fcn\u00fc v\u0259 Yeni il m\u00fcnasib\u0259til\u0259 Beyn\u0259lxalq Mu\u011fam M\u0259rk\u0259zind\u0259 konsert proqram\u0131 t\u0259qdim olunub.<\/div>\n<div><\/div>\n<div><strong>ARANTV.AZ\u00a0<\/strong> x\u0259b\u0259r verir ki, konserti izl\u0259y\u0259nl\u0259r aras\u0131nda Heyd\u0259r \u018fliyev Fondunun vitse-prezidenti Leyla \u018fliyeva da olub.<\/div>\n<div><\/div>\n<div>Gec\u0259d\u0259 Az\u0259rbaycan\u0131n Xalq artisti, tan\u0131nm\u0131\u015f piano\u00e7u Murad H\u00fcseynov Az\u0259rbaycan v\u0259 Avropa b\u0259st\u0259karlar\u0131n\u0131n \u0259s\u0259rl\u0259rini ifa edib.<\/div>\n<div><\/div>\n<div>Tan\u0131nm\u0131\u015f b\u0259st\u0259karlar Klod Deb\u00fcssinin \u201cAy i\u015f\u0131\u011f\u0131\u201d, Robert \u015euman v\u0259 Ferens Listin \u201c\u0130thaf\u201d, Moris Ravelin \u201cSonatina\u201d, Fredirik \u015eopenin \u201cNokt\u00fcrn\u201d, \u201cPolonez\u201d, \u201cVals\u201d, Vasif Ad\u0131g\u00f6z\u0259lovun \u201cPrel\u00fcdiya\u201d, Adil B\u0259birovun \u201cPrel\u00fcdiya-Skterso\u201d \u0259s\u0259rl\u0259rinin ifas\u0131 tama\u015fa\u00e7\u0131lar t\u0259r\u0259find\u0259n maraqla qar\u015f\u0131lan\u0131b.<\/div>\n<div><\/div>\n<div>Xalq artisti Murad H\u00fcseynov Bela Bartokun fortepiano v\u0259 skripka \u00fc\u00e7\u00fcn &#8220;Rum\u0131n r\u0259qsl\u0259ri&#8221; \u0259s\u0259rini skripka ifa\u00e7\u0131s\u0131-dirijor Cavad Ta\u011f\u0131zad\u0259 il\u0259 birlikd\u0259 t\u0259qdim edib.<\/div>\n<div><\/div>\n<div>Konsert \u0259n m\u0259\u015fhur \u0259s\u0259rl\u0259rd\u0259n par\u00e7alar\u0131n Murad H\u00fcseynovun, \u018fm\u0259kdar artist Sahib Pa\u015fazad\u0259nin (tarz\u0259n), Cavad Ta\u011f\u0131zad\u0259nin (skripka) v\u0259 Seymur H\u0259s\u0259nsoyun (akkordeon) ifas\u0131 il\u0259 ba\u015fa \u00e7at\u0131b.AZ\u018fRTAC<\/div>\n<div>\n<div class=\"gallery\">\n<div class=\"gallery-i\"><img src=\"https:\/\/assets.oxu.az\/uploads\/W1siZiIsIjIwMTkvMTIvMzAvMDgvMDQvMTYvOWY2NzhlNWEtNjgyMi00NmQ2LTk5MjgtYTQ4YjRlNjMyYjEwL0xBMS5qcGciXSxbInAiLCJlbmNvZGUiLCJqcGciLCItcXVhbGl0eSA4MCJdLFsicCIsInRodW1iIiwiNTkweDU5MFx1MDAzZSJdXQ?sha=d7e7ddd034ba386d\" alt=\"\" \/><\/p>\n<div class=\"gallery-i-caption\"><\/div>\n<\/div>\n<div class=\"gallery-i\"><img src=\"https:\/\/assets.oxu.az\/uploads\/W1siZiIsIjIwMTkvMTIvMzAvMDgvMDQvMTYvNGJiNGE2Y2EtMWZkMi00MmM0LWE5NzItN2Y5MDNhMmNmNGY2L0xBMi5qcGciXSxbInAiLCJlbmNvZGUiLCJqcGciLCItcXVhbGl0eSA4MCJdLFsicCIsInRodW1iIiwiNTkweDU5MFx1MDAzZSJdXQ?sha=4e72651624e79afc\" alt=\"\" \/><\/p>\n<div class=\"gallery-i-caption\"><\/div>\n<\/div>\n<div class=\"gallery-i\"><img src=\"https:\/\/assets.oxu.az\/uploads\/W1siZiIsIjIwMTkvMTIvMzAvMDgvMDQvMTYvMGNkM2I0OGMtZmNjNy00N2M2LTk5MTktNTBlZmRmZDIxNmM0L0xBMy5qcGciXSxbInAiLCJlbmNvZGUiLCJqcGciLCItcXVhbGl0eSA4MCJdLFsicCIsInRodW1iIiwiNTkweDU5MFx1MDAzZSJdXQ?sha=786a77ad481c6907\" alt=\"\" \/><\/p>\n<div class=\"gallery-i-caption\"><\/div>\n<\/div>\n<div class=\"gallery-i\"><img src=\"https:\/\/assets.oxu.az\/uploads\/W1siZiIsIjIwMTkvMTIvMzAvMDgvMDQvMTcvMzdlOGYxMTctYWI5YS00MTNlLWFmNjMtZjQ3Zjg0MDkyYjVjL0xBNC5qcGciXSxbInAiLCJlbmNvZGUiLCJqcGciLCItcXVhbGl0eSA4MCJdLFsicCIsInRodW1iIiwiNTkweDU5MFx1MDAzZSJdXQ?sha=0a97f6e30e627ea9\" alt=\"\" \/><\/div>\n<\/div>\n<\/div>\n","protected":false},"excerpt":{"rendered":"<p>Dekabr\u0131n 29-da D\u00fcnya Az\u0259rbaycanl\u0131lar\u0131n\u0131n H\u0259mr\u0259ylik G\u00fcn\u00fc v\u0259 Yeni il m\u00fcnasib\u0259til\u0259 Beyn\u0259lxalq Mu\u011fam M\u0259rk\u0259zind\u0259 konsert proqram\u0131 t\u0259qdim olunub. ARANTV.AZ\u00a0 x\u0259b\u0259r verir ki, konserti izl\u0259y\u0259nl\u0259r aras\u0131nda Heyd\u0259r \u018fliyev Fondunun vitse-prezidenti Leyla \u018fliyeva da olub. Gec\u0259d\u0259 Az\u0259rbaycan\u0131n Xalq artisti, tan\u0131nm\u0131\u015f piano\u00e7u Murad H\u00fcseynov Az\u0259rbaycan v\u0259 Avropa b\u0259st\u0259karlar\u0131n\u0131n \u0259s\u0259rl\u0259rini ifa edib. Tan\u0131nm\u0131\u015f b\u0259st\u0259karlar Klod Deb\u00fcssinin \u201cAy i\u015f\u0131\u011f\u0131\u201d, Robert \u015euman v\u0259 Ferens Listin \u201c\u0130thaf\u201d, Moris Ravelin \u201cSonatina\u201d, Fredirik \u015eopenin \u201cNokt\u00fcrn\u201d, \u201cPolonez\u201d, \u201cVals\u201d, Vasif Ad\u0131g\u00f6z\u0259lovun \u201cPrel\u00fcdiya\u201d, Adil B\u0259birovun \u201cPrel\u00fcdiya-Skterso\u201d \u0259s\u0259rl\u0259rinin ifas\u0131 tama\u015fa\u00e7\u0131lar t\u0259r\u0259find\u0259n maraqla qar\u015f\u0131lan\u0131b. Xalq artisti Murad H\u00fcseynov Bela Bartokun fortepiano v\u0259 skripka \u00fc\u00e7\u00fcn &#8220;Rum\u0131n&hellip;<\/p>\n","protected":false},"author":2,"featured_media":113737,"comment_status":"closed","ping_status":"closed","sticky":false,"template":"","format":"standard","meta":{"om_disable_all_campaigns":false,"_monsterinsights_skip_tracking":false,"_monsterinsights_sitenote_active":false,"_monsterinsights_sitenote_note":"","_monsterinsights_sitenote_category":0},"categories":[4],"tags":[],"aioseo_notices":[],"gutentor_comment":0,"rttpg_featured_image_url":{"full":["https:\/\/arantv.az\/wp-content\/uploads\/2019\/12\/LA.jpg",620,452,false],"landscape":["https:\/\/arantv.az\/wp-content\/uploads\/2019\/12\/LA.jpg",620,452,false],"portraits":["https:\/\/arantv.az\/wp-content\/uploads\/2019\/12\/LA.jpg",620,452,false],"thumbnail":["https:\/\/arantv.az\/wp-content\/uploads\/2019\/12\/LA-150x150.jpg",150,150,true],"medium":["https:\/\/arantv.az\/wp-content\/uploads\/2019\/12\/LA-300x219.jpg",300,219,true],"large":["https:\/\/arantv.az\/wp-content\/uploads\/2019\/12\/LA.jpg",620,452,false],"1536x1536":["https:\/\/arantv.az\/wp-content\/uploads\/2019\/12\/LA.jpg",620,452,false],"2048x2048":["https:\/\/arantv.az\/wp-content\/uploads\/2019\/12\/LA.jpg",620,452,false],"post-thumbnail":["https:\/\/arantv.az\/wp-content\/uploads\/2019\/12\/LA-240x172.jpg",240,172,true],"advps-thumb-one":["https:\/\/arantv.az\/wp-content\/uploads\/2019\/12\/LA.jpg",620,452,false]},"rttpg_author":{"display_name":"V\u00fcsal Rafiqo\u011flu","author_link":"https:\/\/arantv.az\/?author=2"},"rttpg_comment":0,"rttpg_category":"<a href=\"https:\/\/arantv.az\/?cat=4\" rel=\"category\">Siyas\u0259t<\/a>","rttpg_excerpt":"Dekabr\u0131n 29-da D\u00fcnya Az\u0259rbaycanl\u0131lar\u0131n\u0131n H\u0259mr\u0259ylik G\u00fcn\u00fc v\u0259 Yeni il m\u00fcnasib\u0259til\u0259 Beyn\u0259lxalq Mu\u011fam M\u0259rk\u0259zind\u0259 konsert proqram\u0131 t\u0259qdim olunub. ARANTV.AZ\u00a0 x\u0259b\u0259r verir ki, konserti izl\u0259y\u0259nl\u0259r aras\u0131nda Heyd\u0259r \u018fliyev Fondunun vitse-prezidenti Leyla \u018fliyeva da olub. Gec\u0259d\u0259 Az\u0259rbaycan\u0131n Xalq artisti, tan\u0131nm\u0131\u015f piano\u00e7u Murad H\u00fcseynov Az\u0259rbaycan v\u0259 Avropa b\u0259st\u0259karlar\u0131n\u0131n \u0259s\u0259rl\u0259rini ifa edib. Tan\u0131nm\u0131\u015f b\u0259st\u0259karlar Klod Deb\u00fcssinin \u201cAy i\u015f\u0131\u011f\u0131\u201d, Robert \u015euman&hellip;","_links":{"self":[{"href":"https:\/\/arantv.az\/index.php?rest_route=\/wp\/v2\/posts\/113736"}],"collection":[{"href":"https:\/\/arantv.az\/index.php?rest_route=\/wp\/v2\/posts"}],"about":[{"href":"https:\/\/arantv.az\/index.php?rest_route=\/wp\/v2\/types\/post"}],"author":[{"embeddable":true,"href":"https:\/\/arantv.az\/index.php?rest_route=\/wp\/v2\/users\/2"}],"replies":[{"embeddable":true,"href":"https:\/\/arantv.az\/index.php?rest_route=%2Fwp%2Fv2%2Fcomments&post=113736"}],"version-history":[{"count":0,"href":"https:\/\/arantv.az\/index.php?rest_route=\/wp\/v2\/posts\/113736\/revisions"}],"wp:featuredmedia":[{"embeddable":true,"href":"https:\/\/arantv.az\/index.php?rest_route=\/wp\/v2\/media\/113737"}],"wp:attachment":[{"href":"https:\/\/arantv.az\/index.php?rest_route=%2Fwp%2Fv2%2Fmedia&parent=113736"}],"wp:term":[{"taxonomy":"category","embeddable":true,"href":"https:\/\/arantv.az\/index.php?rest_route=%2Fwp%2Fv2%2Fcategories&post=113736"},{"taxonomy":"post_tag","embeddable":true,"href":"https:\/\/arantv.az\/index.php?rest_route=%2Fwp%2Fv2%2Ftags&post=113736"}],"curies":[{"name":"wp","href":"https:\/\/api.w.org\/{rel}","templated":true}]}}