{"id":113768,"date":"2019-12-30T08:54:30","date_gmt":"2019-12-30T05:54:30","guid":{"rendered":"http:\/\/arantv.az\/?p=113768"},"modified":"2019-12-30T08:54:30","modified_gmt":"2019-12-30T05:54:30","slug":"2019-cu-il-nailiyy%c9%99tl%c9%99rl%c9%99-z%c9%99ngin-ugurlarla-dolu-novb%c9%99ti-dovr-kimi-yaddaslarda-qalacaq","status":"publish","type":"post","link":"https:\/\/arantv.az\/?p=113768","title":{"rendered":"2019-cu il nailiyy\u0259tl\u0259rl\u0259 z\u0259ngin, u\u011furlarla dolu n\u00f6vb\u0259ti d\u00f6vr kimi yadda\u015flarda qalacaq"},"content":{"rendered":"<p>\u201cAz\u0259rbaycan 2019-cu ili b\u00f6y\u00fck u\u011furlarla ba\u015fa vurmaqdad\u0131r. M\u00fcxt\u0259lif b\u00f6lg\u0259l\u0259rd\u0259 ayr\u0131-ayr\u0131 xalqlar\u0131n m\u00fcharib\u0259l\u0259rin a\u011fr\u0131-ac\u0131lar\u0131n\u0131, sosial-iqtisadi v\u0259 siyasi b\u00f6hranlar\u0131n m\u0259nfi t\u0259sirl\u0259rini ya\u015fad\u0131\u011f\u0131 bir zamanda Az\u0259rbaycan xalq\u0131 bu ili d\u0259 y\u00fcks\u0259k rifah v\u0259 inki\u015faf tendensiyalar\u0131 il\u0259 ba\u015fa vurur. \u018fmin\u0259m ki, 2019-cu il d\u0259 nailiyy\u0259tl\u0259rl\u0259 z\u0259ngin, u\u011furlarla dolu n\u00f6vb\u0259ti d\u00f6vr kimi yadda\u015flarda qalacaq\u201d.<\/p>\n<p><strong>Bu fikirl\u0259ri Yeni Az\u0259rbaycan Partiyas\u0131 (YAP) Siyasi \u015euras\u0131n\u0131n \u00fczv\u00fc, \u201c\u0130ki sahil\u201d q\u0259zetinin ba\u015f redaktoru V\u00fcqar R\u0259himzad\u0259 K\u0130V-\u0259 a\u00e7\u0131qlamas\u0131nda s\u00f6yl\u0259yib.<\/strong><\/p>\n<p>V\u00fcqar R\u0259himzad\u0259 bildirib ki, Az\u0259rbaycan qlobal kollapslar d\u00f6vr\u00fcnd\u0259 daxili sabitliyini qorumaqla, inki\u015faf\u0131n\u0131 t\u0259min etm\u0259kl\u0259, iqtisadiyyat\u0131n\u0131 art\u0131m dinamikas\u0131na k\u00f6kl\u0259m\u0259kl\u0259 v\u0259 irimiqyasl\u0131 layih\u0259l\u0259ri realla\u015fd\u0131rmaqla \u00f6z tarixinin yeni v\u0259 m\u00f6ht\u0259\u015f\u0259m hadis\u0259l\u0259rin\u0259 imza at\u0131b: \u201cBu il Az\u0259rbaycan beyn\u0259lxalq m\u00fcnasib\u0259tl\u0259r sistemind\u0259 m\u00f6vqel\u0259rini m\u00f6hk\u0259ml\u0259ndirib, tamamil\u0259 m\u00fcst\u0259qil siyas\u0259t y\u00fcr\u00fcd\u0259r\u0259k \u00f6z milli maraqlar\u0131n\u0131 layiqinc\u0259 t\u0259min edib. \u00d6lk\u0259miz d\u00fcnya birliyinin f\u0259al v\u0259 q\u0259bul edil\u0259n \u00fczv\u00fc kimi beyn\u0259lxalq m\u00fcnasib\u0259tl\u0259rd\u0259 f\u0259al i\u015ftirak edir. Prezident \u0130lham \u018fliyevin siyasi uzaqg\u00f6r\u0259nliyi, u\u011furlu diplomatik gedi\u015fl\u0259ri \u00f6lk\u0259mizin m\u00f6vqel\u0259rini davaml\u0131 olaraq g\u00fccl\u0259ndirir. Bu m\u0259nada, 2019-cu ild\u0259 Az\u0259rbaycana 40-dan \u00e7ox d\u00f6vl\u0259t v\u0259 h\u00f6kum\u0259t ba\u015f\u00e7\u0131s\u0131 s\u0259f\u0259r edib, Bak\u0131da \u00f6n\u0259mli beyn\u0259lxalq t\u0259dbirl\u0259r ke\u00e7irilib.<\/p>\n<p>Bu il h\u0259m d\u0259 Az\u0259rbaycan\u0131n iqtisadi inki\u015faf\u0131 bax\u0131m\u0131ndan da yaddaqalan d\u00f6vr kimi xarakterize olunur. \u00c7\u00fcnki bu il qeyri-neft iqtisadiyyat\u0131m\u0131z t\u0259qrib\u0259n 3,5 faiz art\u0131b. Qeyri-neft s\u0259nayesi sah\u0259sind\u0259 art\u0131m t\u0259xmin\u0259n 14 faiz, k\u0259nd t\u0259s\u0259rr\u00fcfat\u0131nda 7 faizd\u0259n \u00e7oxdur. 11 ayda Az\u0259rbaycan\u0131n qeyri-neft ixrac\u0131 t\u0259qrib\u0259n 14-15 faiz \u00e7oxal\u0131b, xarici borcumuz \u00fcmumi daxili m\u0259hsulun 17 faizini t\u0259\u015fkil edib v\u0259 bu, d\u00fcnyada 9-cu g\u00f6st\u0259ricidir. Bu il \u00f6lk\u0259mizin valyuta ehtiyatlar\u0131 4,5 milyard dollar artaraq 50 milyard dollara \u00e7at\u0131b. Bu da rekord g\u00f6st\u0259ricidir v\u0259 iqtisadi m\u00fcst\u0259qilliyimizi tam t\u0259min edir.<\/p>\n<p>2019-cu il, eyni zamanda, yeni sosial, iqtisadi v\u0259 struktur islahatlar\u0131n\u0131 h\u0259yata ke\u00e7irilm\u0259si il\u0259 yadda qalacaq ill\u0259rd\u0259 v\u0259t\u0259nda\u015flar\u0131n sosial rifah\u0131n\u0131n yax\u015f\u0131la\u015fd\u0131r\u0131lmas\u0131, h\u0259yat t\u0259rzinin y\u00fcks\u0259ldilm\u0259si Prezident \u0130lham \u018fliyevin h\u0259yata ke\u00e7irdiyi siyas\u0259tin \u0259sas m\u0259qs\u0259dl\u0259rind\u0259n biri olub. T\u0259sad\u00fcfi deyil ki, bu il ba\u015flanan islahatlar, ilk n\u00f6vb\u0259d\u0259, \u0259halinin sosial rifah\u0131n\u0131n daha da yax\u015f\u0131la\u015fd\u0131r\u0131lmas\u0131na m\u00fch\u00fcm t\u00f6hf\u0259l\u0259r verdi. \u018fm\u0259khaqlar\u0131, pensiyalar, sosial m\u00fcavin\u0259tl\u0259r, t\u0259l\u0259b\u0259l\u0259rin t\u0259qa\u00fcdl\u0259ri art\u0131r\u0131ld\u0131. M\u00fcavin\u0259tl\u0259r orta hesabla 50 faiz, minimum \u0259m\u0259khaqq\u0131 2 d\u0259f\u0259, minimum pensiya 70 faizd\u0259n \u00e7ox art\u0131r\u0131ld\u0131. Haz\u0131rda minimum pensiyan\u0131n al\u0131c\u0131l\u0131q qabiliyy\u0259tin\u0259 g\u00f6r\u0259 Az\u0259rbaycan MDB-d\u0259 birinci yerd\u0259dir. Eyni zamanda, problemli kreditl\u0259r m\u0259s\u0259l\u0259si yoluna qoyulmaqla, sosial sah\u0259d\u0259 m\u00f6vcud olan probleml\u0259r kompleks \u015f\u0259kild\u0259 \u00f6z h\u0259llini tapd\u0131. Amma onu da unutmayaq ki, Prezident \u0130lham \u018fliyev bu g\u00f6st\u0259ricil\u0259ri qaneedici saym\u0131r, \u0259m\u0259khaqlar\u0131n\u0131n v\u0259 pensiyalar\u0131n art\u0131m\u0131n\u0131n davaml\u0131 olaca\u011f\u0131n\u0131 h\u0259r zaman bildirir. B\u00fct\u00fcn bunlar is\u0259 bir daha isbatlay\u0131r ki, Prezident \u0130lham \u018fliyevin h\u0259yata ke\u00e7irdiyi siyas\u0259tin m\u0259rk\u0259zind\u0259 dayanan \u0259sas m\u0259s\u0259l\u0259 insan amilidir\u201d.<\/p>\n<p>V\u00fcqar R\u0259himzad\u0259 bu il h\u0259yata ke\u00e7iril\u0259n struktur, kadr v\u0259 institusional islahatlardan da dan\u0131\u015f\u0131b: \u201cM\u0259lum oldu\u011fu kimi, Az\u0259rbaycan Prezidentinin Administrasiyas\u0131n\u0131n i\u015finin t\u0259kmill\u0259\u015fdirilm\u0259si v\u0259 qar\u015f\u0131ya qoyulan dig\u0259r m\u00fch\u00fcm v\u0259zif\u0259l\u0259rd\u0259n ir\u0259li g\u0259l\u0259r\u0259k strukturun t\u0259rkibi yenid\u0259n formala\u015fd\u0131r\u0131ld\u0131. O c\u00fcml\u0259d\u0259n Nazirl\u0259r Kabinetind\u0259, yerli icra hakimiyy\u0259ti, regional idar\u0259etm\u0259 orqanlar\u0131nda, \u00fcmumiyy\u0259tl\u0259, d\u00f6vl\u0259t v\u0259 c\u0259miyy\u0259t h\u0259yat\u0131n\u0131n b\u00fct\u00fcn sah\u0259l\u0259rind\u0259 apar\u0131lan struktur v\u0259 kadr islahatlar\u0131 ictimaiyy\u0259t t\u0259r\u0259find\u0259n r\u0259\u011fb\u0259tl\u0259 qar\u015f\u0131land\u0131. Bu islahatlar\u0131n, eyni zamanda, m\u0259hk\u0259m\u0259 v\u0259 qanunverici orqanlar\u0131 da \u0259hat\u0259 etm\u0259si Prezident \u0130lham \u018fliyevin islahatlarla ba\u011fl\u0131 siyasi irad\u0259sinin v\u0259 q\u0259tiyy\u0259tinin g\u00f6st\u0259ricisi oldu\u201d.<\/p>\n<p>\u201c\u00dcmumilikd\u0259, 2019-cu il Az\u0259rbaycan \u00fc\u00e7\u00fcn n\u00f6vb\u0259ti u\u011furlu m\u0259rh\u0259l\u0259 kimi m\u00fcasir tariximizd\u0259 yer alacaq\u201d dey\u0259n V\u00fcqar R\u0259himzad\u0259 \u0259lav\u0259 edib ki, bu ilin u\u011furla ba\u015fa \u00e7atmas\u0131 h\u0259yata ke\u00e7iril\u0259n siyas\u0259tin d\u00fczg\u00fcnl\u00fcy\u00fcnd\u0259n x\u0259b\u0259r verir: \u201cH\u0259r bir az\u0259rbaycanl\u0131 \u0259mindir ki, 2020-ci ild\u0259 d\u0259 Az\u0259rbaycan\u0131m\u0131z\u0131n inki\u015faf\u0131 davam ed\u0259c\u0259k, yeni t\u0259r\u0259qqi g\u00f6st\u0259ricil\u0259rin\u0259 nail olunacaq\u201d.<\/p>\n","protected":false},"excerpt":{"rendered":"<p>\u201cAz\u0259rbaycan 2019-cu ili b\u00f6y\u00fck u\u011furlarla ba\u015fa vurmaqdad\u0131r. M\u00fcxt\u0259lif b\u00f6lg\u0259l\u0259rd\u0259 ayr\u0131-ayr\u0131 xalqlar\u0131n m\u00fcharib\u0259l\u0259rin a\u011fr\u0131-ac\u0131lar\u0131n\u0131, sosial-iqtisadi v\u0259 siyasi b\u00f6hranlar\u0131n m\u0259nfi t\u0259sirl\u0259rini ya\u015fad\u0131\u011f\u0131 bir zamanda Az\u0259rbaycan xalq\u0131 bu ili d\u0259 y\u00fcks\u0259k rifah v\u0259 inki\u015faf tendensiyalar\u0131 il\u0259 ba\u015fa vurur. \u018fmin\u0259m ki, 2019-cu il d\u0259 nailiyy\u0259tl\u0259rl\u0259 z\u0259ngin, u\u011furlarla dolu n\u00f6vb\u0259ti d\u00f6vr kimi yadda\u015flarda qalacaq\u201d. Bu fikirl\u0259ri Yeni Az\u0259rbaycan Partiyas\u0131 (YAP) Siyasi \u015euras\u0131n\u0131n \u00fczv\u00fc, \u201c\u0130ki sahil\u201d q\u0259zetinin ba\u015f redaktoru V\u00fcqar R\u0259himzad\u0259 K\u0130V-\u0259 a\u00e7\u0131qlamas\u0131nda s\u00f6yl\u0259yib. V\u00fcqar R\u0259himzad\u0259 bildirib ki, Az\u0259rbaycan qlobal kollapslar d\u00f6vr\u00fcnd\u0259 daxili sabitliyini qorumaqla, inki\u015faf\u0131n\u0131 t\u0259min etm\u0259kl\u0259, iqtisadiyyat\u0131n\u0131 art\u0131m dinamikas\u0131na k\u00f6kl\u0259m\u0259kl\u0259 v\u0259 irimiqyasl\u0131 layih\u0259l\u0259ri realla\u015fd\u0131rmaqla&hellip;<\/p>\n","protected":false},"author":2,"featured_media":113769,"comment_status":"closed","ping_status":"closed","sticky":false,"template":"","format":"standard","meta":{"om_disable_all_campaigns":false,"_monsterinsights_skip_tracking":false,"_monsterinsights_sitenote_active":false,"_monsterinsights_sitenote_note":"","_monsterinsights_sitenote_category":0},"categories":[4],"tags":[],"aioseo_notices":[],"gutentor_comment":0,"rttpg_featured_image_url":{"full":["https:\/\/arantv.az\/wp-content\/uploads\/2019\/12\/85ea6fd7157001754125501279410805968.jpg",975,540,false],"landscape":["https:\/\/arantv.az\/wp-content\/uploads\/2019\/12\/85ea6fd7157001754125501279410805968.jpg",975,540,false],"portraits":["https:\/\/arantv.az\/wp-content\/uploads\/2019\/12\/85ea6fd7157001754125501279410805968.jpg",975,540,false],"thumbnail":["https:\/\/arantv.az\/wp-content\/uploads\/2019\/12\/85ea6fd7157001754125501279410805968-150x150.jpg",150,150,true],"medium":["https:\/\/arantv.az\/wp-content\/uploads\/2019\/12\/85ea6fd7157001754125501279410805968-300x166.jpg",300,166,true],"large":["https:\/\/arantv.az\/wp-content\/uploads\/2019\/12\/85ea6fd7157001754125501279410805968.jpg",640,354,false],"1536x1536":["https:\/\/arantv.az\/wp-content\/uploads\/2019\/12\/85ea6fd7157001754125501279410805968.jpg",975,540,false],"2048x2048":["https:\/\/arantv.az\/wp-content\/uploads\/2019\/12\/85ea6fd7157001754125501279410805968.jpg",975,540,false],"post-thumbnail":["https:\/\/arantv.az\/wp-content\/uploads\/2019\/12\/85ea6fd7157001754125501279410805968-240x172.jpg",240,172,true],"advps-thumb-one":["https:\/\/arantv.az\/wp-content\/uploads\/2019\/12\/85ea6fd7157001754125501279410805968.jpg",975,540,false]},"rttpg_author":{"display_name":"V\u00fcsal Rafiqo\u011flu","author_link":"https:\/\/arantv.az\/?author=2"},"rttpg_comment":0,"rttpg_category":"<a href=\"https:\/\/arantv.az\/?cat=4\" rel=\"category\">Siyas\u0259t<\/a>","rttpg_excerpt":"\u201cAz\u0259rbaycan 2019-cu ili b\u00f6y\u00fck u\u011furlarla ba\u015fa vurmaqdad\u0131r. M\u00fcxt\u0259lif b\u00f6lg\u0259l\u0259rd\u0259 ayr\u0131-ayr\u0131 xalqlar\u0131n m\u00fcharib\u0259l\u0259rin a\u011fr\u0131-ac\u0131lar\u0131n\u0131, sosial-iqtisadi v\u0259 siyasi b\u00f6hranlar\u0131n m\u0259nfi t\u0259sirl\u0259rini ya\u015fad\u0131\u011f\u0131 bir zamanda Az\u0259rbaycan xalq\u0131 bu ili d\u0259 y\u00fcks\u0259k rifah v\u0259 inki\u015faf tendensiyalar\u0131 il\u0259 ba\u015fa vurur. \u018fmin\u0259m ki, 2019-cu il d\u0259 nailiyy\u0259tl\u0259rl\u0259 z\u0259ngin, u\u011furlarla dolu n\u00f6vb\u0259ti d\u00f6vr kimi yadda\u015flarda qalacaq\u201d. Bu fikirl\u0259ri Yeni Az\u0259rbaycan Partiyas\u0131 (YAP)&hellip;","_links":{"self":[{"href":"https:\/\/arantv.az\/index.php?rest_route=\/wp\/v2\/posts\/113768"}],"collection":[{"href":"https:\/\/arantv.az\/index.php?rest_route=\/wp\/v2\/posts"}],"about":[{"href":"https:\/\/arantv.az\/index.php?rest_route=\/wp\/v2\/types\/post"}],"author":[{"embeddable":true,"href":"https:\/\/arantv.az\/index.php?rest_route=\/wp\/v2\/users\/2"}],"replies":[{"embeddable":true,"href":"https:\/\/arantv.az\/index.php?rest_route=%2Fwp%2Fv2%2Fcomments&post=113768"}],"version-history":[{"count":0,"href":"https:\/\/arantv.az\/index.php?rest_route=\/wp\/v2\/posts\/113768\/revisions"}],"wp:featuredmedia":[{"embeddable":true,"href":"https:\/\/arantv.az\/index.php?rest_route=\/wp\/v2\/media\/113769"}],"wp:attachment":[{"href":"https:\/\/arantv.az\/index.php?rest_route=%2Fwp%2Fv2%2Fmedia&parent=113768"}],"wp:term":[{"taxonomy":"category","embeddable":true,"href":"https:\/\/arantv.az\/index.php?rest_route=%2Fwp%2Fv2%2Fcategories&post=113768"},{"taxonomy":"post_tag","embeddable":true,"href":"https:\/\/arantv.az\/index.php?rest_route=%2Fwp%2Fv2%2Ftags&post=113768"}],"curies":[{"name":"wp","href":"https:\/\/api.w.org\/{rel}","templated":true}]}}