{"id":113780,"date":"2019-12-30T09:06:39","date_gmt":"2019-12-30T06:06:39","guid":{"rendered":"http:\/\/arantv.az\/?p=113780"},"modified":"2019-12-30T09:06:39","modified_gmt":"2019-12-30T06:06:39","slug":"roya-xanimlara-surpriz-ed%c9%99c%c9%99k","status":"publish","type":"post","link":"https:\/\/arantv.az\/?p=113780","title":{"rendered":"R\u00f6ya xan\u0131mlara s\u00fcrpriz ed\u0259c\u0259k"},"content":{"rendered":"<p>Az\u0259rbaycan estradas\u0131n\u0131n ulduzu, xalq artisti R\u00f6ya Ayxan yaz da \u201cBak\u0131 Konqres M\u0259rk\u0259zi&#8221;nin s\u0259hn\u0259sind\u0259 \u00e7\u0131x\u0131\u015f ed\u0259c\u0259k.<br \/>\n<strong>ARANTV.AZ<\/strong> x\u0259b\u0259r verir ki, s\u0259n\u0259t\u00e7i \u201cNazl\u0131\u201d ad\u0131 alt\u0131nda ikig\u00fcnl\u00fck m\u00f6ht\u0259\u015f\u0259m konsert verm\u0259k niyy\u0259tind\u0259dir. R\u00f6ya tan\u0131nm\u0131\u015f mahn\u0131lar\u0131 il\u0259 b\u0259rab\u0259r yeni hitl\u0259rini d\u0259 t\u0259qdim ed\u0259c\u0259k.<br \/>\nKonsert mart\u0131n 8-i v\u0259 9-u saat 19:00-da ke\u00e7iril\u0259c\u0259k. Biletl\u0259ri \u201cASAN xidm\u0259t\u201d m\u0259rk\u0259zl\u0259rind\u0259n, el\u0259c\u0259 d\u0259 <a href=\"https:\/\/l.facebook.com\/l.php?u=http%3A%2F%2Fwww.iticket.az%2F%3Ffbclid%3DIwAR1wXqNORSp_7_Y4AmdqLHINAacdfLnnzcFpWjdP5YvWgLGPwHuoVtltAWU&amp;h=AT3ZFSeuJojBgivcd_0Kx8wx0x5LOKD_bC0sj7EzYbR4m-KwnZQR_XCn1l2XazqNOxk46qgRr7fG7-p4ZQe_NvAFVsEUKABWSJ2iPo-tJpYSuiAWSQizXTcmCt4Onr58Lf31\" target=\"_blank\" rel=\"nofollow noopener\" data-lynx-mode=\"hover\">www.iticket.az<\/a> sayt\u0131ndan onlayn \u0259ld\u0259 ed\u0259 bil\u0259rsiniz.<br \/>\nQeyd ed\u0259k ki, konsert proqram\u0131n\u0131n t\u0259\u015fkilat\u00e7\u0131s\u0131 \u201cKEvents group\u201d dur.<\/p>\n<p><img loading=\"lazy\" class=\"alignnone size-medium wp-image-113781\" src=\"https:\/\/arantv.az\/wp-content\/uploads\/2019\/12\/80636282_1767420026721353_5769830834626363392_n-200x300.png\" alt=\"\" width=\"200\" height=\"300\" \/><\/p>\n","protected":false},"excerpt":{"rendered":"<p>Az\u0259rbaycan estradas\u0131n\u0131n ulduzu, xalq artisti R\u00f6ya Ayxan yaz da \u201cBak\u0131 Konqres M\u0259rk\u0259zi&#8221;nin s\u0259hn\u0259sind\u0259 \u00e7\u0131x\u0131\u015f ed\u0259c\u0259k. ARANTV.AZ x\u0259b\u0259r verir ki, s\u0259n\u0259t\u00e7i \u201cNazl\u0131\u201d ad\u0131 alt\u0131nda ikig\u00fcnl\u00fck m\u00f6ht\u0259\u015f\u0259m konsert verm\u0259k niyy\u0259tind\u0259dir. R\u00f6ya tan\u0131nm\u0131\u015f mahn\u0131lar\u0131 il\u0259 b\u0259rab\u0259r yeni hitl\u0259rini d\u0259 t\u0259qdim ed\u0259c\u0259k. Konsert mart\u0131n 8-i v\u0259 9-u saat 19:00-da ke\u00e7iril\u0259c\u0259k. Biletl\u0259ri \u201cASAN xidm\u0259t\u201d m\u0259rk\u0259zl\u0259rind\u0259n, el\u0259c\u0259 d\u0259 www.iticket.az sayt\u0131ndan onlayn \u0259ld\u0259 ed\u0259 bil\u0259rsiniz. Qeyd ed\u0259k ki, konsert proqram\u0131n\u0131n t\u0259\u015fkilat\u00e7\u0131s\u0131 \u201cKEvents group\u201d dur.<\/p>\n","protected":false},"author":2,"featured_media":113782,"comment_status":"closed","ping_status":"closed","sticky":false,"template":"","format":"standard","meta":{"om_disable_all_campaigns":false,"_monsterinsights_skip_tracking":false,"_monsterinsights_sitenote_active":false,"_monsterinsights_sitenote_note":"","_monsterinsights_sitenote_category":0},"categories":[20],"tags":[],"aioseo_notices":[],"gutentor_comment":0,"rttpg_featured_image_url":{"full":["https:\/\/arantv.az\/wp-content\/uploads\/2019\/12\/80683917_3222763951083452_847007154664636416_n.jpg",480,372,false],"landscape":["https:\/\/arantv.az\/wp-content\/uploads\/2019\/12\/80683917_3222763951083452_847007154664636416_n.jpg",480,372,false],"portraits":["https:\/\/arantv.az\/wp-content\/uploads\/2019\/12\/80683917_3222763951083452_847007154664636416_n.jpg",480,372,false],"thumbnail":["https:\/\/arantv.az\/wp-content\/uploads\/2019\/12\/80683917_3222763951083452_847007154664636416_n-150x150.jpg",150,150,true],"medium":["https:\/\/arantv.az\/wp-content\/uploads\/2019\/12\/80683917_3222763951083452_847007154664636416_n-300x233.jpg",300,233,true],"large":["https:\/\/arantv.az\/wp-content\/uploads\/2019\/12\/80683917_3222763951083452_847007154664636416_n.jpg",480,372,false],"1536x1536":["https:\/\/arantv.az\/wp-content\/uploads\/2019\/12\/80683917_3222763951083452_847007154664636416_n.jpg",480,372,false],"2048x2048":["https:\/\/arantv.az\/wp-content\/uploads\/2019\/12\/80683917_3222763951083452_847007154664636416_n.jpg",480,372,false],"post-thumbnail":["https:\/\/arantv.az\/wp-content\/uploads\/2019\/12\/80683917_3222763951083452_847007154664636416_n-240x172.jpg",240,172,true],"advps-thumb-one":["https:\/\/arantv.az\/wp-content\/uploads\/2019\/12\/80683917_3222763951083452_847007154664636416_n.jpg",480,372,false]},"rttpg_author":{"display_name":"V\u00fcsal Rafiqo\u011flu","author_link":"https:\/\/arantv.az\/?author=2"},"rttpg_comment":0,"rttpg_category":"<a href=\"https:\/\/arantv.az\/?cat=20\" rel=\"category\">\u015eou biznes<\/a>","rttpg_excerpt":"Az\u0259rbaycan estradas\u0131n\u0131n ulduzu, xalq artisti R\u00f6ya Ayxan yaz da \u201cBak\u0131 Konqres M\u0259rk\u0259zi&#8221;nin s\u0259hn\u0259sind\u0259 \u00e7\u0131x\u0131\u015f ed\u0259c\u0259k. ARANTV.AZ x\u0259b\u0259r verir ki, s\u0259n\u0259t\u00e7i \u201cNazl\u0131\u201d ad\u0131 alt\u0131nda ikig\u00fcnl\u00fck m\u00f6ht\u0259\u015f\u0259m konsert verm\u0259k niyy\u0259tind\u0259dir. R\u00f6ya tan\u0131nm\u0131\u015f mahn\u0131lar\u0131 il\u0259 b\u0259rab\u0259r yeni hitl\u0259rini d\u0259 t\u0259qdim ed\u0259c\u0259k. Konsert mart\u0131n 8-i v\u0259 9-u saat 19:00-da ke\u00e7iril\u0259c\u0259k. Biletl\u0259ri \u201cASAN xidm\u0259t\u201d m\u0259rk\u0259zl\u0259rind\u0259n, el\u0259c\u0259 d\u0259 www.iticket.az sayt\u0131ndan onlayn&hellip;","_links":{"self":[{"href":"https:\/\/arantv.az\/index.php?rest_route=\/wp\/v2\/posts\/113780"}],"collection":[{"href":"https:\/\/arantv.az\/index.php?rest_route=\/wp\/v2\/posts"}],"about":[{"href":"https:\/\/arantv.az\/index.php?rest_route=\/wp\/v2\/types\/post"}],"author":[{"embeddable":true,"href":"https:\/\/arantv.az\/index.php?rest_route=\/wp\/v2\/users\/2"}],"replies":[{"embeddable":true,"href":"https:\/\/arantv.az\/index.php?rest_route=%2Fwp%2Fv2%2Fcomments&post=113780"}],"version-history":[{"count":0,"href":"https:\/\/arantv.az\/index.php?rest_route=\/wp\/v2\/posts\/113780\/revisions"}],"wp:featuredmedia":[{"embeddable":true,"href":"https:\/\/arantv.az\/index.php?rest_route=\/wp\/v2\/media\/113782"}],"wp:attachment":[{"href":"https:\/\/arantv.az\/index.php?rest_route=%2Fwp%2Fv2%2Fmedia&parent=113780"}],"wp:term":[{"taxonomy":"category","embeddable":true,"href":"https:\/\/arantv.az\/index.php?rest_route=%2Fwp%2Fv2%2Fcategories&post=113780"},{"taxonomy":"post_tag","embeddable":true,"href":"https:\/\/arantv.az\/index.php?rest_route=%2Fwp%2Fv2%2Ftags&post=113780"}],"curies":[{"name":"wp","href":"https:\/\/api.w.org\/{rel}","templated":true}]}}