{"id":113785,"date":"2019-12-30T09:08:07","date_gmt":"2019-12-30T06:08:07","guid":{"rendered":"http:\/\/arantv.az\/?p=113785"},"modified":"2019-12-30T09:08:07","modified_gmt":"2019-12-30T06:08:07","slug":"miri-yusif-crystal-hallda-konsert-verec%c9%99k","status":"publish","type":"post","link":"https:\/\/arantv.az\/?p=113785","title":{"rendered":"Miri Yusif \u201cCrystal Hall\u201dda konsert verec\u0259k"},"content":{"rendered":"<p>Az\u0259rbaycan\u0131n Xalq artisti Miri Yusifin solo karyeras\u0131n\u0131n 10 illiyi m\u00fcnasib\u0259til\u0259 g\u0259l\u0259n ilin bahar\u0131nda, daha d\u0259qiq des\u0259k, may\u0131n 24-d\u0259 \u201cBaku Crystal Hall\u201dda solo konserti olacaq. <strong>ARANTV.AZ<\/strong> x\u0259b\u0259r verir ki, bu, 2020-ci ilin \u0259n geni\u015fmiqyasl\u0131 konsertl\u0259rind\u0259n biri olacaq. Qar\u015f\u0131dak\u0131 \u015fou \u201cSS-production\u201d \u015firk\u0259tinin t\u0259\u015fkilati d\u0259st\u0259yi il\u0259 ke\u00e7iril\u0259c\u0259k. \u015eirk\u0259t v\u0259 artistin komandas\u0131 onun &#8220;ruh \u0259kizl\u0259rinin&#8221; ist\u0259yini n\u0259z\u0259r\u0259 alaraq \u00e7ox demokratik qiym\u0259t siyas\u0259ti m\u00fc\u0259yy\u0259n edib. Biletl\u0259rin qiym\u0259ti 8 AZN-d\u0259n ba\u015flan\u0131r, \u0259n bahal\u0131 yerl\u0259rin qiym\u0259ti is\u0259 150 azn-dir. M\u00fc\u011f\u0259nni bu g\u00fcnl\u0259rd\u0259 \u00f6z\u00fcn\u00fcn \u201cInstaqram\u201d s\u0259hif\u0259sind\u0259 qar\u015f\u0131dak\u0131 konsertin r\u0259smi afi\u015fas\u0131n\u0131 v\u0259 anonsunu payla\u015f\u0131b. M\u00fc\u011f\u0259nni bildirib ki, qar\u015f\u0131dak\u0131 \u015fou onun \u00fc\u00e7\u00fcn b\u00f6y\u00fck \u0259h\u0259miyy\u0259t k\u0259sb edir. Son 10 il \u0259rzind\u0259 bu artist m\u00fcxt\u0259lif m\u0259kanlarda 32 solo konserti verib. Onlar\u0131n aras\u0131nda ikig\u00fcnl\u00fck, \u00fc\u00e7g\u00fcnl\u00fck \u015foular\u0131n oldu\u011funu n\u0259z\u0259r\u0259 alsaq, daha b\u00f6y\u00fck r\u0259q\u0259m al\u0131n\u0131r. \u201cBaku Crystal Hall\u201dda konsertin n\u0259 dem\u0259k oldu\u011funu yax\u015f\u0131 bil\u0259n Az\u0259rbaycan\u0131n Xalq artisti Ayg\u00fcn Kaz\u0131mova m\u00fc\u011f\u0259nnini d\u0259st\u0259kl\u0259yib. Super ulduz \u201cSS-production\u201d \u015firk\u0259tinin \u201c\u0130nstaqram\u201d s\u0259hif\u0259sind\u0259 Miri Yusifin afi\u015fas\u0131 alt\u0131nda bu s\u00f6zl\u0259ri yaz\u0131b: \u201cBizi v\u0259 sizi m\u00f6ht\u0259\u015f\u0259m bir konsert g\u00f6zl\u0259yir\u201d. Qar\u015f\u0131dak\u0131 \u015founun 100 faiz m\u00f6ht\u0259\u015f\u0259m olaca\u011f\u0131na \u015f\u00fcbh\u0259 yoxdur. Konsertin proqram\u0131 Miri Yusifin son 10 ild\u0259ki repertuar\u0131nda yer tutmu\u015f \u0259n yax\u015f\u0131 mahn\u0131lardan ibar\u0259t olacaq. Tama\u015fa\u00e7\u0131lar\u0131 \u00e7ox s\u00fcrprizl\u0259r g\u00f6zl\u0259yir \u2013 parlaq x\u00fcsusi effektl\u0259r, g\u00f6z\u0259l dekorasiyalar, valehedici installyasiyalar, i\u015f\u0131q v\u0259 lazer \u015fousu, sevimli hitl\u0259r, canl\u0131 ifa v\u0259 \u0259lb\u0259tt\u0259, artistin qeyri-adi energetikas\u0131!<\/p>\n<p>&nbsp;<\/p>\n","protected":false},"excerpt":{"rendered":"<p>Az\u0259rbaycan\u0131n Xalq artisti Miri Yusifin solo karyeras\u0131n\u0131n 10 illiyi m\u00fcnasib\u0259til\u0259 g\u0259l\u0259n ilin bahar\u0131nda, daha d\u0259qiq des\u0259k, may\u0131n 24-d\u0259 \u201cBaku Crystal Hall\u201dda solo konserti olacaq. ARANTV.AZ x\u0259b\u0259r verir ki, bu, 2020-ci ilin \u0259n geni\u015fmiqyasl\u0131 konsertl\u0259rind\u0259n biri olacaq. Qar\u015f\u0131dak\u0131 \u015fou \u201cSS-production\u201d \u015firk\u0259tinin t\u0259\u015fkilati d\u0259st\u0259yi il\u0259 ke\u00e7iril\u0259c\u0259k. \u015eirk\u0259t v\u0259 artistin komandas\u0131 onun &#8220;ruh \u0259kizl\u0259rinin&#8221; ist\u0259yini n\u0259z\u0259r\u0259 alaraq \u00e7ox demokratik qiym\u0259t siyas\u0259ti m\u00fc\u0259yy\u0259n edib. Biletl\u0259rin qiym\u0259ti 8 AZN-d\u0259n ba\u015flan\u0131r, \u0259n bahal\u0131 yerl\u0259rin qiym\u0259ti is\u0259 150 azn-dir. M\u00fc\u011f\u0259nni bu g\u00fcnl\u0259rd\u0259 \u00f6z\u00fcn\u00fcn \u201cInstaqram\u201d s\u0259hif\u0259sind\u0259 qar\u015f\u0131dak\u0131 konsertin r\u0259smi afi\u015fas\u0131n\u0131 v\u0259 anonsunu payla\u015f\u0131b. M\u00fc\u011f\u0259nni bildirib ki, qar\u015f\u0131dak\u0131 \u015fou&hellip;<\/p>\n","protected":false},"author":2,"featured_media":113786,"comment_status":"closed","ping_status":"closed","sticky":false,"template":"","format":"standard","meta":{"om_disable_all_campaigns":false,"_monsterinsights_skip_tracking":false,"_monsterinsights_sitenote_active":false,"_monsterinsights_sitenote_note":"","_monsterinsights_sitenote_category":0},"categories":[20],"tags":[],"aioseo_notices":[],"gutentor_comment":0,"rttpg_featured_image_url":{"full":["https:\/\/arantv.az\/wp-content\/uploads\/2019\/12\/80952317_565864894145879_5687168459528470528_n.jpg",552,383,false],"landscape":["https:\/\/arantv.az\/wp-content\/uploads\/2019\/12\/80952317_565864894145879_5687168459528470528_n.jpg",552,383,false],"portraits":["https:\/\/arantv.az\/wp-content\/uploads\/2019\/12\/80952317_565864894145879_5687168459528470528_n.jpg",552,383,false],"thumbnail":["https:\/\/arantv.az\/wp-content\/uploads\/2019\/12\/80952317_565864894145879_5687168459528470528_n-150x150.jpg",150,150,true],"medium":["https:\/\/arantv.az\/wp-content\/uploads\/2019\/12\/80952317_565864894145879_5687168459528470528_n-300x208.jpg",300,208,true],"large":["https:\/\/arantv.az\/wp-content\/uploads\/2019\/12\/80952317_565864894145879_5687168459528470528_n.jpg",552,383,false],"1536x1536":["https:\/\/arantv.az\/wp-content\/uploads\/2019\/12\/80952317_565864894145879_5687168459528470528_n.jpg",552,383,false],"2048x2048":["https:\/\/arantv.az\/wp-content\/uploads\/2019\/12\/80952317_565864894145879_5687168459528470528_n.jpg",552,383,false],"post-thumbnail":["https:\/\/arantv.az\/wp-content\/uploads\/2019\/12\/80952317_565864894145879_5687168459528470528_n-240x172.jpg",240,172,true],"advps-thumb-one":["https:\/\/arantv.az\/wp-content\/uploads\/2019\/12\/80952317_565864894145879_5687168459528470528_n.jpg",552,383,false]},"rttpg_author":{"display_name":"V\u00fcsal Rafiqo\u011flu","author_link":"https:\/\/arantv.az\/?author=2"},"rttpg_comment":0,"rttpg_category":"<a href=\"https:\/\/arantv.az\/?cat=20\" rel=\"category\">\u015eou biznes<\/a>","rttpg_excerpt":"Az\u0259rbaycan\u0131n Xalq artisti Miri Yusifin solo karyeras\u0131n\u0131n 10 illiyi m\u00fcnasib\u0259til\u0259 g\u0259l\u0259n ilin bahar\u0131nda, daha d\u0259qiq des\u0259k, may\u0131n 24-d\u0259 \u201cBaku Crystal Hall\u201dda solo konserti olacaq. ARANTV.AZ x\u0259b\u0259r verir ki, bu, 2020-ci ilin \u0259n geni\u015fmiqyasl\u0131 konsertl\u0259rind\u0259n biri olacaq. Qar\u015f\u0131dak\u0131 \u015fou \u201cSS-production\u201d \u015firk\u0259tinin t\u0259\u015fkilati d\u0259st\u0259yi il\u0259 ke\u00e7iril\u0259c\u0259k. \u015eirk\u0259t v\u0259 artistin komandas\u0131 onun &#8220;ruh \u0259kizl\u0259rinin&#8221; ist\u0259yini n\u0259z\u0259r\u0259 alaraq \u00e7ox&hellip;","_links":{"self":[{"href":"https:\/\/arantv.az\/index.php?rest_route=\/wp\/v2\/posts\/113785"}],"collection":[{"href":"https:\/\/arantv.az\/index.php?rest_route=\/wp\/v2\/posts"}],"about":[{"href":"https:\/\/arantv.az\/index.php?rest_route=\/wp\/v2\/types\/post"}],"author":[{"embeddable":true,"href":"https:\/\/arantv.az\/index.php?rest_route=\/wp\/v2\/users\/2"}],"replies":[{"embeddable":true,"href":"https:\/\/arantv.az\/index.php?rest_route=%2Fwp%2Fv2%2Fcomments&post=113785"}],"version-history":[{"count":0,"href":"https:\/\/arantv.az\/index.php?rest_route=\/wp\/v2\/posts\/113785\/revisions"}],"wp:featuredmedia":[{"embeddable":true,"href":"https:\/\/arantv.az\/index.php?rest_route=\/wp\/v2\/media\/113786"}],"wp:attachment":[{"href":"https:\/\/arantv.az\/index.php?rest_route=%2Fwp%2Fv2%2Fmedia&parent=113785"}],"wp:term":[{"taxonomy":"category","embeddable":true,"href":"https:\/\/arantv.az\/index.php?rest_route=%2Fwp%2Fv2%2Fcategories&post=113785"},{"taxonomy":"post_tag","embeddable":true,"href":"https:\/\/arantv.az\/index.php?rest_route=%2Fwp%2Fv2%2Ftags&post=113785"}],"curies":[{"name":"wp","href":"https:\/\/api.w.org\/{rel}","templated":true}]}}