{"id":113797,"date":"2019-12-30T09:21:55","date_gmt":"2019-12-30T06:21:55","guid":{"rendered":"http:\/\/arantv.az\/?p=113797"},"modified":"2019-12-30T09:21:55","modified_gmt":"2019-12-30T06:21:55","slug":"az%c9%99rbaycanli-nazir-muavini-beyn%c9%99lxalq-t%c9%99skilatda-yuks%c9%99k-v%c9%99zif%c9%99y%c9%99-t%c9%99yin-olundu","status":"publish","type":"post","link":"https:\/\/arantv.az\/?p=113797","title":{"rendered":"Az\u0259rbaycanl\u0131 nazir m\u00fcavini beyn\u0259lxalq t\u0259\u015fkilatda y\u00fcks\u0259k v\u0259zif\u0259y\u0259 t\u0259yin olundu"},"content":{"rendered":"<p>\u018fm\u0259k v\u0259 \u018fhalinin Sosial M\u00fcdafi\u0259si nazirinin m\u00fcavini M\u0259tin K\u0259rimli Beyn\u0259lxalq \u018fm\u0259k T\u0259\u015fkilat\u0131n\u0131n (B\u018fT) Sakit Okean h\u00f6vz\u0259si \u00f6lk\u0259l\u0259ri \u00fczr\u0259 Ofisinin Direktoru v\u0259zif\u0259sin\u0259 t\u0259yin olunub.<\/p>\n<p>Nazirlikd\u0259n\u00a0Oxu.Az-a bildirilib ki, Ficinin paytaxt\u0131 Suva \u015f\u0259h\u0259rind\u0259 yerl\u0259\u015f\u0259n B\u018fT-in Sakit Okean h\u00f6vz\u0259si \u00f6lk\u0259l\u0259ri \u00fczr\u0259 Ofisi regiondak\u0131 22 \u00f6lk\u0259d\u0259 layiqli \u0259m\u0259yin t\u0259\u015fviqin\u0259, h\u00f6kum\u0259tl\u0259r, h\u0259mkarlar t\u0259\u015fkilatlar\u0131 v\u0259 sahibkarlar t\u0259\u015fkilatlar\u0131 il\u0259 t\u0259r\u0259fda\u015fl\u0131\u011f\u0131n inki\u015faf etdirilm\u0259sin\u0259, m\u0259\u015f\u011fulluq v\u0259 sosial m\u00fcdafi\u0259 sah\u0259l\u0259rin\u0259 aid olan BMT-nin Davaml\u0131 \u0130nki\u015faf M\u0259qs\u0259dl\u0259rinin icras\u0131na, el\u0259c\u0259 d\u0259 regionda B\u018fT-in mandat\u0131ndan ir\u0259li g\u0259l\u0259n dig\u0259r m\u0259s\u0259l\u0259l\u0259r\u0259 m\u0259suldur.<\/p>\n<p>2020-ci ilin yanvar ay\u0131n\u0131n sonunda yeni v\u0259zif\u0259sind\u0259 f\u0259aliyy\u0259t\u0259 ba\u015flayacaq M\u0259tin K\u0259rimli B\u018fT sistemind\u0259 bel\u0259 y\u00fcks\u0259k v\u0259zif\u0259d\u0259 i\u015fl\u0259y\u0259c\u0259k ilk Az\u0259rbaycan v\u0259t\u0259nda\u015f\u0131 olacaq.<\/p>\n<p>M\u0259tin K\u0259rimli 2014-c\u00fc ilin fevral ay\u0131ndan Az\u0259rbaycan Respublikas\u0131n\u0131n \u018fm\u0259k v\u0259 \u018fhalinin Sosial M\u00fcdafi\u0259si nazirinin m\u00fcavini v\u0259zif\u0259sind\u0259 \u00e7al\u0131\u015f\u0131rd\u0131.<\/p>\n","protected":false},"excerpt":{"rendered":"<p>\u018fm\u0259k v\u0259 \u018fhalinin Sosial M\u00fcdafi\u0259si nazirinin m\u00fcavini M\u0259tin K\u0259rimli Beyn\u0259lxalq \u018fm\u0259k T\u0259\u015fkilat\u0131n\u0131n (B\u018fT) Sakit Okean h\u00f6vz\u0259si \u00f6lk\u0259l\u0259ri \u00fczr\u0259 Ofisinin Direktoru v\u0259zif\u0259sin\u0259 t\u0259yin olunub. Nazirlikd\u0259n\u00a0Oxu.Az-a bildirilib ki, Ficinin paytaxt\u0131 Suva \u015f\u0259h\u0259rind\u0259 yerl\u0259\u015f\u0259n B\u018fT-in Sakit Okean h\u00f6vz\u0259si \u00f6lk\u0259l\u0259ri \u00fczr\u0259 Ofisi regiondak\u0131 22 \u00f6lk\u0259d\u0259 layiqli \u0259m\u0259yin t\u0259\u015fviqin\u0259, h\u00f6kum\u0259tl\u0259r, h\u0259mkarlar t\u0259\u015fkilatlar\u0131 v\u0259 sahibkarlar t\u0259\u015fkilatlar\u0131 il\u0259 t\u0259r\u0259fda\u015fl\u0131\u011f\u0131n inki\u015faf etdirilm\u0259sin\u0259, m\u0259\u015f\u011fulluq v\u0259 sosial m\u00fcdafi\u0259 sah\u0259l\u0259rin\u0259 aid olan BMT-nin Davaml\u0131 \u0130nki\u015faf M\u0259qs\u0259dl\u0259rinin icras\u0131na, el\u0259c\u0259 d\u0259 regionda B\u018fT-in mandat\u0131ndan ir\u0259li g\u0259l\u0259n dig\u0259r m\u0259s\u0259l\u0259l\u0259r\u0259 m\u0259suldur. 2020-ci ilin yanvar ay\u0131n\u0131n sonunda yeni v\u0259zif\u0259sind\u0259 f\u0259aliyy\u0259t\u0259 ba\u015flayacaq M\u0259tin K\u0259rimli B\u018fT sistemind\u0259 bel\u0259&hellip;<\/p>\n","protected":false},"author":2,"featured_media":113798,"comment_status":"closed","ping_status":"closed","sticky":false,"template":"","format":"standard","meta":{"om_disable_all_campaigns":false,"_monsterinsights_skip_tracking":false,"_monsterinsights_sitenote_active":false,"_monsterinsights_sitenote_note":"","_monsterinsights_sitenote_category":0},"categories":[1],"tags":[],"aioseo_notices":[],"gutentor_comment":0,"rttpg_featured_image_url":{"full":["https:\/\/arantv.az\/wp-content\/uploads\/2019\/12\/Metin-Kerimli-\u00d0\u00ba\u00d0\u00be\u00d0\u00bf\u00d0\u00b8\u00d1_.jpg",608,465,false],"landscape":["https:\/\/arantv.az\/wp-content\/uploads\/2019\/12\/Metin-Kerimli-\u00d0\u00ba\u00d0\u00be\u00d0\u00bf\u00d0\u00b8\u00d1_.jpg",608,465,false],"portraits":["https:\/\/arantv.az\/wp-content\/uploads\/2019\/12\/Metin-Kerimli-\u00d0\u00ba\u00d0\u00be\u00d0\u00bf\u00d0\u00b8\u00d1_.jpg",608,465,false],"thumbnail":["https:\/\/arantv.az\/wp-content\/uploads\/2019\/12\/Metin-Kerimli-\u00d0\u00ba\u00d0\u00be\u00d0\u00bf\u00d0\u00b8\u00d1_-150x150.jpg",150,150,true],"medium":["https:\/\/arantv.az\/wp-content\/uploads\/2019\/12\/Metin-Kerimli-\u00d0\u00ba\u00d0\u00be\u00d0\u00bf\u00d0\u00b8\u00d1_-300x229.jpg",300,229,true],"large":["https:\/\/arantv.az\/wp-content\/uploads\/2019\/12\/Metin-Kerimli-\u00d0\u00ba\u00d0\u00be\u00d0\u00bf\u00d0\u00b8\u00d1_.jpg",608,465,false],"1536x1536":["https:\/\/arantv.az\/wp-content\/uploads\/2019\/12\/Metin-Kerimli-\u00d0\u00ba\u00d0\u00be\u00d0\u00bf\u00d0\u00b8\u00d1_.jpg",608,465,false],"2048x2048":["https:\/\/arantv.az\/wp-content\/uploads\/2019\/12\/Metin-Kerimli-\u00d0\u00ba\u00d0\u00be\u00d0\u00bf\u00d0\u00b8\u00d1_.jpg",608,465,false],"post-thumbnail":["https:\/\/arantv.az\/wp-content\/uploads\/2019\/12\/Metin-Kerimli-\u00d0\u00ba\u00d0\u00be\u00d0\u00bf\u00d0\u00b8\u00d1_-240x172.jpg",240,172,true],"advps-thumb-one":["https:\/\/arantv.az\/wp-content\/uploads\/2019\/12\/Metin-Kerimli-\u00d0\u00ba\u00d0\u00be\u00d0\u00bf\u00d0\u00b8\u00d1_.jpg",608,465,false]},"rttpg_author":{"display_name":"V\u00fcsal Rafiqo\u011flu","author_link":"https:\/\/arantv.az\/?author=2"},"rttpg_comment":0,"rttpg_category":"<a href=\"https:\/\/arantv.az\/?cat=1\" rel=\"category\">C\u0259miyy\u0259t<\/a>","rttpg_excerpt":"\u018fm\u0259k v\u0259 \u018fhalinin Sosial M\u00fcdafi\u0259si nazirinin m\u00fcavini M\u0259tin K\u0259rimli Beyn\u0259lxalq \u018fm\u0259k T\u0259\u015fkilat\u0131n\u0131n (B\u018fT) Sakit Okean h\u00f6vz\u0259si \u00f6lk\u0259l\u0259ri \u00fczr\u0259 Ofisinin Direktoru v\u0259zif\u0259sin\u0259 t\u0259yin olunub. Nazirlikd\u0259n\u00a0Oxu.Az-a bildirilib ki, Ficinin paytaxt\u0131 Suva \u015f\u0259h\u0259rind\u0259 yerl\u0259\u015f\u0259n B\u018fT-in Sakit Okean h\u00f6vz\u0259si \u00f6lk\u0259l\u0259ri \u00fczr\u0259 Ofisi regiondak\u0131 22 \u00f6lk\u0259d\u0259 layiqli \u0259m\u0259yin t\u0259\u015fviqin\u0259, h\u00f6kum\u0259tl\u0259r, h\u0259mkarlar t\u0259\u015fkilatlar\u0131 v\u0259 sahibkarlar t\u0259\u015fkilatlar\u0131 il\u0259 t\u0259r\u0259fda\u015fl\u0131\u011f\u0131n inki\u015faf etdirilm\u0259sin\u0259, m\u0259\u015f\u011fulluq&hellip;","_links":{"self":[{"href":"https:\/\/arantv.az\/index.php?rest_route=\/wp\/v2\/posts\/113797"}],"collection":[{"href":"https:\/\/arantv.az\/index.php?rest_route=\/wp\/v2\/posts"}],"about":[{"href":"https:\/\/arantv.az\/index.php?rest_route=\/wp\/v2\/types\/post"}],"author":[{"embeddable":true,"href":"https:\/\/arantv.az\/index.php?rest_route=\/wp\/v2\/users\/2"}],"replies":[{"embeddable":true,"href":"https:\/\/arantv.az\/index.php?rest_route=%2Fwp%2Fv2%2Fcomments&post=113797"}],"version-history":[{"count":0,"href":"https:\/\/arantv.az\/index.php?rest_route=\/wp\/v2\/posts\/113797\/revisions"}],"wp:featuredmedia":[{"embeddable":true,"href":"https:\/\/arantv.az\/index.php?rest_route=\/wp\/v2\/media\/113798"}],"wp:attachment":[{"href":"https:\/\/arantv.az\/index.php?rest_route=%2Fwp%2Fv2%2Fmedia&parent=113797"}],"wp:term":[{"taxonomy":"category","embeddable":true,"href":"https:\/\/arantv.az\/index.php?rest_route=%2Fwp%2Fv2%2Fcategories&post=113797"},{"taxonomy":"post_tag","embeddable":true,"href":"https:\/\/arantv.az\/index.php?rest_route=%2Fwp%2Fv2%2Ftags&post=113797"}],"curies":[{"name":"wp","href":"https:\/\/api.w.org\/{rel}","templated":true}]}}