{"id":113801,"date":"2019-12-30T09:24:41","date_gmt":"2019-12-30T06:24:41","guid":{"rendered":"http:\/\/arantv.az\/?p=113801"},"modified":"2019-12-30T09:24:41","modified_gmt":"2019-12-30T06:24:41","slug":"bakida-yeni-il-ab-havasi-fotolar","status":"publish","type":"post","link":"https:\/\/arantv.az\/?p=113801","title":{"rendered":"Bak\u0131da Yeni il ab-havas\u0131 &#8211; Fotolar"},"content":{"rendered":"<p><strong>Yeni ilin q\u0259d\u0259m qoymas\u0131na say\u0131l\u0131 g\u00fcnl\u0259r qal\u0131b.<\/strong><\/p>\n<p><strong>\u00a0ARANTV.AZ<\/strong> x\u0259b\u0259r verir ki, 2020-ci ilin g\u0259li\u015fi il\u0259 \u0259laq\u0259dar Bak\u0131n\u0131n m\u0259rk\u0259zind\u0259 canlanma hiss olunur.<\/p>\n<p>\u015e\u0259h\u0259r m\u0259rk\u0259zind\u0259n haz\u0131rlad\u0131\u011f\u0131m\u0131z fotoreportaj\u0131 t\u0259qdim edirik:<\/p>\n<p>&nbsp;<\/p>\n<p><img class=\"img-responsive\" title=\"\" src=\"https:\/\/qafqazinfo.az\/uploads\/1577650164\/yeniil2.jpg\" alt=\"\" \/><br \/>\n<img class=\"img-responsive\" title=\"\" src=\"https:\/\/qafqazinfo.az\/uploads\/1577650164\/yeniil3.jpg\" alt=\"\" \/><br \/>\n<img class=\"img-responsive\" title=\"\" src=\"https:\/\/qafqazinfo.az\/uploads\/1577650164\/yeniil4.jpg\" alt=\"\" \/><br \/>\n<img class=\"img-responsive\" title=\"\" src=\"https:\/\/qafqazinfo.az\/uploads\/1577650164\/yeniil5.jpg\" alt=\"\" \/><br \/>\n<img class=\"img-responsive\" title=\"\" src=\"https:\/\/qafqazinfo.az\/uploads\/1577650164\/yeniil6.jpg\" alt=\"\" \/><br \/>\n<img class=\"img-responsive\" title=\"\" src=\"https:\/\/qafqazinfo.az\/uploads\/1577650164\/yeniil7.jpg\" alt=\"\" \/><\/p>\n<p>&nbsp;<\/p>\n<p>&#8220;Qafqazinfo&#8221;<\/p>\n","protected":false},"excerpt":{"rendered":"<p>Yeni ilin q\u0259d\u0259m qoymas\u0131na say\u0131l\u0131 g\u00fcnl\u0259r qal\u0131b. \u00a0ARANTV.AZ x\u0259b\u0259r verir ki, 2020-ci ilin g\u0259li\u015fi il\u0259 \u0259laq\u0259dar Bak\u0131n\u0131n m\u0259rk\u0259zind\u0259 canlanma hiss olunur. \u015e\u0259h\u0259r m\u0259rk\u0259zind\u0259n haz\u0131rlad\u0131\u011f\u0131m\u0131z fotoreportaj\u0131 t\u0259qdim edirik: &nbsp; &nbsp; &#8220;Qafqazinfo&#8221;<\/p>\n","protected":false},"author":2,"featured_media":113802,"comment_status":"closed","ping_status":"closed","sticky":false,"template":"","format":"standard","meta":{"om_disable_all_campaigns":false,"_monsterinsights_skip_tracking":false,"_monsterinsights_sitenote_active":false,"_monsterinsights_sitenote_note":"","_monsterinsights_sitenote_category":0},"categories":[1],"tags":[],"aioseo_notices":[],"gutentor_comment":0,"rttpg_featured_image_url":{"full":["https:\/\/arantv.az\/wp-content\/uploads\/2019\/12\/yeniil1.jpg",637,400,false],"landscape":["https:\/\/arantv.az\/wp-content\/uploads\/2019\/12\/yeniil1.jpg",637,400,false],"portraits":["https:\/\/arantv.az\/wp-content\/uploads\/2019\/12\/yeniil1.jpg",637,400,false],"thumbnail":["https:\/\/arantv.az\/wp-content\/uploads\/2019\/12\/yeniil1-150x150.jpg",150,150,true],"medium":["https:\/\/arantv.az\/wp-content\/uploads\/2019\/12\/yeniil1-300x188.jpg",300,188,true],"large":["https:\/\/arantv.az\/wp-content\/uploads\/2019\/12\/yeniil1.jpg",637,400,false],"1536x1536":["https:\/\/arantv.az\/wp-content\/uploads\/2019\/12\/yeniil1.jpg",637,400,false],"2048x2048":["https:\/\/arantv.az\/wp-content\/uploads\/2019\/12\/yeniil1.jpg",637,400,false],"post-thumbnail":["https:\/\/arantv.az\/wp-content\/uploads\/2019\/12\/yeniil1-240x172.jpg",240,172,true],"advps-thumb-one":["https:\/\/arantv.az\/wp-content\/uploads\/2019\/12\/yeniil1.jpg",637,400,false]},"rttpg_author":{"display_name":"V\u00fcsal Rafiqo\u011flu","author_link":"https:\/\/arantv.az\/?author=2"},"rttpg_comment":0,"rttpg_category":"<a href=\"https:\/\/arantv.az\/?cat=1\" rel=\"category\">C\u0259miyy\u0259t<\/a>","rttpg_excerpt":"Yeni ilin q\u0259d\u0259m qoymas\u0131na say\u0131l\u0131 g\u00fcnl\u0259r qal\u0131b. \u00a0ARANTV.AZ x\u0259b\u0259r verir ki, 2020-ci ilin g\u0259li\u015fi il\u0259 \u0259laq\u0259dar Bak\u0131n\u0131n m\u0259rk\u0259zind\u0259 canlanma hiss olunur. \u015e\u0259h\u0259r m\u0259rk\u0259zind\u0259n haz\u0131rlad\u0131\u011f\u0131m\u0131z fotoreportaj\u0131 t\u0259qdim edirik: &nbsp; &nbsp; &#8220;Qafqazinfo&#8221;","_links":{"self":[{"href":"https:\/\/arantv.az\/index.php?rest_route=\/wp\/v2\/posts\/113801"}],"collection":[{"href":"https:\/\/arantv.az\/index.php?rest_route=\/wp\/v2\/posts"}],"about":[{"href":"https:\/\/arantv.az\/index.php?rest_route=\/wp\/v2\/types\/post"}],"author":[{"embeddable":true,"href":"https:\/\/arantv.az\/index.php?rest_route=\/wp\/v2\/users\/2"}],"replies":[{"embeddable":true,"href":"https:\/\/arantv.az\/index.php?rest_route=%2Fwp%2Fv2%2Fcomments&post=113801"}],"version-history":[{"count":0,"href":"https:\/\/arantv.az\/index.php?rest_route=\/wp\/v2\/posts\/113801\/revisions"}],"wp:featuredmedia":[{"embeddable":true,"href":"https:\/\/arantv.az\/index.php?rest_route=\/wp\/v2\/media\/113802"}],"wp:attachment":[{"href":"https:\/\/arantv.az\/index.php?rest_route=%2Fwp%2Fv2%2Fmedia&parent=113801"}],"wp:term":[{"taxonomy":"category","embeddable":true,"href":"https:\/\/arantv.az\/index.php?rest_route=%2Fwp%2Fv2%2Fcategories&post=113801"},{"taxonomy":"post_tag","embeddable":true,"href":"https:\/\/arantv.az\/index.php?rest_route=%2Fwp%2Fv2%2Ftags&post=113801"}],"curies":[{"name":"wp","href":"https:\/\/api.w.org\/{rel}","templated":true}]}}