{"id":113833,"date":"2019-12-30T10:27:24","date_gmt":"2019-12-30T07:27:24","guid":{"rendered":"http:\/\/arantv.az\/?p=113833"},"modified":"2019-12-30T10:27:24","modified_gmt":"2019-12-30T07:27:24","slug":"turkiy%c9%99d%c9%99-bir-saatda-70-terrorcu-saxlanildi","status":"publish","type":"post","link":"https:\/\/arantv.az\/?p=113833","title":{"rendered":"T\u00fcrkiy\u0259d\u0259 bir saatda 70 terror\u00e7u saxlan\u0131ld\u0131"},"content":{"rendered":"<p>T\u00fcrkiy\u0259d\u0259\u00a0d\u00f6rd vilay\u0259td\u0259 \u0130\u015e\u0130D terror t\u0259\u015fkilat\u0131 \u00fczvl\u0259rin\u0259 qar\u015f\u0131 yerli vaxtla\u00a0s\u0259h\u0259r saat 05:00-da \u0259m\u0259liyyat ke\u00e7irilib. \u018fm\u0259liyyat bir saat davam edib.<\/p>\n<p>\u201cTRT Haber\u201din m\u0259lumat\u0131na g\u00f6r\u0259, Adana Terrorla M\u00fcbariz\u0259 \u015e\u00f6b\u0259si v\u0259 K\u0259\u015ffiyyat \u0130dar\u0259sinin birg\u0259 ke\u00e7irdiyi \u0259m\u0259liyyat n\u0259tic\u0259sind\u0259 ikisi \u0130raq, d\u00f6rd\u00fc Suriya v\u0259t\u0259nda\u015f\u0131 olan \u0130\u015e\u0130D \u00fczvl\u0259ri saxlan\u0131l\u0131b.<\/p>\n<p>Kayserid\u0259 ke\u00e7iril\u0259n \u0259m\u0259liyyatda is\u0259 doqquz \u0130\u015e\u0130D \u00fczv\u00fc\u00a0\u0259l\u0259 ke\u00e7ib.<\/p>\n<p>Saxlan\u0131lanlar\u0131n ya\u015fad\u0131qlar\u0131 m\u0259nzill\u0259rd\u0259n texnoloji avadanl\u0131qlar, silahlar v\u0259 m\u00fcxt\u0259lif s\u0259n\u0259dl\u0259r d\u0259 g\u00f6t\u00fcr\u00fcl\u00fcb.<\/p>\n<p>Batman \u0259m\u0259liyyat\u0131nda\u00a022, paytaxt Ankarada ke\u00e7iril\u0259n \u0259m\u0259liyyat zaman\u0131 is\u0259 33 \u0130\u015e\u0130D \u00fczv\u00fc saxlan\u0131l\u0131b.<\/p>\n<p>Ke\u00e7iril\u0259n \u0259mliyyatlarda t\u0259hl\u00fck\u0259sizlik orqanlar\u0131n\u0131n 400 \u0259m\u0259kda\u015f\u0131 i\u015ftirak edib.<\/p>\n","protected":false},"excerpt":{"rendered":"<p>T\u00fcrkiy\u0259d\u0259\u00a0d\u00f6rd vilay\u0259td\u0259 \u0130\u015e\u0130D terror t\u0259\u015fkilat\u0131 \u00fczvl\u0259rin\u0259 qar\u015f\u0131 yerli vaxtla\u00a0s\u0259h\u0259r saat 05:00-da \u0259m\u0259liyyat ke\u00e7irilib. \u018fm\u0259liyyat bir saat davam edib. \u201cTRT Haber\u201din m\u0259lumat\u0131na g\u00f6r\u0259, Adana Terrorla M\u00fcbariz\u0259 \u015e\u00f6b\u0259si v\u0259 K\u0259\u015ffiyyat \u0130dar\u0259sinin birg\u0259 ke\u00e7irdiyi \u0259m\u0259liyyat n\u0259tic\u0259sind\u0259 ikisi \u0130raq, d\u00f6rd\u00fc Suriya v\u0259t\u0259nda\u015f\u0131 olan \u0130\u015e\u0130D \u00fczvl\u0259ri saxlan\u0131l\u0131b. Kayserid\u0259 ke\u00e7iril\u0259n \u0259m\u0259liyyatda is\u0259 doqquz \u0130\u015e\u0130D \u00fczv\u00fc\u00a0\u0259l\u0259 ke\u00e7ib. Saxlan\u0131lanlar\u0131n ya\u015fad\u0131qlar\u0131 m\u0259nzill\u0259rd\u0259n texnoloji avadanl\u0131qlar, silahlar v\u0259 m\u00fcxt\u0259lif s\u0259n\u0259dl\u0259r d\u0259 g\u00f6t\u00fcr\u00fcl\u00fcb. Batman \u0259m\u0259liyyat\u0131nda\u00a022, paytaxt Ankarada ke\u00e7iril\u0259n \u0259m\u0259liyyat zaman\u0131 is\u0259 33 \u0130\u015e\u0130D \u00fczv\u00fc saxlan\u0131l\u0131b. Ke\u00e7iril\u0259n \u0259mliyyatlarda t\u0259hl\u00fck\u0259sizlik orqanlar\u0131n\u0131n 400 \u0259m\u0259kda\u015f\u0131 i\u015ftirak edib.<\/p>\n","protected":false},"author":2,"featured_media":113834,"comment_status":"closed","ping_status":"closed","sticky":false,"template":"","format":"standard","meta":{"om_disable_all_campaigns":false,"_monsterinsights_skip_tracking":false,"_monsterinsights_sitenote_active":false,"_monsterinsights_sitenote_note":"","_monsterinsights_sitenote_category":0},"categories":[7],"tags":[],"aioseo_notices":[],"gutentor_comment":0,"rttpg_featured_image_url":{"full":["https:\/\/arantv.az\/wp-content\/uploads\/2019\/12\/AW895471_02.jpg",620,413,false],"landscape":["https:\/\/arantv.az\/wp-content\/uploads\/2019\/12\/AW895471_02.jpg",620,413,false],"portraits":["https:\/\/arantv.az\/wp-content\/uploads\/2019\/12\/AW895471_02.jpg",620,413,false],"thumbnail":["https:\/\/arantv.az\/wp-content\/uploads\/2019\/12\/AW895471_02-150x150.jpg",150,150,true],"medium":["https:\/\/arantv.az\/wp-content\/uploads\/2019\/12\/AW895471_02-300x200.jpg",300,200,true],"large":["https:\/\/arantv.az\/wp-content\/uploads\/2019\/12\/AW895471_02.jpg",620,413,false],"1536x1536":["https:\/\/arantv.az\/wp-content\/uploads\/2019\/12\/AW895471_02.jpg",620,413,false],"2048x2048":["https:\/\/arantv.az\/wp-content\/uploads\/2019\/12\/AW895471_02.jpg",620,413,false],"post-thumbnail":["https:\/\/arantv.az\/wp-content\/uploads\/2019\/12\/AW895471_02-240x172.jpg",240,172,true],"advps-thumb-one":["https:\/\/arantv.az\/wp-content\/uploads\/2019\/12\/AW895471_02.jpg",620,413,false]},"rttpg_author":{"display_name":"V\u00fcsal Rafiqo\u011flu","author_link":"https:\/\/arantv.az\/?author=2"},"rttpg_comment":0,"rttpg_category":"<a href=\"https:\/\/arantv.az\/?cat=7\" rel=\"category\">D\u00fcnya<\/a>","rttpg_excerpt":"T\u00fcrkiy\u0259d\u0259\u00a0d\u00f6rd vilay\u0259td\u0259 \u0130\u015e\u0130D terror t\u0259\u015fkilat\u0131 \u00fczvl\u0259rin\u0259 qar\u015f\u0131 yerli vaxtla\u00a0s\u0259h\u0259r saat 05:00-da \u0259m\u0259liyyat ke\u00e7irilib. \u018fm\u0259liyyat bir saat davam edib. \u201cTRT Haber\u201din m\u0259lumat\u0131na g\u00f6r\u0259, Adana Terrorla M\u00fcbariz\u0259 \u015e\u00f6b\u0259si v\u0259 K\u0259\u015ffiyyat \u0130dar\u0259sinin birg\u0259 ke\u00e7irdiyi \u0259m\u0259liyyat n\u0259tic\u0259sind\u0259 ikisi \u0130raq, d\u00f6rd\u00fc Suriya v\u0259t\u0259nda\u015f\u0131 olan \u0130\u015e\u0130D \u00fczvl\u0259ri saxlan\u0131l\u0131b. Kayserid\u0259 ke\u00e7iril\u0259n \u0259m\u0259liyyatda is\u0259 doqquz \u0130\u015e\u0130D \u00fczv\u00fc\u00a0\u0259l\u0259 ke\u00e7ib. Saxlan\u0131lanlar\u0131n ya\u015fad\u0131qlar\u0131 m\u0259nzill\u0259rd\u0259n texnoloji avadanl\u0131qlar,&hellip;","_links":{"self":[{"href":"https:\/\/arantv.az\/index.php?rest_route=\/wp\/v2\/posts\/113833"}],"collection":[{"href":"https:\/\/arantv.az\/index.php?rest_route=\/wp\/v2\/posts"}],"about":[{"href":"https:\/\/arantv.az\/index.php?rest_route=\/wp\/v2\/types\/post"}],"author":[{"embeddable":true,"href":"https:\/\/arantv.az\/index.php?rest_route=\/wp\/v2\/users\/2"}],"replies":[{"embeddable":true,"href":"https:\/\/arantv.az\/index.php?rest_route=%2Fwp%2Fv2%2Fcomments&post=113833"}],"version-history":[{"count":0,"href":"https:\/\/arantv.az\/index.php?rest_route=\/wp\/v2\/posts\/113833\/revisions"}],"wp:featuredmedia":[{"embeddable":true,"href":"https:\/\/arantv.az\/index.php?rest_route=\/wp\/v2\/media\/113834"}],"wp:attachment":[{"href":"https:\/\/arantv.az\/index.php?rest_route=%2Fwp%2Fv2%2Fmedia&parent=113833"}],"wp:term":[{"taxonomy":"category","embeddable":true,"href":"https:\/\/arantv.az\/index.php?rest_route=%2Fwp%2Fv2%2Fcategories&post=113833"},{"taxonomy":"post_tag","embeddable":true,"href":"https:\/\/arantv.az\/index.php?rest_route=%2Fwp%2Fv2%2Ftags&post=113833"}],"curies":[{"name":"wp","href":"https:\/\/api.w.org\/{rel}","templated":true}]}}