{"id":113857,"date":"2019-12-30T11:08:51","date_gmt":"2019-12-30T08:08:51","guid":{"rendered":"http:\/\/arantv.az\/?p=113857"},"modified":"2019-12-30T11:08:51","modified_gmt":"2019-12-30T08:08:51","slug":"az%c9%99renerji-gucl%c9%99ndirilmis-is-rejimin%c9%99-kecir","status":"publish","type":"post","link":"https:\/\/arantv.az\/?p=113857","title":{"rendered":"\u201cAz\u0259renerji\u201d g\u00fccl\u0259ndirilmi\u015f i\u015f rejimin\u0259 ke\u00e7ir"},"content":{"rendered":"<p>Bayram g\u00fcnl\u0259ri il\u0259 \u0259laq\u0259dar olaraq\u00a0\u201cAz\u0259renerji\u201d ASC\u00a0g\u00fccl\u0259ndirilmi\u015f i\u015f qrafikind\u0259 \u00e7al\u0131\u015facaq.<\/p>\n<p>Bu bar\u0259d\u0259\u00a0Oxu.Az-a\u00a0\u201cAz\u0259renerji\u201d ASC-nin m\u0259tbuat xidm\u0259tind\u0259n m\u0259lumat verilib.<\/p>\n<p>Bildirilib ki, bayram g\u00fcnl\u0259rind\u0259\u00a0enerji sistemin dayan\u0131ql\u0131\u011f\u0131 \u00fc\u00e7\u00fcn qabaqlay\u0131c\u0131 t\u0259dbirl\u0259r g\u00f6r\u00fcl\u00fcb.<\/p>\n<p>Bel\u0259 ki, enerji sisteminin dayan\u0131ql\u0131\u011f\u0131 v\u0259 etibarl\u0131\u011f\u0131n\u0131 qorumaq, istehlak\u00e7\u0131lar\u0131 fasil\u0259siz olaraq elektrik enerjisi il\u0259 t\u0259min etm\u0259k m\u0259qs\u0259di il\u0259 m\u0259rk\u0259zi aparat \u00fczr\u0259 m\u0259sul \u015f\u0259xsl\u0259rd\u0259n ibar\u0259t x\u00fcsusi n\u00f6vb\u0259t\u00e7ilik t\u0259\u015fkil edilib, eyni zamanda elektrik stansiyalar\u0131 v\u0259 sistem \u0259h\u0259miyy\u0259tli yar\u0131mstansiyalara birba\u015fa m\u0259sul \u015f\u0259xsl\u0259r t\u0259yin edilib.<\/p>\n<p>Y\u00fcks\u0259k g\u0259rginlikli \u00f6t\u00fcrm\u0259 x\u0259tl\u0259rinin t\u0259krar yoxlan\u0131lmas\u0131 v\u0259 n\u0259zar\u0259td\u0259 saxlan\u0131lmas\u0131 t\u0259min edilib. Regional v\u0259 Birl\u0259\u015fmi\u015f Dispet\u00e7er Xidm\u0259tl\u0259rinin \u0259m\u0259liyyat hey\u0259tl\u0259rinin i\u015fini, o c\u00fcml\u0259d\u0259n\u00a0 m\u00fch\u0259ndis-kommunikasiya, rabit\u0259 x\u0259tl\u0259rinin m\u00fchafiz\u0259sinin g\u00fccl\u0259ndirilm\u0259si t\u0259min edilib.<\/p>\n","protected":false},"excerpt":{"rendered":"<p>Bayram g\u00fcnl\u0259ri il\u0259 \u0259laq\u0259dar olaraq\u00a0\u201cAz\u0259renerji\u201d ASC\u00a0g\u00fccl\u0259ndirilmi\u015f i\u015f qrafikind\u0259 \u00e7al\u0131\u015facaq. Bu bar\u0259d\u0259\u00a0Oxu.Az-a\u00a0\u201cAz\u0259renerji\u201d ASC-nin m\u0259tbuat xidm\u0259tind\u0259n m\u0259lumat verilib. Bildirilib ki, bayram g\u00fcnl\u0259rind\u0259\u00a0enerji sistemin dayan\u0131ql\u0131\u011f\u0131 \u00fc\u00e7\u00fcn qabaqlay\u0131c\u0131 t\u0259dbirl\u0259r g\u00f6r\u00fcl\u00fcb. Bel\u0259 ki, enerji sisteminin dayan\u0131ql\u0131\u011f\u0131 v\u0259 etibarl\u0131\u011f\u0131n\u0131 qorumaq, istehlak\u00e7\u0131lar\u0131 fasil\u0259siz olaraq elektrik enerjisi il\u0259 t\u0259min etm\u0259k m\u0259qs\u0259di il\u0259 m\u0259rk\u0259zi aparat \u00fczr\u0259 m\u0259sul \u015f\u0259xsl\u0259rd\u0259n ibar\u0259t x\u00fcsusi n\u00f6vb\u0259t\u00e7ilik t\u0259\u015fkil edilib, eyni zamanda elektrik stansiyalar\u0131 v\u0259 sistem \u0259h\u0259miyy\u0259tli yar\u0131mstansiyalara birba\u015fa m\u0259sul \u015f\u0259xsl\u0259r t\u0259yin edilib. Y\u00fcks\u0259k g\u0259rginlikli \u00f6t\u00fcrm\u0259 x\u0259tl\u0259rinin t\u0259krar yoxlan\u0131lmas\u0131 v\u0259 n\u0259zar\u0259td\u0259 saxlan\u0131lmas\u0131 t\u0259min edilib. Regional v\u0259 Birl\u0259\u015fmi\u015f Dispet\u00e7er Xidm\u0259tl\u0259rinin \u0259m\u0259liyyat hey\u0259tl\u0259rinin i\u015fini, o c\u00fcml\u0259d\u0259n\u00a0 m\u00fch\u0259ndis-kommunikasiya, rabit\u0259&hellip;<\/p>\n","protected":false},"author":2,"featured_media":113858,"comment_status":"closed","ping_status":"closed","sticky":false,"template":"","format":"standard","meta":{"om_disable_all_campaigns":false,"_monsterinsights_skip_tracking":false,"_monsterinsights_sitenote_active":false,"_monsterinsights_sitenote_note":"","_monsterinsights_sitenote_category":0},"categories":[1],"tags":[],"aioseo_notices":[],"gutentor_comment":0,"rttpg_featured_image_url":{"full":["https:\/\/arantv.az\/wp-content\/uploads\/2019\/12\/azenergo.jpg",620,381,false],"landscape":["https:\/\/arantv.az\/wp-content\/uploads\/2019\/12\/azenergo.jpg",620,381,false],"portraits":["https:\/\/arantv.az\/wp-content\/uploads\/2019\/12\/azenergo.jpg",620,381,false],"thumbnail":["https:\/\/arantv.az\/wp-content\/uploads\/2019\/12\/azenergo-150x150.jpg",150,150,true],"medium":["https:\/\/arantv.az\/wp-content\/uploads\/2019\/12\/azenergo-300x184.jpg",300,184,true],"large":["https:\/\/arantv.az\/wp-content\/uploads\/2019\/12\/azenergo.jpg",620,381,false],"1536x1536":["https:\/\/arantv.az\/wp-content\/uploads\/2019\/12\/azenergo.jpg",620,381,false],"2048x2048":["https:\/\/arantv.az\/wp-content\/uploads\/2019\/12\/azenergo.jpg",620,381,false],"post-thumbnail":["https:\/\/arantv.az\/wp-content\/uploads\/2019\/12\/azenergo-240x172.jpg",240,172,true],"advps-thumb-one":["https:\/\/arantv.az\/wp-content\/uploads\/2019\/12\/azenergo.jpg",620,381,false]},"rttpg_author":{"display_name":"V\u00fcsal Rafiqo\u011flu","author_link":"https:\/\/arantv.az\/?author=2"},"rttpg_comment":0,"rttpg_category":"<a href=\"https:\/\/arantv.az\/?cat=1\" rel=\"category\">C\u0259miyy\u0259t<\/a>","rttpg_excerpt":"Bayram g\u00fcnl\u0259ri il\u0259 \u0259laq\u0259dar olaraq\u00a0\u201cAz\u0259renerji\u201d ASC\u00a0g\u00fccl\u0259ndirilmi\u015f i\u015f qrafikind\u0259 \u00e7al\u0131\u015facaq. Bu bar\u0259d\u0259\u00a0Oxu.Az-a\u00a0\u201cAz\u0259renerji\u201d ASC-nin m\u0259tbuat xidm\u0259tind\u0259n m\u0259lumat verilib. Bildirilib ki, bayram g\u00fcnl\u0259rind\u0259\u00a0enerji sistemin dayan\u0131ql\u0131\u011f\u0131 \u00fc\u00e7\u00fcn qabaqlay\u0131c\u0131 t\u0259dbirl\u0259r g\u00f6r\u00fcl\u00fcb. Bel\u0259 ki, enerji sisteminin dayan\u0131ql\u0131\u011f\u0131 v\u0259 etibarl\u0131\u011f\u0131n\u0131 qorumaq, istehlak\u00e7\u0131lar\u0131 fasil\u0259siz olaraq elektrik enerjisi il\u0259 t\u0259min etm\u0259k m\u0259qs\u0259di il\u0259 m\u0259rk\u0259zi aparat \u00fczr\u0259 m\u0259sul \u015f\u0259xsl\u0259rd\u0259n ibar\u0259t x\u00fcsusi n\u00f6vb\u0259t\u00e7ilik t\u0259\u015fkil edilib, eyni&hellip;","_links":{"self":[{"href":"https:\/\/arantv.az\/index.php?rest_route=\/wp\/v2\/posts\/113857"}],"collection":[{"href":"https:\/\/arantv.az\/index.php?rest_route=\/wp\/v2\/posts"}],"about":[{"href":"https:\/\/arantv.az\/index.php?rest_route=\/wp\/v2\/types\/post"}],"author":[{"embeddable":true,"href":"https:\/\/arantv.az\/index.php?rest_route=\/wp\/v2\/users\/2"}],"replies":[{"embeddable":true,"href":"https:\/\/arantv.az\/index.php?rest_route=%2Fwp%2Fv2%2Fcomments&post=113857"}],"version-history":[{"count":0,"href":"https:\/\/arantv.az\/index.php?rest_route=\/wp\/v2\/posts\/113857\/revisions"}],"wp:featuredmedia":[{"embeddable":true,"href":"https:\/\/arantv.az\/index.php?rest_route=\/wp\/v2\/media\/113858"}],"wp:attachment":[{"href":"https:\/\/arantv.az\/index.php?rest_route=%2Fwp%2Fv2%2Fmedia&parent=113857"}],"wp:term":[{"taxonomy":"category","embeddable":true,"href":"https:\/\/arantv.az\/index.php?rest_route=%2Fwp%2Fv2%2Fcategories&post=113857"},{"taxonomy":"post_tag","embeddable":true,"href":"https:\/\/arantv.az\/index.php?rest_route=%2Fwp%2Fv2%2Ftags&post=113857"}],"curies":[{"name":"wp","href":"https:\/\/api.w.org\/{rel}","templated":true}]}}