{"id":113869,"date":"2019-12-30T11:12:31","date_gmt":"2019-12-30T08:12:31","guid":{"rendered":"http:\/\/arantv.az\/?p=113869"},"modified":"2019-12-30T11:12:31","modified_gmt":"2019-12-30T08:12:31","slug":"aydin-b%c9%99sirovun-c%c9%99naz%c9%99si-az%c9%99rbaycana-g%c9%99tirildi","status":"publish","type":"post","link":"https:\/\/arantv.az\/?p=113869","title":{"rendered":"Ayd\u0131n B\u0259\u015firovun c\u0259naz\u0259si Az\u0259rbaycana g\u0259tirildi"},"content":{"rendered":"<p>Az\u0259rbaycan D\u00f6vl\u0259t X\u0259z\u0259r D\u0259niz G\u0259mi\u00e7iliyinin sabiq r\u0259isi Ayd\u0131n B\u0259\u015firovun c\u0259naz\u0259si Az\u0259rbaycana g\u0259tirilib.<\/p>\n<p><strong>ARANTV.AZ<\/strong>\u00a0 unikal.org-a istinad\u0259n x\u0259b\u0259r verir ki, A.B\u0259\u015firov bu g\u00fcn Bak\u0131dak\u0131 3-c\u00fc F\u0259xri Xiyabanda torpa\u011fa tap\u015f\u0131r\u0131lacaq. M\u0259rhumun yas m\u0259rasimi T\u0259z\u0259 Pir M\u0259scidind\u0259 ke\u00e7iril\u0259c\u0259k.<\/p>\n<p>Qeyd ed\u0259k ki, Az\u0259rbaycan D\u00f6vl\u0259t X\u0259z\u0259r D\u0259niz G\u0259mi\u00e7iliyinin sabiq r\u0259isi Ayd\u0131n B\u0259\u015firov T\u00fcrkiy\u0259d\u0259 v\u0259fat edib.<\/p>\n","protected":false},"excerpt":{"rendered":"<p>Az\u0259rbaycan D\u00f6vl\u0259t X\u0259z\u0259r D\u0259niz G\u0259mi\u00e7iliyinin sabiq r\u0259isi Ayd\u0131n B\u0259\u015firovun c\u0259naz\u0259si Az\u0259rbaycana g\u0259tirilib. ARANTV.AZ\u00a0 unikal.org-a istinad\u0259n x\u0259b\u0259r verir ki, A.B\u0259\u015firov bu g\u00fcn Bak\u0131dak\u0131 3-c\u00fc F\u0259xri Xiyabanda torpa\u011fa tap\u015f\u0131r\u0131lacaq. M\u0259rhumun yas m\u0259rasimi T\u0259z\u0259 Pir M\u0259scidind\u0259 ke\u00e7iril\u0259c\u0259k. Qeyd ed\u0259k ki, Az\u0259rbaycan D\u00f6vl\u0259t X\u0259z\u0259r D\u0259niz G\u0259mi\u00e7iliyinin sabiq r\u0259isi Ayd\u0131n B\u0259\u015firov T\u00fcrkiy\u0259d\u0259 v\u0259fat edib.<\/p>\n","protected":false},"author":2,"featured_media":113870,"comment_status":"closed","ping_status":"closed","sticky":false,"template":"","format":"standard","meta":{"om_disable_all_campaigns":false,"_monsterinsights_skip_tracking":false,"_monsterinsights_sitenote_active":false,"_monsterinsights_sitenote_note":"","_monsterinsights_sitenote_category":0},"categories":[5],"tags":[],"aioseo_notices":[],"gutentor_comment":0,"rttpg_featured_image_url":{"full":["https:\/\/arantv.az\/wp-content\/uploads\/2019\/12\/814630.jpg",800,600,false],"landscape":["https:\/\/arantv.az\/wp-content\/uploads\/2019\/12\/814630.jpg",800,600,false],"portraits":["https:\/\/arantv.az\/wp-content\/uploads\/2019\/12\/814630.jpg",800,600,false],"thumbnail":["https:\/\/arantv.az\/wp-content\/uploads\/2019\/12\/814630-150x150.jpg",150,150,true],"medium":["https:\/\/arantv.az\/wp-content\/uploads\/2019\/12\/814630-300x225.jpg",300,225,true],"large":["https:\/\/arantv.az\/wp-content\/uploads\/2019\/12\/814630.jpg",640,480,false],"1536x1536":["https:\/\/arantv.az\/wp-content\/uploads\/2019\/12\/814630.jpg",800,600,false],"2048x2048":["https:\/\/arantv.az\/wp-content\/uploads\/2019\/12\/814630.jpg",800,600,false],"post-thumbnail":["https:\/\/arantv.az\/wp-content\/uploads\/2019\/12\/814630-240x172.jpg",240,172,true],"advps-thumb-one":["https:\/\/arantv.az\/wp-content\/uploads\/2019\/12\/814630.jpg",800,600,false]},"rttpg_author":{"display_name":"V\u00fcsal Rafiqo\u011flu","author_link":"https:\/\/arantv.az\/?author=2"},"rttpg_comment":0,"rttpg_category":"<a href=\"https:\/\/arantv.az\/?cat=5\" rel=\"category\">Hadis\u0259<\/a>","rttpg_excerpt":"Az\u0259rbaycan D\u00f6vl\u0259t X\u0259z\u0259r D\u0259niz G\u0259mi\u00e7iliyinin sabiq r\u0259isi Ayd\u0131n B\u0259\u015firovun c\u0259naz\u0259si Az\u0259rbaycana g\u0259tirilib. ARANTV.AZ\u00a0 unikal.org-a istinad\u0259n x\u0259b\u0259r verir ki, A.B\u0259\u015firov bu g\u00fcn Bak\u0131dak\u0131 3-c\u00fc F\u0259xri Xiyabanda torpa\u011fa tap\u015f\u0131r\u0131lacaq. M\u0259rhumun yas m\u0259rasimi T\u0259z\u0259 Pir M\u0259scidind\u0259 ke\u00e7iril\u0259c\u0259k. Qeyd ed\u0259k ki, Az\u0259rbaycan D\u00f6vl\u0259t X\u0259z\u0259r D\u0259niz G\u0259mi\u00e7iliyinin sabiq r\u0259isi Ayd\u0131n B\u0259\u015firov T\u00fcrkiy\u0259d\u0259 v\u0259fat edib.","_links":{"self":[{"href":"https:\/\/arantv.az\/index.php?rest_route=\/wp\/v2\/posts\/113869"}],"collection":[{"href":"https:\/\/arantv.az\/index.php?rest_route=\/wp\/v2\/posts"}],"about":[{"href":"https:\/\/arantv.az\/index.php?rest_route=\/wp\/v2\/types\/post"}],"author":[{"embeddable":true,"href":"https:\/\/arantv.az\/index.php?rest_route=\/wp\/v2\/users\/2"}],"replies":[{"embeddable":true,"href":"https:\/\/arantv.az\/index.php?rest_route=%2Fwp%2Fv2%2Fcomments&post=113869"}],"version-history":[{"count":0,"href":"https:\/\/arantv.az\/index.php?rest_route=\/wp\/v2\/posts\/113869\/revisions"}],"wp:featuredmedia":[{"embeddable":true,"href":"https:\/\/arantv.az\/index.php?rest_route=\/wp\/v2\/media\/113870"}],"wp:attachment":[{"href":"https:\/\/arantv.az\/index.php?rest_route=%2Fwp%2Fv2%2Fmedia&parent=113869"}],"wp:term":[{"taxonomy":"category","embeddable":true,"href":"https:\/\/arantv.az\/index.php?rest_route=%2Fwp%2Fv2%2Fcategories&post=113869"},{"taxonomy":"post_tag","embeddable":true,"href":"https:\/\/arantv.az\/index.php?rest_route=%2Fwp%2Fv2%2Ftags&post=113869"}],"curies":[{"name":"wp","href":"https:\/\/api.w.org\/{rel}","templated":true}]}}