{"id":113877,"date":"2019-12-30T11:16:53","date_gmt":"2019-12-30T08:16:53","guid":{"rendered":"http:\/\/arantv.az\/?p=113877"},"modified":"2019-12-30T11:16:53","modified_gmt":"2019-12-30T08:16:53","slug":"h%c9%99mr%c9%99ylik-gunu-dunya-az%c9%99rbaycanlilarinin-birlik-bayrami","status":"publish","type":"post","link":"https:\/\/arantv.az\/?p=113877","title":{"rendered":"H\u0259mr\u0259ylik g\u00fcn\u00fc: d\u00fcnya az\u0259rbaycanl\u0131lar\u0131n\u0131n birlik bayram\u0131"},"content":{"rendered":"<p>Xalq\u0131m\u0131z, el\u0259c\u0259 d\u0259 d\u00fcnyan\u0131n m\u00fcxt\u0259lif \u00f6lk\u0259l\u0259rind\u0259 m\u0259skunla\u015fm\u0131\u015f soyda\u015flar\u0131m\u0131z art\u0131q 30 ildir ki, dekabr\u0131n 31-ni &#8211; D\u00fcnya Az\u0259rbaycanl\u0131lar\u0131n\u0131n H\u0259mr\u0259ylik G\u00fcn\u00fcn\u00fc b\u00f6y\u00fck h\u0259v\u0259s v\u0259 co\u015fqu il\u0259 qeyd edir. Bu bayram ild\u0259n-il\u0259 daha geni\u015f v\u00fcs\u0259t al\u0131r, daha geni\u015f \u015f\u0259kild\u0259 ke\u00e7irilir. Az\u0259rbaycan\u0131 \u00f6z\u00fcn\u0259 tarixi v\u0259t\u0259n bil\u0259n h\u0259r bir \u015f\u0259xsin h\u0259mr\u0259ylik n\u00fcmayi\u015f etdirm\u0259si q\u00fcrurvericidir.<\/p>\n<p>Bu g\u00fcn\u00fcn \u0259sas\u0131 1989-cu ild\u0259 Az\u0259rbaycan\u0131n Nax\u00e7\u0131van Muxtar Respublikas\u0131 il\u0259 \u0130ran\u0131n Az\u0259rbaycan s\u0259rh\u0259dinin (SSR\u0130 \u2013 \u0130ran s\u0259rh\u0259ddinin) da\u011f\u0131d\u0131lmas\u0131 il\u0259 qoyulub. Uzun zaman bir-birin\u0259 h\u0259sr\u0259t qalan Az\u0259rbaycan mill\u0259tinin Araz\u0131n h\u0259r iki sahilind\u0259 s\u0259rh\u0259d y\u00fcr\u00fcy\u00fc\u015f\u00fc &#8211; \u015eimali v\u0259 C\u0259nubi Az\u0259rbaycan aras\u0131ndak\u0131 s\u0259rh\u0259d dir\u0259kl\u0259rini y\u0131xmas\u0131, o tayl\u0131 &#8211; bu tayl\u0131 mill\u0259tin h\u0259ft\u0259l\u0259rl\u0259 Araz q\u0131ra\u011f\u0131nda gec\u0259-g\u00fcnd\u00fcz birl\u0259\u015fm\u0259k \u015f\u00fcar\u0131 \u0259slind\u0259 az\u0259rbaycanl\u0131lar\u0131n bir mill\u0259t oldu\u011funu d\u00fcnya \u00e7ap\u0131nda bir daha canland\u0131rma\u011fa v\u0259 Az\u0259rbaycan\u0131 b\u00fct\u00f6vl\u0259\u015fdirm\u0259y\u0259 c\u0259hd idi. H\u0259mr\u0259ylik g\u00fcn\u00fc bu birl\u0259\u015fm\u0259k ist\u0259yinin simvolik ni\u015fan\u0131d\u0131r.<\/p>\n<p>1991-ci il dekabr\u0131n 16-da Nax\u00e7\u0131van Muxtar Respublikas\u0131 Ali M\u0259clisinin Heyd\u0259r \u018fliyevin s\u0259drliyi il\u0259 ke\u00e7\u0259n iclas\u0131nda 31 dekabr\u0131n d\u00fcnya az\u0259rbaycanl\u0131lar\u0131n\u0131n h\u0259mr\u0259ylik bayram\u0131 kimi qeyd olunmas\u0131 bar\u0259d\u0259 q\u0259rar q\u0259bul edilib. Ali M\u0259clis bununla ba\u011fl\u0131 qanunvericilik akt\u0131n\u0131n q\u0259bul olunmas\u0131 \u00fc\u00e7\u00fcn \u00f6lk\u0259 parlamentin\u0259 &#8211; Ali Sovet\u0259 m\u00fcraci\u0259t edib. Dekabr\u0131n 25-d\u0259 Az\u0259rbaycan Respublikas\u0131 Ali Sovetinin Milli \u015euras\u0131 m\u00fcraci\u0259ti n\u0259z\u0259r\u0259 alaraq, dekabr\u0131n 31-nin D\u00fcnya Az\u0259rbaycanl\u0131lar\u0131n\u0131n H\u0259mr\u0259ylik G\u00fcn\u00fc elan olunmas\u0131 bar\u0259d\u0259 qanun q\u0259bul edib.<br \/>\n2001-ci il noyabr\u0131n 9-10-da Bak\u0131da D\u00fcnya Az\u0259rbaycanl\u0131lar\u0131n\u0131n I Qurultay\u0131 ke\u00e7irilib. Qurultay soyda\u015flar\u0131m\u0131z\u0131n milli m\u0259nlik \u015f\u00fcurunun g\u00fccl\u0259nm\u0259sin\u0259, m\u00fcxt\u0259lif \u00f6lk\u0259l\u0259rd\u0259 az\u0259rbaycanl\u0131 icmalar\u0131n\u0131n m\u00fct\u0259\u015f\u0259kkilliyinin v\u0259 f\u0259all\u0131\u011f\u0131n\u0131n artmas\u0131na t\u0259sir g\u00f6st\u0259rib. Bu, \u00f6lk\u0259nin ictimai-siyasi h\u0259yat\u0131nda yeni bir h\u0259r\u0259kat, d\u00f6vl\u0259t siyas\u0259tinin yeni bir istiqam\u0259ti idi. H\u0259min qurultayda ulu \u00f6nd\u0259rin b\u00f6y\u00fck iftixarla s\u00f6yl\u0259diyi \u201cH\u0259r bir insan \u00fc\u00e7\u00fcn onun milli m\u0259nsubiyy\u0259ti onun q\u00fcrur m\u0259nb\u0259yidir. M\u0259n h\u0259mi\u015f\u0259 f\u0259xr etmi\u015f\u0259m, bu g\u00fcn d\u0259 f\u0259xr edir\u0259m ki, m\u0259n az\u0259rbaycanl\u0131yam!\u201d k\u0259lam\u0131 is\u0259 dill\u0259r \u0259zb\u0259rin\u0259 \u00e7evrilib.<\/p>\n<p>Qurultaydan sonra \u00fcmummilli lider Heyd\u0259r \u018fliyevin 2002-ci il 5 iyul tarixli F\u0259rman\u0131 il\u0259 xaricd\u0259ki soyda\u015flar\u0131m\u0131zla \u0259laq\u0259l\u0259rin geni\u015fl\u0259ndirilm\u0259si v\u0259 inki\u015faf etdirilm\u0259si m\u0259qs\u0259dil\u0259 Xarici \u00d6lk\u0259l\u0259rd\u0259 Ya\u015fayan Az\u0259rbaycanl\u0131larla \u0130\u015f \u00fczr\u0259 D\u00f6vl\u0259t Komit\u0259sinin (haz\u0131rda Diasporla \u0130\u015f \u00fczr\u0259 D\u00f6vl\u0259t Komit\u0259si) yarad\u0131lmas\u0131, h\u0259min il dekabr\u0131n 27-d\u0259 is\u0259 soyda\u015flar\u0131m\u0131zla ba\u011fl\u0131 d\u00f6vl\u0259t siyas\u0259ti haqq\u0131nda Qanunun q\u0259bul edilm\u0259si d\u00fcnya az\u0259rbaycanl\u0131lar\u0131n\u0131n milli birliyi v\u0259 t\u0259\u015fkilatlanmas\u0131 prosesini daha da g\u00fccl\u0259ndirib. D\u00fcnya az\u0259rbaycanl\u0131lar\u0131n\u0131n milli birliyinin ideoloqu, t\u0259bli\u011fat\u00e7\u0131s\u0131 v\u0259 t\u0259\u015fkilat\u00e7\u0131s\u0131 olan ulu \u00f6nd\u0259rimiz xarici d\u00f6vl\u0259tl\u0259r\u0259 s\u0259f\u0259rl\u0259ri zaman\u0131 proqram\u0131n\u0131n z\u0259nginliyin\u0259, i\u015f g\u00fcn\u00fcn\u00fcn g\u0259rginliyin\u0259 baxmayaraq h\u0259min \u00f6lk\u0259l\u0259rd\u0259 ya\u015fayan, f\u0259aliyy\u0259t g\u00f6st\u0259r\u0259n h\u0259mv\u0259t\u0259nl\u0259rimizl\u0259 g\u00f6r\u00fc\u015fl\u0259r\u0259 d\u0259 m\u00fctl\u0259q vaxt ay\u0131r\u0131r, onlar\u0131n problem v\u0259 qay\u011f\u0131lar\u0131 il\u0259 yax\u0131ndan maraqlan\u0131r, daha s\u0131x t\u0259\u015fkilatlanmalar\u0131 \u00fc\u00e7\u00fcn d\u0259y\u0259rli t\u00f6vsiy\u0259l\u0259r verirdi.<\/p>\n<p>\u00dcmummilli liderimiz 31 Dekabr D\u00fcnya Az\u0259rbaycanl\u0131lar\u0131n\u0131n H\u0259mr\u0259ylik G\u00fcn\u00fc m\u00fcnasib\u0259til\u0259 xarici \u00f6lk\u0259l\u0259rd\u0259 ya\u015fayan soyda\u015flar\u0131m\u0131za m\u00fcraci\u0259tl\u0259rind\u0259n birind\u0259 deyirdi: \u201cD\u00fcnya az\u0259rbaycanl\u0131lar\u0131n\u0131n birliyi v\u0259 h\u0259mr\u0259yliyi ideyas\u0131n\u0131n \u0259sas\u0131n\u0131 Az\u0259rbaycan d\u00f6vl\u0259t\u00e7iliyin\u0259, xalq\u0131m\u0131z\u0131n dilin\u0259, dinin\u0259, milli-m\u0259n\u0259vi varl\u0131\u011f\u0131na v\u0259 \u00fcmumb\u0259\u015f\u0259ri d\u0259y\u0259rl\u0259r\u0259 h\u00f6rm\u0259t, onlar\u0131n daim qorunmas\u0131na, ya\u015famas\u0131na qay\u011f\u0131 t\u0259\u015fkil edir\u201d.<\/p>\n<p>Yorulmaz f\u0259aliyy\u0259ti il\u0259 Heyd\u0259r \u018fliyev siyasi f\u0259ls\u0259f\u0259sin\u0259, onun liderlik m\u0259kt\u0259bin\u0259 s\u00f6yk\u0259n\u0259n Prezident \u0130lham \u018fliyev ulu \u00f6nd\u0259rin bu sah\u0259d\u0259ki xidm\u0259tl\u0259rini u\u011furla davam etdirir. D\u00f6vl\u0259timizin ba\u015f\u00e7\u0131s\u0131n\u0131n \u201cD\u00fcnya az\u0259rbaycanl\u0131lar\u0131n\u0131n II qurultay\u0131n\u0131n ke\u00e7irilm\u0259si haqq\u0131nda\u201d 2006-c\u0131 il 8 fevral tarixli S\u0259r\u0259ncam\u0131na uy\u011fun olaraq, h\u0259min il mart\u0131n 16-da Bak\u0131da ke\u00e7iril\u0259n n\u00f6vb\u0259ti m\u00f6t\u0259b\u0259r toplant\u0131 xaricd\u0259 ya\u015fayan az\u0259rbaycanl\u0131lar\u0131n diaspordan lobbiy\u0259 \u00e7evrilm\u0259si istiqam\u0259tind\u0259 yeni add\u0131m olmaqla yana\u015f\u0131, \u00f6lk\u0259mizl\u0259 ba\u011fl\u0131 h\u0259qiq\u0259tl\u0259rin d\u00fcnya ictimaiyy\u0259tin\u0259 \u00e7atd\u0131r\u0131lmas\u0131 i\u015find\u0259 \u0259h\u0259miyy\u0259tli rol oynay\u0131b.<\/p>\n<p>2007-ci il mart\u0131n 9-da Bak\u0131da ke\u00e7iril\u0259n Az\u0259rbaycan v\u0259 T\u00fcrk diaspor t\u0259\u015fkilatlar\u0131 r\u0259hb\u0259rl\u0259rinin birinci forumu is\u0259 b\u00fct\u00fcn t\u00fcrkdilli xalqlar\u0131n h\u0259yat\u0131nda m\u00fch\u00fcm hadis\u0259y\u0259 \u00e7evrilib, Az\u0259rbaycan Prezidenti \u0130lham \u018fliyevin t\u00fcrk d\u00fcnyas\u0131n\u0131n birliyin\u0259 verdiyi \u0259h\u0259miyy\u0259tin parlaq t\u0259zah\u00fcr\u00fc kimi tarix\u0259 d\u00fc\u015f\u00fcb.<\/p>\n<p>Diasporumuzun t\u0259\u015fkilatlanmas\u0131 prosesi bu g\u00fcn daha s\u00fcr\u0259tl\u0259 gedir. D\u00fcnya Az\u0259rbaycanl\u0131lar\u0131n\u0131n I qurultay\u0131nda yarad\u0131lm\u0131\u015f \u018flaq\u0259l\u0259ndirm\u0259 \u015euras\u0131n\u0131n 2008-ci il dekabr\u0131n 18-d\u0259 Bak\u0131da ke\u00e7irilmi\u015f iclas\u0131, toplant\u0131da \u201cD\u00fcnya Az\u0259rbaycanl\u0131lar\u0131n\u0131n Xartiyas\u0131\u201dn\u0131n q\u0259bulu birlik v\u0259 m\u00fct\u0259\u015f\u0259kkilliyinin artmas\u0131, tarixi V\u0259t\u0259nl\u0259 \u0259laq\u0259l\u0259rinin m\u00f6hk\u0259ml\u0259nm\u0259si, diaspor potensial\u0131n\u0131n m\u00f6hk\u0259m amil\u0259 \u00e7evrilm\u0259sini g\u00f6st\u0259rm\u0259kl\u0259 yana\u015f\u0131, m\u00fcst\u0259qil Az\u0259rbaycan\u0131n b\u00fct\u00fcn d\u00fcnya az\u0259rbaycanl\u0131lar\u0131 \u00fc\u00e7\u00fcn cazib\u0259 m\u0259rk\u0259zi oldu\u011funu da bir daha t\u0259sdiql\u0259yib.<\/p>\n<p>D\u00fcnya Az\u0259rbaycanl\u0131lar\u0131n\u0131n H\u0259mr\u0259yliyi G\u00fcn\u00fc &#8211; Az\u0259rbaycan mill\u0259tinin birlik \u015f\u00fcar\u0131n\u0131n simvolik g\u00fcn\u00fcd\u00fcr. Bu bayram d\u00fcnyan\u0131n 70-d\u0259n \u00e7ox \u00f6lk\u0259sind\u0259 ya\u015fayan 50 milyondan art\u0131q az\u0259rbaycanl\u0131 il\u0259 \u0259laq\u0259l\u0259r qurmaq, onlar aras\u0131nda birlik v\u0259 h\u0259mr\u0259ylik yaratmaq i\u015find\u0259 m\u00fch\u00fcm rol oynay\u0131r. D\u00fcnya Az\u0259rbaycanl\u0131lar\u0131n\u0131n H\u0259mr\u0259ylik G\u00fcn\u00fcn\u00fcn qeyd edilm\u0259si b\u00fct\u00fcn d\u00fcnya az\u0259rbaycanl\u0131lar\u0131 t\u0259r\u0259find\u0259n art\u0131q bir z\u0259rur\u0259t\u0259 v\u0259 m\u0259n\u0259vi ehtiyaca, Az\u0259rbaycan diasporu \u00fc\u00e7\u00fcn \u0259n m\u00fch\u00fcm bayrama \u00e7evrilib. \u0130ndi h\u0259mr\u0259ylik g\u00fcn\u00fcn\u00fc h\u0259tta milliyy\u0259tc\u0259 az\u0259rbaycanl\u0131 olmay\u0131b, lakin Az\u0259rbaycanda do\u011fulub b\u00f6y\u00fcm\u00fc\u015f, Az\u0259rbaycan \u0259silli diaspor n\u00fcmay\u0259nd\u0259l\u0259ri d\u0259 qeyd edirl\u0259r.<\/p>\n<p>H\u0259mr\u0259ylik g\u00fcn\u00fc milli birlik, Az\u0259rbaycana m\u0259h\u0259bb\u0259t, milli-m\u0259n\u0259vi d\u0259y\u0259rl\u0259rimiz\u0259 h\u00f6rm\u0259t, V\u0259t\u0259n\u0259 ba\u011fl\u0131l\u0131q hissl\u0259rini \u00f6z\u00fcnd\u0259 t\u0259c\u0259ss\u00fcm etdirir.<\/p>\n<p>D\u00f6vl\u0259timizin diaspor siyas\u0259ti, h\u0259mv\u0259t\u0259nl\u0259rimizin birlik v\u0259 h\u0259mr\u0259yliyinin m\u00f6hk\u0259ml\u0259ndirilm\u0259si, onlar\u0131n daha m\u00fct\u0259\u015f\u0259kkil formada t\u0259\u015fkilatlanmas\u0131 prosesi \u00f6z\u00fcn\u00fcn yeni m\u0259rh\u0259l\u0259sin\u0259 q\u0259d\u0259m qoyub. Art\u0131q d\u00fcnya az\u0259rbaycanl\u0131lar\u0131 ya\u015fad\u0131qlar\u0131 \u00f6lk\u0259l\u0259rin sosial-iqtisadi, ictimai-siyasi v\u0259 m\u0259d\u0259ni h\u0259yat\u0131nda daha f\u0259al rol oynay\u0131r, respublikam\u0131zla qar\u015f\u0131l\u0131ql\u0131 \u0259laq\u0259l\u0259rin geni\u015fl\u0259nm\u0259sin\u0259 b\u00f6y\u00fck t\u00f6hf\u0259 verir, Az\u0259rbaycan h\u0259qiq\u0259tl\u0259rinin d\u00fcnya ictimaiyy\u0259tin\u0259 \u00e7atd\u0131r\u0131lmas\u0131nda, z\u0259ngin m\u0259d\u0259ni irsimizin t\u0259bli\u011find\u0259, t\u0259cav\u00fczkar erm\u0259ni dair\u0259l\u0259rinin ideoloji t\u0259xribatlar\u0131n\u0131n qar\u015f\u0131s\u0131n\u0131n al\u0131nmas\u0131nda q\u0259tiyy\u0259t n\u00fcmayi\u015f etdirirl\u0259r. Onlar Az\u0259rbaycan d\u00f6vl\u0259tinin d\u0259st\u0259yi say\u0259sind\u0259 qarda\u015f v\u0259 dost xalqlar\u0131n lobbi v\u0259 diasporlar\u0131 il\u0259 s\u0259m\u0259r\u0259li \u0259m\u0259kda\u015fl\u0131\u011f\u0131n qurulmas\u0131 sah\u0259sind\u0259 t\u0259sirli t\u0259dbirl\u0259r h\u0259yata ke\u00e7irir, Az\u0259rbaycan\u0131n, xalq\u0131m\u0131z\u0131n tarixini yaz\u0131r v\u0259 n\u0259sill\u0259rd\u0259n-n\u0259sill\u0259r\u0259 \u00f6t\u00fcr\u00fcrl\u0259r.<\/p>\n<p>G\u00f6rk\u0259mli xalq \u015fairi M\u0259m\u0259d Araz\u0131n \u201cAz\u0259rbaycan \u2013 d\u00fcnyam m\u0259nim\u201d adl\u0131 \u015feirind\u0259n a\u015fa\u011f\u0131dak\u0131 misralar harada ya\u015fama\u011f\u0131m\u0131zdan as\u0131l\u0131 olmayaraq V\u0259t\u0259nimiz\u0259 olan sevgimizi \u00e7ox g\u00f6z\u0259l t\u0259r\u0259nn\u00fcm edir:<\/p>\n<p>Az\u0259rbaycan &#8211; mayas\u0131 nur, qay\u0259si nur ki&#8230;<br \/>\nH\u0259r da\u015f\u0131ndan alov dilli ox ola bil\u0259r.<br \/>\n\u201cAz\u0259rbaycan!\u201d deyil\u0259nd\u0259 aya\u011fa dur ki,<br \/>\nAna yurdun \u00fcr\u0259yin\u0259 toxuna bil\u0259r.<\/p>\n<p>\u018fziz h\u0259mv\u0259t\u0259nl\u0259r, H\u0259mr\u0259ylik G\u00fcn\u00fcn\u00fcz m\u00fcbar\u0259k!<\/p>\n","protected":false},"excerpt":{"rendered":"<p>Xalq\u0131m\u0131z, el\u0259c\u0259 d\u0259 d\u00fcnyan\u0131n m\u00fcxt\u0259lif \u00f6lk\u0259l\u0259rind\u0259 m\u0259skunla\u015fm\u0131\u015f soyda\u015flar\u0131m\u0131z art\u0131q 30 ildir ki, dekabr\u0131n 31-ni &#8211; D\u00fcnya Az\u0259rbaycanl\u0131lar\u0131n\u0131n H\u0259mr\u0259ylik G\u00fcn\u00fcn\u00fc b\u00f6y\u00fck h\u0259v\u0259s v\u0259 co\u015fqu il\u0259 qeyd edir. Bu bayram ild\u0259n-il\u0259 daha geni\u015f v\u00fcs\u0259t al\u0131r, daha geni\u015f \u015f\u0259kild\u0259 ke\u00e7irilir. Az\u0259rbaycan\u0131 \u00f6z\u00fcn\u0259 tarixi v\u0259t\u0259n bil\u0259n h\u0259r bir \u015f\u0259xsin h\u0259mr\u0259ylik n\u00fcmayi\u015f etdirm\u0259si q\u00fcrurvericidir. Bu g\u00fcn\u00fcn \u0259sas\u0131 1989-cu ild\u0259 Az\u0259rbaycan\u0131n Nax\u00e7\u0131van Muxtar Respublikas\u0131 il\u0259 \u0130ran\u0131n Az\u0259rbaycan s\u0259rh\u0259dinin (SSR\u0130 \u2013 \u0130ran s\u0259rh\u0259ddinin) da\u011f\u0131d\u0131lmas\u0131 il\u0259 qoyulub. Uzun zaman bir-birin\u0259 h\u0259sr\u0259t qalan Az\u0259rbaycan mill\u0259tinin Araz\u0131n h\u0259r iki sahilind\u0259 s\u0259rh\u0259d y\u00fcr\u00fcy\u00fc\u015f\u00fc &#8211; \u015eimali v\u0259 C\u0259nubi Az\u0259rbaycan aras\u0131ndak\u0131 s\u0259rh\u0259d dir\u0259kl\u0259rini&hellip;<\/p>\n","protected":false},"author":2,"featured_media":113878,"comment_status":"closed","ping_status":"closed","sticky":false,"template":"","format":"standard","meta":{"om_disable_all_campaigns":false,"_monsterinsights_skip_tracking":false,"_monsterinsights_sitenote_active":false,"_monsterinsights_sitenote_note":"","_monsterinsights_sitenote_category":0},"categories":[1],"tags":[],"aioseo_notices":[],"gutentor_comment":0,"rttpg_featured_image_url":{"full":["https:\/\/arantv.az\/wp-content\/uploads\/2019\/12\/ayd_n.jpg",649,487,false],"landscape":["https:\/\/arantv.az\/wp-content\/uploads\/2019\/12\/ayd_n.jpg",649,487,false],"portraits":["https:\/\/arantv.az\/wp-content\/uploads\/2019\/12\/ayd_n.jpg",649,487,false],"thumbnail":["https:\/\/arantv.az\/wp-content\/uploads\/2019\/12\/ayd_n-150x150.jpg",150,150,true],"medium":["https:\/\/arantv.az\/wp-content\/uploads\/2019\/12\/ayd_n-300x225.jpg",300,225,true],"large":["https:\/\/arantv.az\/wp-content\/uploads\/2019\/12\/ayd_n.jpg",640,480,false],"1536x1536":["https:\/\/arantv.az\/wp-content\/uploads\/2019\/12\/ayd_n.jpg",649,487,false],"2048x2048":["https:\/\/arantv.az\/wp-content\/uploads\/2019\/12\/ayd_n.jpg",649,487,false],"post-thumbnail":["https:\/\/arantv.az\/wp-content\/uploads\/2019\/12\/ayd_n-240x172.jpg",240,172,true],"advps-thumb-one":["https:\/\/arantv.az\/wp-content\/uploads\/2019\/12\/ayd_n.jpg",649,487,false]},"rttpg_author":{"display_name":"V\u00fcsal Rafiqo\u011flu","author_link":"https:\/\/arantv.az\/?author=2"},"rttpg_comment":0,"rttpg_category":"<a href=\"https:\/\/arantv.az\/?cat=1\" rel=\"category\">C\u0259miyy\u0259t<\/a>","rttpg_excerpt":"Xalq\u0131m\u0131z, el\u0259c\u0259 d\u0259 d\u00fcnyan\u0131n m\u00fcxt\u0259lif \u00f6lk\u0259l\u0259rind\u0259 m\u0259skunla\u015fm\u0131\u015f soyda\u015flar\u0131m\u0131z art\u0131q 30 ildir ki, dekabr\u0131n 31-ni &#8211; D\u00fcnya Az\u0259rbaycanl\u0131lar\u0131n\u0131n H\u0259mr\u0259ylik G\u00fcn\u00fcn\u00fc b\u00f6y\u00fck h\u0259v\u0259s v\u0259 co\u015fqu il\u0259 qeyd edir. Bu bayram ild\u0259n-il\u0259 daha geni\u015f v\u00fcs\u0259t al\u0131r, daha geni\u015f \u015f\u0259kild\u0259 ke\u00e7irilir. Az\u0259rbaycan\u0131 \u00f6z\u00fcn\u0259 tarixi v\u0259t\u0259n bil\u0259n h\u0259r bir \u015f\u0259xsin h\u0259mr\u0259ylik n\u00fcmayi\u015f etdirm\u0259si q\u00fcrurvericidir. Bu g\u00fcn\u00fcn \u0259sas\u0131 1989-cu ild\u0259 Az\u0259rbaycan\u0131n&hellip;","_links":{"self":[{"href":"https:\/\/arantv.az\/index.php?rest_route=\/wp\/v2\/posts\/113877"}],"collection":[{"href":"https:\/\/arantv.az\/index.php?rest_route=\/wp\/v2\/posts"}],"about":[{"href":"https:\/\/arantv.az\/index.php?rest_route=\/wp\/v2\/types\/post"}],"author":[{"embeddable":true,"href":"https:\/\/arantv.az\/index.php?rest_route=\/wp\/v2\/users\/2"}],"replies":[{"embeddable":true,"href":"https:\/\/arantv.az\/index.php?rest_route=%2Fwp%2Fv2%2Fcomments&post=113877"}],"version-history":[{"count":0,"href":"https:\/\/arantv.az\/index.php?rest_route=\/wp\/v2\/posts\/113877\/revisions"}],"wp:featuredmedia":[{"embeddable":true,"href":"https:\/\/arantv.az\/index.php?rest_route=\/wp\/v2\/media\/113878"}],"wp:attachment":[{"href":"https:\/\/arantv.az\/index.php?rest_route=%2Fwp%2Fv2%2Fmedia&parent=113877"}],"wp:term":[{"taxonomy":"category","embeddable":true,"href":"https:\/\/arantv.az\/index.php?rest_route=%2Fwp%2Fv2%2Fcategories&post=113877"},{"taxonomy":"post_tag","embeddable":true,"href":"https:\/\/arantv.az\/index.php?rest_route=%2Fwp%2Fv2%2Ftags&post=113877"}],"curies":[{"name":"wp","href":"https:\/\/api.w.org\/{rel}","templated":true}]}}