{"id":113951,"date":"2019-12-30T12:39:55","date_gmt":"2019-12-30T09:39:55","guid":{"rendered":"http:\/\/arantv.az\/?p=113951"},"modified":"2019-12-30T12:39:55","modified_gmt":"2019-12-30T09:39:55","slug":"huquq-dunyasi-huquqi-t%c9%99bligat-ictimai-birlyi-s%c9%99mkird%c9%99-usaqlar-ucun-yeni-il-t%c9%99skil-edib","status":"publish","type":"post","link":"https:\/\/arantv.az\/?p=113951","title":{"rendered":"\u201cH\u00fcquq D\u00fcnyas\u0131 H\u00fcquqi T\u0259bl\u0131\u011fat\u201d \u0130ctimai Birlyi \u015e\u0259mkird\u0259 u\u015faqlar \u00fc\u00e7\u00fcn yeni il t\u0259\u015fkil edib."},"content":{"rendered":"<p>\u018fm\u0259k v\u0259 \u018fhalinin Sosial M\u00fcdafi\u0259si Nazirliyinin sosial sifari\u015fi il\u0259 \u201cH\u00fcquq D\u00fcnyas\u0131 H\u00fcquqi T\u0259bl\u0131\u011fat\u201d \u0130ctimai Birlyi t\u0259r\u0259find\u0259n h\u0259yata ke\u00e7iril\u0259n \u201cSa\u011flaml\u0131q imkanlar\u0131 m\u0259hdud u\u015faqlar\u0131n sosial v\u0259\u00a0 psixoloji reabilitasiyas\u0131\u201d layih\u0259si \u00e7\u0259r\u00e7iv\u0259sin\u0259 \u015e\u0259mkir rayonunda \u00a0layih\u0259y\u0259 c\u0259lb olunmu\u015f u\u015faqlar\u0131n i\u015ftirak\u0131 il\u0259 yeni il v\u0259\u00a0 d\u00fcnya Az\u0259rbaycanl\u0131lar\u0131n\u0131n h\u0259mr\u0259yliyi g\u00fcn\u00fc m\u00fcnasib\u0259til\u0259\u00a0 \u00a0\u00a0t\u0259dbir t\u0259\u015fkil edilib. \u00a0T\u0259dbird\u0259\u00a0 \u015e\u0259mkir rayon icra Hakimiyy\u0259tinin, \u015e\u0259mkir rayon T\u0259hsil \u015e\u00f6b\u0259sinin, D\u00f6vl\u0259t Sosial M\u00fcdafi\u0259 Fondunun \u015e\u0259mkir rayon \u015f\u00f6b\u0259sinin \u0259m\u0259kda\u015flar\u0131, \u015e\u0259mkir G\u0259ncl\u0259rin \u0130nki\u015faf v\u0259\u00a0 Karyera M\u0259rk\u0259zinin \u0259m\u0259kda\u015flar\u0131, k\u00f6n\u00fcll\u00fcl\u0259ri i\u015ftirak etmi\u015fdir.<\/p>\n<p>Ke\u00e7iril\u0259n t\u0259dbird\u0259 \u00a0\u201cH\u00fcquq D\u00fcnyas\u0131\u201d H\u00fcquqi T\u0259bli\u011fat \u0130B- nin h\u0259yata ke\u00e7irdiyi layih\u0259nin \u0259h\u0259miyy\u0259ti\u00a0 qeyd edilm\u0259kl\u0259, \u00f6lk\u0259mizd\u0259\u00a0 apar\u0131lan inqilabi sosial islahatlar haqq\u0131nda \u0259trafl\u0131 m\u0259lumat verilmi\u015fdir. Bildirib ki, \u00a0c\u0259nab \u00a0Prezident \u0130lham \u018fliyevin &#8220;X\u00fcsusi qay\u011f\u0131ya ehtiyac\u0131 olan u\u015faqlara v\u0259 dig\u0259r \u015f\u0259xsl\u0259r\u0259 g\u00f6st\u0259ril\u0259n sosial xidm\u0259tl\u0259rin geni\u015fl\u0259ndirilm\u0259si \u00fc\u00e7\u00fcn \u0259lav\u0259 t\u0259dbirl\u0259r haqq\u0131nda\u201d 1 iyun 2019-cu il tarixli S\u0259r\u0259ncam\u0131 \u00a0sa\u011flaml\u0131q imkanlar\u0131 m\u0259hdud u\u015faqlara g\u00f6st\u0259ril\u0259n sosial xidm\u0259tl\u0259r sah\u0259sind\u0259 f\u0259aliyy\u0259t istiqam\u0259tl\u0259rinin \u0259h\u0259miyy\u0259tli d\u0259r\u0259c\u0259d\u0259 geni\u015fl\u0259nm\u0259sin\u0259 imkan verib. \u00a0Az\u0259rbaycanda apar\u0131lan d\u00f6vl\u0259t siyas\u0259ti h\u0259r bir u\u015fa\u011f\u0131n sa\u011flam v\u0259 firavan b\u00f6y\u00fcm\u0259si, layiqli v\u0259t\u0259nda\u015f kimi formala\u015fmas\u0131 \u00fc\u00e7\u00fcn h\u0259rt\u0259r\u0259fli \u015f\u0259rait yarad\u0131lmas\u0131n\u0131, m\u00fcvafiq hallarda etibarl\u0131 sosial t\u0259minat n\u00f6vl\u0259ri il\u0259 t\u0259min edilm\u0259sini n\u0259z\u0259rd\u0259 tutur.<\/p>\n<p>\u015e\u0259mkir rayon \u0130cra Hakimiyy\u0259tinin ba\u015f\u00e7\u0131s\u0131n\u0131n m\u00fcavini F\u0259xr\u0259ddin V\u0259liyev \u00a0\u00a0\u015e\u0259mkir rayon T\u0259hsil \u015f\u00f6b\u0259sinin m\u00fcdir m\u00fcavini Hafiz P\u0259nahov \u00e7\u0131x\u0131\u015f ed\u0259r\u0259k,\u00a0 h\u0259yata ke\u00e7iril\u0259n layih\u0259nin \u0259h\u0259miyy\u0259tini qeyd etm\u0259kl\u0259, \u00f6lk\u0259mizd\u0259 sa\u011flaml\u0131q imkanlar\u0131 m\u0259hdud u\u015faqlara g\u00f6st\u0259ril\u0259n d\u00f6vl\u0259t qay\u011f\u0131s\u0131ndan, Az\u0259rbaycan\u0131n Birinci vitse-prezidenti, Heyd\u0259r \u018fliyev Fondunun prezidenti Mehriban \u018fliyevan\u0131n d\u0259st\u0259yi n\u0259tic\u0259sind\u0259\u00a0 qeyd olunan kateqoriya \u00fczr\u0259\u00a0 m\u00fc\u0259ssis\u0259l\u0259rd\u0259 u\u015faqlar \u00fc\u00e7\u00fcn m\u00fcasir t\u0259l\u0259bl\u0259r s\u0259viyy\u0259sind\u0259, n\u00fcmun\u0259vi ya\u015fay\u0131\u015f v\u0259 reabilitasiya \u015f\u0259raiti yarad\u0131lmas\u0131n\u0131 bildirmi\u015fl\u0259r.<\/p>\n<p>Maraql\u0131 anlarla yadda\u00a0 qalan t\u0259dbird\u0259 T\u0259\u015fkilat t\u0259r\u0259find\u0259n u\u015faqlara m\u00fcxt\u0259lif h\u0259diyy\u0259l\u0259r verilib. Sa\u011flaml\u0131q imkanlar\u0131 m\u0259hdud ayr\u0131-ayr\u0131 u\u015faqlar mahn\u0131 v\u0259 \u015ferl\u0259r s\u0259sl\u0259ndirib, \u00f6z bacar\u0131qlar\u0131n\u0131 n\u00fcmayi\u015f etdiribl\u0259r.<\/p>\n<p>T\u0259dbir\u00a0 u\u015faqlar \u00fc\u00e7\u00fcn musiqili-\u0259yl\u0259nc\u0259li proqramlarla davam edib.<\/p>\n<p><img loading=\"lazy\" class=\"alignnone size-medium wp-image-113952\" src=\"https:\/\/arantv.az\/wp-content\/uploads\/2019\/12\/80770901_567770700685563_9127894561677377536_n-300x200.jpg\" alt=\"\" width=\"300\" height=\"200\" \/><img loading=\"lazy\" class=\"alignnone size-medium wp-image-113953\" src=\"https:\/\/arantv.az\/wp-content\/uploads\/2019\/12\/79966395_501659777431131_3888183684901109760_n-300x200.jpg\" alt=\"\" width=\"300\" height=\"200\" \/><img loading=\"lazy\" class=\"alignnone size-medium wp-image-113954\" src=\"https:\/\/arantv.az\/wp-content\/uploads\/2019\/12\/81047366_598088737616074_6133775651640967168_n-300x200.jpg\" alt=\"\" width=\"300\" height=\"200\" \/><img loading=\"lazy\" class=\"alignnone size-medium wp-image-113955\" src=\"https:\/\/arantv.az\/wp-content\/uploads\/2019\/12\/80430026_512436352706595_7405243420463071232_n-300x200.jpg\" alt=\"\" width=\"300\" height=\"200\" \/><img loading=\"lazy\" class=\"alignnone size-medium wp-image-113956\" src=\"https:\/\/arantv.az\/wp-content\/uploads\/2019\/12\/81644251_600182173883001_5651258018923282432_n-300x200.jpg\" alt=\"\" width=\"300\" height=\"200\" \/><img loading=\"lazy\" class=\"alignnone size-medium wp-image-113957\" src=\"https:\/\/arantv.az\/wp-content\/uploads\/2019\/12\/81008713_2486764151579564_4739175452524937216_n-300x200.jpg\" alt=\"\" width=\"300\" height=\"200\" \/><\/p>\n","protected":false},"excerpt":{"rendered":"<p>\u018fm\u0259k v\u0259 \u018fhalinin Sosial M\u00fcdafi\u0259si Nazirliyinin sosial sifari\u015fi il\u0259 \u201cH\u00fcquq D\u00fcnyas\u0131 H\u00fcquqi T\u0259bl\u0131\u011fat\u201d \u0130ctimai Birlyi t\u0259r\u0259find\u0259n h\u0259yata ke\u00e7iril\u0259n \u201cSa\u011flaml\u0131q imkanlar\u0131 m\u0259hdud u\u015faqlar\u0131n sosial v\u0259\u00a0 psixoloji reabilitasiyas\u0131\u201d layih\u0259si \u00e7\u0259r\u00e7iv\u0259sin\u0259 \u015e\u0259mkir rayonunda \u00a0layih\u0259y\u0259 c\u0259lb olunmu\u015f u\u015faqlar\u0131n i\u015ftirak\u0131 il\u0259 yeni il v\u0259\u00a0 d\u00fcnya Az\u0259rbaycanl\u0131lar\u0131n\u0131n h\u0259mr\u0259yliyi g\u00fcn\u00fc m\u00fcnasib\u0259til\u0259\u00a0 \u00a0\u00a0t\u0259dbir t\u0259\u015fkil edilib. \u00a0T\u0259dbird\u0259\u00a0 \u015e\u0259mkir rayon icra Hakimiyy\u0259tinin, \u015e\u0259mkir rayon T\u0259hsil \u015e\u00f6b\u0259sinin, D\u00f6vl\u0259t Sosial M\u00fcdafi\u0259 Fondunun \u015e\u0259mkir rayon \u015f\u00f6b\u0259sinin \u0259m\u0259kda\u015flar\u0131, \u015e\u0259mkir G\u0259ncl\u0259rin \u0130nki\u015faf v\u0259\u00a0 Karyera M\u0259rk\u0259zinin \u0259m\u0259kda\u015flar\u0131, k\u00f6n\u00fcll\u00fcl\u0259ri i\u015ftirak etmi\u015fdir. Ke\u00e7iril\u0259n t\u0259dbird\u0259 \u00a0\u201cH\u00fcquq D\u00fcnyas\u0131\u201d H\u00fcquqi T\u0259bli\u011fat \u0130B- nin h\u0259yata ke\u00e7irdiyi layih\u0259nin \u0259h\u0259miyy\u0259ti\u00a0 qeyd edilm\u0259kl\u0259, \u00f6lk\u0259mizd\u0259\u00a0 apar\u0131lan&hellip;<\/p>\n","protected":false},"author":2,"featured_media":113956,"comment_status":"closed","ping_status":"closed","sticky":false,"template":"","format":"standard","meta":{"om_disable_all_campaigns":false,"_monsterinsights_skip_tracking":false,"_monsterinsights_sitenote_active":false,"_monsterinsights_sitenote_note":"","_monsterinsights_sitenote_category":0},"categories":[1],"tags":[],"aioseo_notices":[],"gutentor_comment":0,"rttpg_featured_image_url":{"full":["https:\/\/arantv.az\/wp-content\/uploads\/2019\/12\/81644251_600182173883001_5651258018923282432_n.jpg",2048,1365,false],"landscape":["https:\/\/arantv.az\/wp-content\/uploads\/2019\/12\/81644251_600182173883001_5651258018923282432_n.jpg",2048,1365,false],"portraits":["https:\/\/arantv.az\/wp-content\/uploads\/2019\/12\/81644251_600182173883001_5651258018923282432_n.jpg",2048,1365,false],"thumbnail":["https:\/\/arantv.az\/wp-content\/uploads\/2019\/12\/81644251_600182173883001_5651258018923282432_n-150x150.jpg",150,150,true],"medium":["https:\/\/arantv.az\/wp-content\/uploads\/2019\/12\/81644251_600182173883001_5651258018923282432_n-300x200.jpg",300,200,true],"large":["https:\/\/arantv.az\/wp-content\/uploads\/2019\/12\/81644251_600182173883001_5651258018923282432_n-1024x683.jpg",640,427,true],"1536x1536":["https:\/\/arantv.az\/wp-content\/uploads\/2019\/12\/81644251_600182173883001_5651258018923282432_n.jpg",1536,1024,false],"2048x2048":["https:\/\/arantv.az\/wp-content\/uploads\/2019\/12\/81644251_600182173883001_5651258018923282432_n.jpg",2048,1365,false],"post-thumbnail":["https:\/\/arantv.az\/wp-content\/uploads\/2019\/12\/81644251_600182173883001_5651258018923282432_n-240x172.jpg",240,172,true],"advps-thumb-one":["https:\/\/arantv.az\/wp-content\/uploads\/2019\/12\/81644251_600182173883001_5651258018923282432_n-1200x620.jpg",1200,620,true]},"rttpg_author":{"display_name":"V\u00fcsal Rafiqo\u011flu","author_link":"https:\/\/arantv.az\/?author=2"},"rttpg_comment":0,"rttpg_category":"<a href=\"https:\/\/arantv.az\/?cat=1\" rel=\"category\">C\u0259miyy\u0259t<\/a>","rttpg_excerpt":"\u018fm\u0259k v\u0259 \u018fhalinin Sosial M\u00fcdafi\u0259si Nazirliyinin sosial sifari\u015fi il\u0259 \u201cH\u00fcquq D\u00fcnyas\u0131 H\u00fcquqi T\u0259bl\u0131\u011fat\u201d \u0130ctimai Birlyi t\u0259r\u0259find\u0259n h\u0259yata ke\u00e7iril\u0259n \u201cSa\u011flaml\u0131q imkanlar\u0131 m\u0259hdud u\u015faqlar\u0131n sosial v\u0259\u00a0 psixoloji reabilitasiyas\u0131\u201d layih\u0259si \u00e7\u0259r\u00e7iv\u0259sin\u0259 \u015e\u0259mkir rayonunda \u00a0layih\u0259y\u0259 c\u0259lb olunmu\u015f u\u015faqlar\u0131n i\u015ftirak\u0131 il\u0259 yeni il v\u0259\u00a0 d\u00fcnya Az\u0259rbaycanl\u0131lar\u0131n\u0131n h\u0259mr\u0259yliyi g\u00fcn\u00fc m\u00fcnasib\u0259til\u0259\u00a0 \u00a0\u00a0t\u0259dbir t\u0259\u015fkil edilib. \u00a0T\u0259dbird\u0259\u00a0 \u015e\u0259mkir rayon icra Hakimiyy\u0259tinin, \u015e\u0259mkir rayon T\u0259hsil&hellip;","_links":{"self":[{"href":"https:\/\/arantv.az\/index.php?rest_route=\/wp\/v2\/posts\/113951"}],"collection":[{"href":"https:\/\/arantv.az\/index.php?rest_route=\/wp\/v2\/posts"}],"about":[{"href":"https:\/\/arantv.az\/index.php?rest_route=\/wp\/v2\/types\/post"}],"author":[{"embeddable":true,"href":"https:\/\/arantv.az\/index.php?rest_route=\/wp\/v2\/users\/2"}],"replies":[{"embeddable":true,"href":"https:\/\/arantv.az\/index.php?rest_route=%2Fwp%2Fv2%2Fcomments&post=113951"}],"version-history":[{"count":0,"href":"https:\/\/arantv.az\/index.php?rest_route=\/wp\/v2\/posts\/113951\/revisions"}],"wp:featuredmedia":[{"embeddable":true,"href":"https:\/\/arantv.az\/index.php?rest_route=\/wp\/v2\/media\/113956"}],"wp:attachment":[{"href":"https:\/\/arantv.az\/index.php?rest_route=%2Fwp%2Fv2%2Fmedia&parent=113951"}],"wp:term":[{"taxonomy":"category","embeddable":true,"href":"https:\/\/arantv.az\/index.php?rest_route=%2Fwp%2Fv2%2Fcategories&post=113951"},{"taxonomy":"post_tag","embeddable":true,"href":"https:\/\/arantv.az\/index.php?rest_route=%2Fwp%2Fv2%2Ftags&post=113951"}],"curies":[{"name":"wp","href":"https:\/\/api.w.org\/{rel}","templated":true}]}}