{"id":113976,"date":"2019-12-30T13:00:05","date_gmt":"2019-12-30T10:00:05","guid":{"rendered":"http:\/\/arantv.az\/?p=113976"},"modified":"2019-12-30T13:00:05","modified_gmt":"2019-12-30T10:00:05","slug":"sp-global-platts-c%c9%99nub-qaz-d%c9%99hlizi-avropaya-komur-hasilatini-azaltmaga-kom%c9%99k-ed%c9%99c%c9%99k","status":"publish","type":"post","link":"https:\/\/arantv.az\/?p=113976","title":{"rendered":"\u201cS&#038;P Global Platts\u201d: \u201cC\u0259nub Qaz D\u0259hlizi\u201d Avropaya k\u00f6m\u00fcr hasilat\u0131n\u0131 azaltma\u011fa k\u00f6m\u0259k ed\u0259c\u0259k"},"content":{"rendered":"<p><strong>&#8220;C\u0259nub Qaz D\u0259hlizi&#8221; Avropaya k\u00f6m\u00fcr hasilat\u0131n\u0131 azaltma\u011fa k\u00f6m\u0259k ed\u0259c\u0259k.<\/strong><\/p>\n<p><strong>ARANTV.AZ\u00a0<\/strong> x\u0259b\u0259r verir ki, bunu\u00a0<a href=\"https:\/\/az.trend.az\/\" target=\"_blank\" rel=\"noopener\">Trend<\/a>-\u0259 &#8220;S&amp;P Global Platts&#8221; \u015firk\u0259tinin analitiki Ceyms Hakstepp deyib.<\/p>\n<p>O qeyd edib ki, Avropada istifad\u0259 olunan enerji ehtiyatlar\u0131 h\u0259cminin t\u0259xmin\u0259n d\u00f6rdd\u0259 bir hiss\u0259si t\u0259bii qaz\u0131n pay\u0131na d\u00fc\u015f\u00fcr v\u0259 bu t\u0259l\u0259bat \u0259sas\u0259n boru k\u0259m\u0259rl\u0259ri il\u0259 n\u0259ql, mayel\u0259\u015fdirilmi\u015f t\u0259bii qaz \u015f\u0259klind\u0259 t\u0259dar\u00fck v\u0259 yerli istehsal hesab\u0131na \u00f6d\u0259nilir:<\/p>\n<p>&#8220;Son iki il \u0259rzind\u0259 Avropada k\u00f6m\u00fcr istehsal\u0131 40 faiz azal\u0131b. Bu, \u0259sas\u0259n qaz t\u0259dar\u00fck\u00fcn\u00fcn artmas\u0131, a\u015fa\u011fl qiym\u0259tl\u0259r v\u0259 enerji sektorunda k\u00f6m\u00fcrd\u0259n t\u0259bii qaza ke\u00e7ilm\u0259si il\u0259 \u0259laq\u0259dard\u0131r. &#8220;C\u0259nub Qaz D\u0259hlizi&#8221; Avropada, x\u00fcsusil\u0259 d\u0259 \u0130taliyada bu prosesi s\u00fcr\u0259tl\u0259ndirm\u0259y\u0259 imkan ver\u0259c\u0259k. Yunan\u0131stan v\u0259 Macar\u0131stan da m\u00fcvafiq olaraq 2028 v\u0259 2030-cu ill\u0259r\u0259d\u0259k k\u00f6m\u00fcrd\u0259n imtina ed\u0259n \u00f6lk\u0259l\u0259r s\u0131ras\u0131na qat\u0131lma\u011f\u0131 planla\u015fd\u0131r\u0131r&#8221;.<\/p>\n<p>C.Hakstepp bildirib ki, t\u0259bii qaz\u0131n emal\u0131 n\u0259tic\u0259sind\u0259 atmosfer\u0259 karbon tullant\u0131lar\u0131n\u0131n h\u0259cmi, k\u00f6m\u00fcr hasilat\u0131n\u0131n ekvivalent h\u0259cmi il\u0259 m\u00fcqayis\u0259d\u0259 50 faiz azd\u0131r:<\/p>\n<p>&#8220;Az\u0259rbaycan qaz\u0131 Avropa bazarlar\u0131na \u0259lav\u0259 qaz t\u0259dar\u00fck\u00fc m\u0259nb\u0259yi ver\u0259c\u0259k, r\u0259qab\u0259ti y\u00fcks\u0259ld\u0259c\u0259k v\u0259 dig\u0259r t\u0259dar\u00fck\u00e7\u00fcl\u0259rl\u0259 dan\u0131\u015f\u0131qlarda \u00fcst\u00fcnl\u00fckl\u0259r t\u0259qdim ed\u0259c\u0259k. C\u0259nubi Avropan\u0131n qaz hablar\u0131 likvidlik v\u0259 r\u0259qab\u0259t s\u0259viyy\u0259sin\u0259 g\u00f6r\u0259 \u015eimal-Q\u0259rbi Avropadan geri qal\u0131r v\u0259 bu yeni qaz m\u0259nb\u0259yi C\u0259nubi Avropaya v\u0259 x\u00fcsusil\u0259 d\u0259 \u0130taliyaya iri hab qismind\u0259 k\u00f6m\u0259k g\u00f6st\u0259r\u0259c\u0259k&#8221;.<\/p>\n","protected":false},"excerpt":{"rendered":"<p>&#8220;C\u0259nub Qaz D\u0259hlizi&#8221; Avropaya k\u00f6m\u00fcr hasilat\u0131n\u0131 azaltma\u011fa k\u00f6m\u0259k ed\u0259c\u0259k. ARANTV.AZ\u00a0 x\u0259b\u0259r verir ki, bunu\u00a0Trend-\u0259 &#8220;S&amp;P Global Platts&#8221; \u015firk\u0259tinin analitiki Ceyms Hakstepp deyib. O qeyd edib ki, Avropada istifad\u0259 olunan enerji ehtiyatlar\u0131 h\u0259cminin t\u0259xmin\u0259n d\u00f6rdd\u0259 bir hiss\u0259si t\u0259bii qaz\u0131n pay\u0131na d\u00fc\u015f\u00fcr v\u0259 bu t\u0259l\u0259bat \u0259sas\u0259n boru k\u0259m\u0259rl\u0259ri il\u0259 n\u0259ql, mayel\u0259\u015fdirilmi\u015f t\u0259bii qaz \u015f\u0259klind\u0259 t\u0259dar\u00fck v\u0259 yerli istehsal hesab\u0131na \u00f6d\u0259nilir: &#8220;Son iki il \u0259rzind\u0259 Avropada k\u00f6m\u00fcr istehsal\u0131 40 faiz azal\u0131b. Bu, \u0259sas\u0259n qaz t\u0259dar\u00fck\u00fcn\u00fcn artmas\u0131, a\u015fa\u011fl qiym\u0259tl\u0259r v\u0259 enerji sektorunda k\u00f6m\u00fcrd\u0259n t\u0259bii qaza ke\u00e7ilm\u0259si il\u0259 \u0259laq\u0259dard\u0131r. &#8220;C\u0259nub Qaz D\u0259hlizi&#8221; Avropada, x\u00fcsusil\u0259 d\u0259&hellip;<\/p>\n","protected":false},"author":2,"featured_media":113977,"comment_status":"closed","ping_status":"closed","sticky":false,"template":"","format":"standard","meta":{"om_disable_all_campaigns":false,"_monsterinsights_skip_tracking":false,"_monsterinsights_sitenote_active":false,"_monsterinsights_sitenote_note":"","_monsterinsights_sitenote_category":0},"categories":[19],"tags":[],"aioseo_notices":[],"gutentor_comment":0,"rttpg_featured_image_url":{"full":["https:\/\/arantv.az\/wp-content\/uploads\/2019\/12\/814641.jpg",800,600,false],"landscape":["https:\/\/arantv.az\/wp-content\/uploads\/2019\/12\/814641.jpg",800,600,false],"portraits":["https:\/\/arantv.az\/wp-content\/uploads\/2019\/12\/814641.jpg",800,600,false],"thumbnail":["https:\/\/arantv.az\/wp-content\/uploads\/2019\/12\/814641-150x150.jpg",150,150,true],"medium":["https:\/\/arantv.az\/wp-content\/uploads\/2019\/12\/814641-300x225.jpg",300,225,true],"large":["https:\/\/arantv.az\/wp-content\/uploads\/2019\/12\/814641.jpg",640,480,false],"1536x1536":["https:\/\/arantv.az\/wp-content\/uploads\/2019\/12\/814641.jpg",800,600,false],"2048x2048":["https:\/\/arantv.az\/wp-content\/uploads\/2019\/12\/814641.jpg",800,600,false],"post-thumbnail":["https:\/\/arantv.az\/wp-content\/uploads\/2019\/12\/814641-240x172.jpg",240,172,true],"advps-thumb-one":["https:\/\/arantv.az\/wp-content\/uploads\/2019\/12\/814641.jpg",800,600,false]},"rttpg_author":{"display_name":"V\u00fcsal Rafiqo\u011flu","author_link":"https:\/\/arantv.az\/?author=2"},"rttpg_comment":0,"rttpg_category":"<a href=\"https:\/\/arantv.az\/?cat=19\" rel=\"category\">G\u00fcnd\u0259m<\/a>","rttpg_excerpt":"&#8220;C\u0259nub Qaz D\u0259hlizi&#8221; Avropaya k\u00f6m\u00fcr hasilat\u0131n\u0131 azaltma\u011fa k\u00f6m\u0259k ed\u0259c\u0259k. ARANTV.AZ\u00a0 x\u0259b\u0259r verir ki, bunu\u00a0Trend-\u0259 &#8220;S&amp;P Global Platts&#8221; \u015firk\u0259tinin analitiki Ceyms Hakstepp deyib. O qeyd edib ki, Avropada istifad\u0259 olunan enerji ehtiyatlar\u0131 h\u0259cminin t\u0259xmin\u0259n d\u00f6rdd\u0259 bir hiss\u0259si t\u0259bii qaz\u0131n pay\u0131na d\u00fc\u015f\u00fcr v\u0259 bu t\u0259l\u0259bat \u0259sas\u0259n boru k\u0259m\u0259rl\u0259ri il\u0259 n\u0259ql, mayel\u0259\u015fdirilmi\u015f t\u0259bii qaz \u015f\u0259klind\u0259 t\u0259dar\u00fck v\u0259 yerli&hellip;","_links":{"self":[{"href":"https:\/\/arantv.az\/index.php?rest_route=\/wp\/v2\/posts\/113976"}],"collection":[{"href":"https:\/\/arantv.az\/index.php?rest_route=\/wp\/v2\/posts"}],"about":[{"href":"https:\/\/arantv.az\/index.php?rest_route=\/wp\/v2\/types\/post"}],"author":[{"embeddable":true,"href":"https:\/\/arantv.az\/index.php?rest_route=\/wp\/v2\/users\/2"}],"replies":[{"embeddable":true,"href":"https:\/\/arantv.az\/index.php?rest_route=%2Fwp%2Fv2%2Fcomments&post=113976"}],"version-history":[{"count":0,"href":"https:\/\/arantv.az\/index.php?rest_route=\/wp\/v2\/posts\/113976\/revisions"}],"wp:featuredmedia":[{"embeddable":true,"href":"https:\/\/arantv.az\/index.php?rest_route=\/wp\/v2\/media\/113977"}],"wp:attachment":[{"href":"https:\/\/arantv.az\/index.php?rest_route=%2Fwp%2Fv2%2Fmedia&parent=113976"}],"wp:term":[{"taxonomy":"category","embeddable":true,"href":"https:\/\/arantv.az\/index.php?rest_route=%2Fwp%2Fv2%2Fcategories&post=113976"},{"taxonomy":"post_tag","embeddable":true,"href":"https:\/\/arantv.az\/index.php?rest_route=%2Fwp%2Fv2%2Ftags&post=113976"}],"curies":[{"name":"wp","href":"https:\/\/api.w.org\/{rel}","templated":true}]}}