{"id":114012,"date":"2019-12-30T14:20:40","date_gmt":"2019-12-30T11:20:40","guid":{"rendered":"http:\/\/arantv.az\/?p=114012"},"modified":"2019-12-30T14:20:40","modified_gmt":"2019-12-30T11:20:40","slug":"2020-ci-il-konullul%c9%99r-ili-elan-edildi-s%c9%99r%c9%99ncam","status":"publish","type":"post","link":"https:\/\/arantv.az\/?p=114012","title":{"rendered":"2020-ci il \u201cK\u00f6n\u00fcll\u00fcl\u0259r ili\u201d elan edildi &#8211; S\u018fR\u018fNCAM"},"content":{"rendered":"<p>Az\u0259rbaycan Respublikas\u0131 Prezidenti \u0130lham \u018fliyev Az\u0259rbaycan Respublikas\u0131nda 2020-ci ilin \u201cK\u00f6n\u00fcll\u00fcl\u0259r ili\u201d elan edilm\u0259si haqq\u0131nda s\u0259r\u0259ncam imzalay\u0131b.<\/p>\n<p>Bununla ba\u011fl\u0131\u00a0<a href=\"https:\/\/azertag.az\/xeber\/Azerbaycan_Respublikasinda_2020_ci_ilin_Konulluler_ili_elan_edilmesi_haqqinda__Azerbaycan_Respublikasi_Prezidentinin_Serencami-1379457\" target=\"_blank\" rel=\"noopener\">AZ\u018fRTAC<\/a>\u00a0m\u0259lumat yay\u0131b.<\/p>\n<p>S\u0259r\u0259ncamda deyilir:<\/p>\n<p>\u201cAz\u0259rbaycan Respublikas\u0131 Konstitusiyas\u0131n\u0131n 109-cu madd\u0259sinin 32-ci b\u0259ndini r\u0259hb\u0259r tutaraq, g\u0259ncl\u0259rin f\u0259rdi inki\u015faf\u0131na t\u0259kan verm\u0259k, onlarda sosial m\u0259suliyy\u0259t hissini art\u0131rmaq, g\u0259ncliyin potensial\u0131ndan xalq\u0131n rifah\u0131 v\u0259 \u00f6lk\u0259mizin dayan\u0131ql\u0131 inki\u015faf\u0131 \u00fc\u00e7\u00fcn s\u0259m\u0259r\u0259li istifad\u0259 etm\u0259k m\u0259qs\u0259dil\u0259 q\u0259rara al\u0131ram:<\/p>\n<p>1. 2020-ci il Az\u0259rbaycan Respublikas\u0131nda \u201cK\u00f6n\u00fcll\u00fcl\u0259r ili\u201d elan edilsin.<\/p>\n<p>2. Az\u0259rbaycan Respublikas\u0131n\u0131n Nazirl\u0259r Kabineti 2020-ci ilin Az\u0259rbaycan Respublikas\u0131nda \u201cK\u00f6n\u00fcll\u00fcl\u0259r ili\u201d elan edilm\u0259sin\u0259 dair t\u0259dbirl\u0259r plan\u0131n\u0131 bir ay m\u00fcdd\u0259tind\u0259 haz\u0131rlay\u0131b Az\u0259rbaycan Respublikas\u0131n\u0131n Prezidentin\u0259 t\u0259qdim etsin\u201d.<\/p>\n<p>Qeyd ed\u0259k ki, Az\u0259rbaycan xalq\u0131 \u0259srl\u0259r boyu xeyirxahl\u0131q, f\u0259dakarl\u0131q, k\u00f6n\u00fcll\u00fc v\u0259 t\u0259m\u0259nnas\u0131z k\u00f6m\u0259k \u0259n\u0259n\u0259l\u0259rini ya\u015fad\u0131b.<\/p>\n<p>K\u00f6n\u00fcll\u00fcl\u00fck insanlar\u0131 vahid niyy\u0259t \u0259traf\u0131nda birl\u0259\u015fdir\u0259n, v\u0259t\u0259nda\u015f, c\u0259miyy\u0259t v\u0259 d\u00f6vl\u0259tin birg\u0259 f\u0259aliyy\u0259tinin \u0259n u\u011furlu format\u0131d\u0131r. K\u00f6n\u00fcll\u00fcl\u00fck h\u0259m d\u0259 v\u0259t\u0259np\u0259rv\u0259rlik m\u0259kt\u0259bi, \u00f6z xalq\u0131na, d\u00f6vl\u0259tin\u0259, milli-m\u0259n\u0259vi d\u0259y\u0259rl\u0259r\u0259 ba\u011fl\u0131l\u0131q v\u0259 xidm\u0259t \u00f6rn\u0259yidir.<\/p>\n<p>Bu f\u0259aliyy\u0259tin t\u0259\u015fviqi m\u0259qs\u0259dil\u0259 d\u00f6vl\u0259timiz t\u0259r\u0259find\u0259n z\u0259ruri add\u0131mlar at\u0131l\u0131b, normativ h\u00fcquqi baza t\u0259kmill\u0259\u015fdirilib, d\u00f6vl\u0259t d\u0259st\u0259yi mexanizml\u0259ri formala\u015fd\u0131r\u0131l\u0131b. K\u00f6n\u00fcll\u00fcl\u00fck bir \u00e7ox f\u0259aliyy\u0259t sah\u0259l\u0259rin\u0259 n\u00fcfuz ed\u0259r\u0259k \u00fcmummilli h\u0259r\u0259kata \u00e7evrilib, \u00f6lk\u0259mizin h\u0259r bir b\u00f6lg\u0259sin\u0259, ictimai h\u0259yat\u0131n m\u00fcxt\u0259lif sah\u0259l\u0259rin\u0259 yay\u0131laraq, c\u0259miyy\u0259timizin b\u00fct\u00fcn t\u0259b\u0259q\u0259l\u0259rini \u0259hat\u0259 etmi\u015f, g\u0259ncl\u0259rimizin h\u0259yat t\u0259rzin\u0259 \u00e7evrilib. ASAN, \u201cRegional \u0130nki\u015faf\u201d \u0130ctimai Birliyi, \u201cBir\u201d T\u0259l\u0259b\u0259 k\u00f6n\u00fcll\u00fcl\u00fcl\u0259ri v\u0259 dig\u0259r k\u00f6n\u00fcll\u00fc h\u0259r\u0259katlar\u0131 yaran\u0131b, m\u0259rk\u0259zi v\u0259 yerli icra hakimiyy\u0259ti orqanlar\u0131nda on minl\u0259rl\u0259 g\u0259nci birl\u0259\u015fdir\u0259n k\u00f6n\u00fcll\u00fc qruplar\u0131 formala\u015f\u0131b.<\/p>\n<p>K\u00f6n\u00fcll\u00fcl\u0259rimiz \u00f6z kreativliyi, t\u0259\u015f\u0259bb\u00fcskarl\u0131\u011f\u0131, innovativ d\u00fc\u015f\u00fcnc\u0259 t\u0259rzi v\u0259 m\u00fcasir d\u00fcnyag\u00f6r\u00fc\u015fl\u0259ri il\u0259 qo\u015fulduqlar\u0131 f\u0259aliyy\u0259t\u0259 yeni n\u0259f\u0259s verib, \u00f6lk\u0259mizd\u0259 Avroviziya Mahn\u0131 M\u00fcsabiq\u0259si, I Avropa Oyunlar\u0131, \u201cFormula 1\u201d yar\u0131\u015flar\u0131, IV \u0130slam H\u0259mr\u0259yliyi Oyunlar\u0131 kimi irimiqyasl\u0131 beyn\u0259lxalq t\u0259dbirl\u0259rin h\u0259yata ke\u00e7irilm\u0259sind\u0259 \u0259v\u0259zsiz rol oynay\u0131blar.<\/p>\n<p>Bu il 5 dekabr Beyn\u0259lxalq K\u00f6n\u00fcll\u00fc G\u00fcn\u00fc \u0259r\u0259f\u0259sind\u0259 Az\u0259rbaycanda ilk d\u0259f\u0259 ke\u00e7irilib v\u0259 b\u00fct\u00fcn k\u00f6n\u00fcll\u00fcl\u0259ri \u0259hat\u0259 etmi\u015f K\u00f6n\u00fcll\u00fcl\u00fck H\u0259ft\u0259si \u00f6lk\u0259mizd\u0259 k\u00f6n\u00fcll\u00fcl\u00fcy\u00fcn yeni m\u0259rh\u0259l\u0259y\u0259 q\u0259d\u0259m qoydu\u011funu v\u0259 b\u00f6y\u00fck potensiala malik oldu\u011funu n\u00fcmayi\u015f etdirib.<\/p>\n","protected":false},"excerpt":{"rendered":"<p>Az\u0259rbaycan Respublikas\u0131 Prezidenti \u0130lham \u018fliyev Az\u0259rbaycan Respublikas\u0131nda 2020-ci ilin \u201cK\u00f6n\u00fcll\u00fcl\u0259r ili\u201d elan edilm\u0259si haqq\u0131nda s\u0259r\u0259ncam imzalay\u0131b. Bununla ba\u011fl\u0131\u00a0AZ\u018fRTAC\u00a0m\u0259lumat yay\u0131b. S\u0259r\u0259ncamda deyilir: \u201cAz\u0259rbaycan Respublikas\u0131 Konstitusiyas\u0131n\u0131n 109-cu madd\u0259sinin 32-ci b\u0259ndini r\u0259hb\u0259r tutaraq, g\u0259ncl\u0259rin f\u0259rdi inki\u015faf\u0131na t\u0259kan verm\u0259k, onlarda sosial m\u0259suliyy\u0259t hissini art\u0131rmaq, g\u0259ncliyin potensial\u0131ndan xalq\u0131n rifah\u0131 v\u0259 \u00f6lk\u0259mizin dayan\u0131ql\u0131 inki\u015faf\u0131 \u00fc\u00e7\u00fcn s\u0259m\u0259r\u0259li istifad\u0259 etm\u0259k m\u0259qs\u0259dil\u0259 q\u0259rara al\u0131ram: 1. 2020-ci il Az\u0259rbaycan Respublikas\u0131nda \u201cK\u00f6n\u00fcll\u00fcl\u0259r ili\u201d elan edilsin. 2. Az\u0259rbaycan Respublikas\u0131n\u0131n Nazirl\u0259r Kabineti 2020-ci ilin Az\u0259rbaycan Respublikas\u0131nda \u201cK\u00f6n\u00fcll\u00fcl\u0259r ili\u201d elan edilm\u0259sin\u0259 dair t\u0259dbirl\u0259r plan\u0131n\u0131 bir ay m\u00fcdd\u0259tind\u0259 haz\u0131rlay\u0131b Az\u0259rbaycan Respublikas\u0131n\u0131n Prezidentin\u0259 t\u0259qdim etsin\u201d. Qeyd&hellip;<\/p>\n","protected":false},"author":2,"featured_media":114013,"comment_status":"closed","ping_status":"closed","sticky":false,"template":"","format":"standard","meta":{"om_disable_all_campaigns":false,"_monsterinsights_skip_tracking":false,"_monsterinsights_sitenote_active":false,"_monsterinsights_sitenote_note":"","_monsterinsights_sitenote_category":0},"categories":[8,4],"tags":[],"aioseo_notices":[],"gutentor_comment":0,"rttpg_featured_image_url":{"full":["https:\/\/arantv.az\/wp-content\/uploads\/2019\/12\/EMiY3KTW4AECanX.jpg",620,408,false],"landscape":["https:\/\/arantv.az\/wp-content\/uploads\/2019\/12\/EMiY3KTW4AECanX.jpg",620,408,false],"portraits":["https:\/\/arantv.az\/wp-content\/uploads\/2019\/12\/EMiY3KTW4AECanX.jpg",620,408,false],"thumbnail":["https:\/\/arantv.az\/wp-content\/uploads\/2019\/12\/EMiY3KTW4AECanX-150x150.jpg",150,150,true],"medium":["https:\/\/arantv.az\/wp-content\/uploads\/2019\/12\/EMiY3KTW4AECanX-300x197.jpg",300,197,true],"large":["https:\/\/arantv.az\/wp-content\/uploads\/2019\/12\/EMiY3KTW4AECanX.jpg",620,408,false],"1536x1536":["https:\/\/arantv.az\/wp-content\/uploads\/2019\/12\/EMiY3KTW4AECanX.jpg",620,408,false],"2048x2048":["https:\/\/arantv.az\/wp-content\/uploads\/2019\/12\/EMiY3KTW4AECanX.jpg",620,408,false],"post-thumbnail":["https:\/\/arantv.az\/wp-content\/uploads\/2019\/12\/EMiY3KTW4AECanX-240x172.jpg",240,172,true],"advps-thumb-one":["https:\/\/arantv.az\/wp-content\/uploads\/2019\/12\/EMiY3KTW4AECanX.jpg",620,408,false]},"rttpg_author":{"display_name":"V\u00fcsal Rafiqo\u011flu","author_link":"https:\/\/arantv.az\/?author=2"},"rttpg_comment":0,"rttpg_category":"<a href=\"https:\/\/arantv.az\/?cat=8\" rel=\"category\">\u018fsas s\u0259hif\u0259<\/a> <a href=\"https:\/\/arantv.az\/?cat=4\" rel=\"category\">Siyas\u0259t<\/a>","rttpg_excerpt":"Az\u0259rbaycan Respublikas\u0131 Prezidenti \u0130lham \u018fliyev Az\u0259rbaycan Respublikas\u0131nda 2020-ci ilin \u201cK\u00f6n\u00fcll\u00fcl\u0259r ili\u201d elan edilm\u0259si haqq\u0131nda s\u0259r\u0259ncam imzalay\u0131b. Bununla ba\u011fl\u0131\u00a0AZ\u018fRTAC\u00a0m\u0259lumat yay\u0131b. S\u0259r\u0259ncamda deyilir: \u201cAz\u0259rbaycan Respublikas\u0131 Konstitusiyas\u0131n\u0131n 109-cu madd\u0259sinin 32-ci b\u0259ndini r\u0259hb\u0259r tutaraq, g\u0259ncl\u0259rin f\u0259rdi inki\u015faf\u0131na t\u0259kan verm\u0259k, onlarda sosial m\u0259suliyy\u0259t hissini art\u0131rmaq, g\u0259ncliyin potensial\u0131ndan xalq\u0131n rifah\u0131 v\u0259 \u00f6lk\u0259mizin dayan\u0131ql\u0131 inki\u015faf\u0131 \u00fc\u00e7\u00fcn s\u0259m\u0259r\u0259li istifad\u0259 etm\u0259k m\u0259qs\u0259dil\u0259 q\u0259rara al\u0131ram:&hellip;","_links":{"self":[{"href":"https:\/\/arantv.az\/index.php?rest_route=\/wp\/v2\/posts\/114012"}],"collection":[{"href":"https:\/\/arantv.az\/index.php?rest_route=\/wp\/v2\/posts"}],"about":[{"href":"https:\/\/arantv.az\/index.php?rest_route=\/wp\/v2\/types\/post"}],"author":[{"embeddable":true,"href":"https:\/\/arantv.az\/index.php?rest_route=\/wp\/v2\/users\/2"}],"replies":[{"embeddable":true,"href":"https:\/\/arantv.az\/index.php?rest_route=%2Fwp%2Fv2%2Fcomments&post=114012"}],"version-history":[{"count":0,"href":"https:\/\/arantv.az\/index.php?rest_route=\/wp\/v2\/posts\/114012\/revisions"}],"wp:featuredmedia":[{"embeddable":true,"href":"https:\/\/arantv.az\/index.php?rest_route=\/wp\/v2\/media\/114013"}],"wp:attachment":[{"href":"https:\/\/arantv.az\/index.php?rest_route=%2Fwp%2Fv2%2Fmedia&parent=114012"}],"wp:term":[{"taxonomy":"category","embeddable":true,"href":"https:\/\/arantv.az\/index.php?rest_route=%2Fwp%2Fv2%2Fcategories&post=114012"},{"taxonomy":"post_tag","embeddable":true,"href":"https:\/\/arantv.az\/index.php?rest_route=%2Fwp%2Fv2%2Ftags&post=114012"}],"curies":[{"name":"wp","href":"https:\/\/api.w.org\/{rel}","templated":true}]}}