{"id":114072,"date":"2019-12-30T14:43:50","date_gmt":"2019-12-30T11:43:50","guid":{"rendered":"http:\/\/arantv.az\/?p=114072"},"modified":"2019-12-30T14:43:50","modified_gmt":"2019-12-30T11:43:50","slug":"rusiya-millisinin-uzvunun-faci%c9%99vi-olumu-anbaan-video","status":"publish","type":"post","link":"https:\/\/arantv.az\/?p=114072","title":{"rendered":"Rusiya millisinin \u00fczv\u00fcn\u00fcn faci\u0259vi \u00f6l\u00fcm\u00fc &#8211; ANBAAN V\u0130DEO"},"content":{"rendered":"<p>Futbol \u00fczr\u0259 Rusiya mini-futbol komandas\u0131n\u0131n \u00fczv\u00fc Kirill Poqorelov Moskva \u015f\u0259h\u0259rinin m\u0259rk\u0259zind\u0259 avtomobil q\u0259zas\u0131na d\u00fc\u015f\u00fcb.<\/p>\n<p>Ren.tv m\u0259lumat verir ki, futbol\u00e7unun idar\u0259 etdiyi BMW markal\u0131 avtomobil \u201cKia Rio\u201d il\u0259 toqqu\u015fub. Kirill Petrov hadis\u0259 yerind\u0259 \u00f6l\u00fcb.<\/p>\n<p>Kiril Petrov Rusiyan\u0131n \u201cSpartak\u201d v\u0259 mini-futbol \u00fczr\u0259 \u0259sas milli komandas\u0131n\u0131n \u015f\u0259r\u0259fini qoruyub. 2008-ci ild\u0259 Kirill Poqorelov Rusiya millisinin hey\u0259tind\u0259 Avropa \u00e7empionat\u0131n\u0131n qalibi olub.<\/p>\n<div><iframe loading=\"lazy\" src=\"https:\/\/player.baku.tv\/embed\/12483\" width=\"560\" height=\"315\" frameborder=\"0\" allowfullscreen=\"allowfullscreen\" data-mce-fragment=\"1\"><\/iframe><\/div>\n<p>&nbsp;<\/p>\n","protected":false},"excerpt":{"rendered":"<p>Futbol \u00fczr\u0259 Rusiya mini-futbol komandas\u0131n\u0131n \u00fczv\u00fc Kirill Poqorelov Moskva \u015f\u0259h\u0259rinin m\u0259rk\u0259zind\u0259 avtomobil q\u0259zas\u0131na d\u00fc\u015f\u00fcb. Ren.tv m\u0259lumat verir ki, futbol\u00e7unun idar\u0259 etdiyi BMW markal\u0131 avtomobil \u201cKia Rio\u201d il\u0259 toqqu\u015fub. Kirill Petrov hadis\u0259 yerind\u0259 \u00f6l\u00fcb. Kiril Petrov Rusiyan\u0131n \u201cSpartak\u201d v\u0259 mini-futbol \u00fczr\u0259 \u0259sas milli komandas\u0131n\u0131n \u015f\u0259r\u0259fini qoruyub. 2008-ci ild\u0259 Kirill Poqorelov Rusiya millisinin hey\u0259tind\u0259 Avropa \u00e7empionat\u0131n\u0131n qalibi olub. &nbsp;<\/p>\n","protected":false},"author":2,"featured_media":114073,"comment_status":"closed","ping_status":"closed","sticky":false,"template":"","format":"standard","meta":{"om_disable_all_campaigns":false,"_monsterinsights_skip_tracking":false,"_monsterinsights_sitenote_active":false,"_monsterinsights_sitenote_note":"","_monsterinsights_sitenote_category":0},"categories":[7],"tags":[],"aioseo_notices":[],"gutentor_comment":0,"rttpg_featured_image_url":{"full":["https:\/\/arantv.az\/wp-content\/uploads\/2019\/12\/0_The-car-after-the-crash-in-Kemp-Road.jpg",615,409,false],"landscape":["https:\/\/arantv.az\/wp-content\/uploads\/2019\/12\/0_The-car-after-the-crash-in-Kemp-Road.jpg",615,409,false],"portraits":["https:\/\/arantv.az\/wp-content\/uploads\/2019\/12\/0_The-car-after-the-crash-in-Kemp-Road.jpg",615,409,false],"thumbnail":["https:\/\/arantv.az\/wp-content\/uploads\/2019\/12\/0_The-car-after-the-crash-in-Kemp-Road-150x150.jpg",150,150,true],"medium":["https:\/\/arantv.az\/wp-content\/uploads\/2019\/12\/0_The-car-after-the-crash-in-Kemp-Road-300x200.jpg",300,200,true],"large":["https:\/\/arantv.az\/wp-content\/uploads\/2019\/12\/0_The-car-after-the-crash-in-Kemp-Road.jpg",615,409,false],"1536x1536":["https:\/\/arantv.az\/wp-content\/uploads\/2019\/12\/0_The-car-after-the-crash-in-Kemp-Road.jpg",615,409,false],"2048x2048":["https:\/\/arantv.az\/wp-content\/uploads\/2019\/12\/0_The-car-after-the-crash-in-Kemp-Road.jpg",615,409,false],"post-thumbnail":["https:\/\/arantv.az\/wp-content\/uploads\/2019\/12\/0_The-car-after-the-crash-in-Kemp-Road-240x172.jpg",240,172,true],"advps-thumb-one":["https:\/\/arantv.az\/wp-content\/uploads\/2019\/12\/0_The-car-after-the-crash-in-Kemp-Road.jpg",615,409,false]},"rttpg_author":{"display_name":"V\u00fcsal Rafiqo\u011flu","author_link":"https:\/\/arantv.az\/?author=2"},"rttpg_comment":0,"rttpg_category":"<a href=\"https:\/\/arantv.az\/?cat=7\" rel=\"category\">D\u00fcnya<\/a>","rttpg_excerpt":"Futbol \u00fczr\u0259 Rusiya mini-futbol komandas\u0131n\u0131n \u00fczv\u00fc Kirill Poqorelov Moskva \u015f\u0259h\u0259rinin m\u0259rk\u0259zind\u0259 avtomobil q\u0259zas\u0131na d\u00fc\u015f\u00fcb. Ren.tv m\u0259lumat verir ki, futbol\u00e7unun idar\u0259 etdiyi BMW markal\u0131 avtomobil \u201cKia Rio\u201d il\u0259 toqqu\u015fub. Kirill Petrov hadis\u0259 yerind\u0259 \u00f6l\u00fcb. Kiril Petrov Rusiyan\u0131n \u201cSpartak\u201d v\u0259 mini-futbol \u00fczr\u0259 \u0259sas milli komandas\u0131n\u0131n \u015f\u0259r\u0259fini qoruyub. 2008-ci ild\u0259 Kirill Poqorelov Rusiya millisinin hey\u0259tind\u0259 Avropa \u00e7empionat\u0131n\u0131n qalibi&hellip;","_links":{"self":[{"href":"https:\/\/arantv.az\/index.php?rest_route=\/wp\/v2\/posts\/114072"}],"collection":[{"href":"https:\/\/arantv.az\/index.php?rest_route=\/wp\/v2\/posts"}],"about":[{"href":"https:\/\/arantv.az\/index.php?rest_route=\/wp\/v2\/types\/post"}],"author":[{"embeddable":true,"href":"https:\/\/arantv.az\/index.php?rest_route=\/wp\/v2\/users\/2"}],"replies":[{"embeddable":true,"href":"https:\/\/arantv.az\/index.php?rest_route=%2Fwp%2Fv2%2Fcomments&post=114072"}],"version-history":[{"count":0,"href":"https:\/\/arantv.az\/index.php?rest_route=\/wp\/v2\/posts\/114072\/revisions"}],"wp:featuredmedia":[{"embeddable":true,"href":"https:\/\/arantv.az\/index.php?rest_route=\/wp\/v2\/media\/114073"}],"wp:attachment":[{"href":"https:\/\/arantv.az\/index.php?rest_route=%2Fwp%2Fv2%2Fmedia&parent=114072"}],"wp:term":[{"taxonomy":"category","embeddable":true,"href":"https:\/\/arantv.az\/index.php?rest_route=%2Fwp%2Fv2%2Fcategories&post=114072"},{"taxonomy":"post_tag","embeddable":true,"href":"https:\/\/arantv.az\/index.php?rest_route=%2Fwp%2Fv2%2Ftags&post=114072"}],"curies":[{"name":"wp","href":"https:\/\/api.w.org\/{rel}","templated":true}]}}