{"id":114080,"date":"2019-12-30T14:46:03","date_gmt":"2019-12-30T11:46:03","guid":{"rendered":"http:\/\/arantv.az\/?p=114080"},"modified":"2019-12-30T14:46:03","modified_gmt":"2019-12-30T11:46:03","slug":"qosqar-t%c9%99hm%c9%99zli-ictimai-ias%c9%99-obyektl%c9%99rinin-sahibl%c9%99rini-daha-diqq%c9%99tli-olmaga-s%c9%99sl%c9%99yirik","status":"publish","type":"post","link":"https:\/\/arantv.az\/?p=114080","title":{"rendered":"Qo\u015fqar T\u0259hm\u0259zli: &#8220;\u0130ctimai ia\u015f\u0259 obyektl\u0259rinin sahibl\u0259rini daha diqq\u0259tli olma\u011fa s\u0259sl\u0259yirik&#8221;"},"content":{"rendered":"<p><strong>Az\u0259rbaycan Qida T\u0259hl\u00fck\u0259sizliyi Agentliyinin s\u0259dri (AQTA) Qo\u015fqar T\u0259hm\u0259zli bayram g\u00fcnl\u0259rind\u0259 qidalanma il\u0259 ba\u011fl\u0131 \u0259haliy\u0259 v\u0259 ictimai ia\u015f\u0259 obyektl\u0259rinin r\u0259hb\u0259rl\u0259rin\u0259 d\u0259 m\u00fcraci\u0259t edib.<\/strong><\/p>\n<p><strong>ARANTV.AZ<\/strong>\u00a0<a href=\"https:\/\/az.trend.az\/\" target=\"_blank\" rel=\"noopener\">Trend<\/a>-\u0259 istinad\u0259n x\u0259b\u0259r verir ki, m\u0259tbuat konfrans\u0131nda \u00e7\u0131x\u0131\u015f ed\u0259n Agentlik s\u0259dri Qo\u015fqar T\u0259hm\u0259zli bildirib ki, bayram g\u00fcnl\u0259rind\u0259 ictimai ia\u015f\u0259 obyektl\u0259rin\u0259 m\u00fcraci\u0259tl\u0259r v\u0259 istehlak daha \u00e7ox olur. Ona g\u00f6r\u0259 d\u0259, h\u0259r bir v\u0259t\u0259nda\u015f qidalanmas\u0131na n\u0259zar\u0259t etm\u0259lidir:<\/p>\n<p>&#8220;Yeni il bayram\u0131 il\u0259 \u0259laq\u0259dar m\u00fcxt\u0259lif ictimai ia\u015f\u0259 m\u00fc\u0259ssis\u0259l\u0259rind\u0259, restoran, \u015fadl\u0131q saraylar\u0131nda haz\u0131rl\u0131q gedir. Ail\u0259l\u0259r d\u0259 f\u0259rdi qaydada bayrama haz\u0131rl\u0131q edirl\u0259r. Bu g\u00fcnl\u0259rd\u0259 h\u0259r bir v\u0259t\u0259nda\u015f \u00f6z\u00fc d\u0259 qida n\u0259zar\u0259t\u00e7isin\u0259 \u00e7evrilm\u0259lidir. \u0130ctimai ia\u015f\u0259 obyektl\u0259rinin sahibl\u0259rini daha diqq\u0259tli olma\u011fa s\u0259sl\u0259yirik. Onlar \u00f6z m\u0259suliyy\u0259l\u0259rini d\u0259rk etm\u0259lidil\u0259r&#8221;.<\/p>\n<p>Q.T\u0259hm\u0259zli bildirib ki, q\u0131\u015f turizmi il\u0259 \u0259laq\u0259dar Az\u0259rbaycana \u00e7oxlu sayda xarici v\u0259t\u0259nda\u015flar g\u0259lir: &#8220;Bu m\u0259qs\u0259dl\u0259 d\u0259 ictimai ia\u015f\u0259 obyektl\u0259rinin sahibl\u0259rin\u0259 s\u0259sl\u0259nir\u0259m ki, onlar \u00f6lk\u0259nin imicini d\u0259 n\u0259z\u0259r\u0259 almal\u0131d\u0131rlar, onlar\u0131n h\u0259r hans\u0131 yanl\u0131\u015f h\u0259r\u0259k\u0259ti Az\u0259rbaycan\u0131n n\u00fcfuzuna m\u0259nfi t\u0259sir g\u00f6st\u0259r\u0259 bil\u0259r&#8221;.<\/p>\n","protected":false},"excerpt":{"rendered":"<p>Az\u0259rbaycan Qida T\u0259hl\u00fck\u0259sizliyi Agentliyinin s\u0259dri (AQTA) Qo\u015fqar T\u0259hm\u0259zli bayram g\u00fcnl\u0259rind\u0259 qidalanma il\u0259 ba\u011fl\u0131 \u0259haliy\u0259 v\u0259 ictimai ia\u015f\u0259 obyektl\u0259rinin r\u0259hb\u0259rl\u0259rin\u0259 d\u0259 m\u00fcraci\u0259t edib. ARANTV.AZ\u00a0Trend-\u0259 istinad\u0259n x\u0259b\u0259r verir ki, m\u0259tbuat konfrans\u0131nda \u00e7\u0131x\u0131\u015f ed\u0259n Agentlik s\u0259dri Qo\u015fqar T\u0259hm\u0259zli bildirib ki, bayram g\u00fcnl\u0259rind\u0259 ictimai ia\u015f\u0259 obyektl\u0259rin\u0259 m\u00fcraci\u0259tl\u0259r v\u0259 istehlak daha \u00e7ox olur. Ona g\u00f6r\u0259 d\u0259, h\u0259r bir v\u0259t\u0259nda\u015f qidalanmas\u0131na n\u0259zar\u0259t etm\u0259lidir: &#8220;Yeni il bayram\u0131 il\u0259 \u0259laq\u0259dar m\u00fcxt\u0259lif ictimai ia\u015f\u0259 m\u00fc\u0259ssis\u0259l\u0259rind\u0259, restoran, \u015fadl\u0131q saraylar\u0131nda haz\u0131rl\u0131q gedir. Ail\u0259l\u0259r d\u0259 f\u0259rdi qaydada bayrama haz\u0131rl\u0131q edirl\u0259r. Bu g\u00fcnl\u0259rd\u0259 h\u0259r bir v\u0259t\u0259nda\u015f \u00f6z\u00fc d\u0259 qida n\u0259zar\u0259t\u00e7isin\u0259 \u00e7evrilm\u0259lidir. \u0130ctimai ia\u015f\u0259&hellip;<\/p>\n","protected":false},"author":2,"featured_media":114081,"comment_status":"closed","ping_status":"closed","sticky":false,"template":"","format":"standard","meta":{"om_disable_all_campaigns":false,"_monsterinsights_skip_tracking":false,"_monsterinsights_sitenote_active":false,"_monsterinsights_sitenote_note":"","_monsterinsights_sitenote_category":0},"categories":[1],"tags":[],"aioseo_notices":[],"gutentor_comment":0,"rttpg_featured_image_url":{"full":["https:\/\/arantv.az\/wp-content\/uploads\/2019\/12\/814668.jpg",800,600,false],"landscape":["https:\/\/arantv.az\/wp-content\/uploads\/2019\/12\/814668.jpg",800,600,false],"portraits":["https:\/\/arantv.az\/wp-content\/uploads\/2019\/12\/814668.jpg",800,600,false],"thumbnail":["https:\/\/arantv.az\/wp-content\/uploads\/2019\/12\/814668-150x150.jpg",150,150,true],"medium":["https:\/\/arantv.az\/wp-content\/uploads\/2019\/12\/814668-300x225.jpg",300,225,true],"large":["https:\/\/arantv.az\/wp-content\/uploads\/2019\/12\/814668.jpg",640,480,false],"1536x1536":["https:\/\/arantv.az\/wp-content\/uploads\/2019\/12\/814668.jpg",800,600,false],"2048x2048":["https:\/\/arantv.az\/wp-content\/uploads\/2019\/12\/814668.jpg",800,600,false],"post-thumbnail":["https:\/\/arantv.az\/wp-content\/uploads\/2019\/12\/814668-240x172.jpg",240,172,true],"advps-thumb-one":["https:\/\/arantv.az\/wp-content\/uploads\/2019\/12\/814668.jpg",800,600,false]},"rttpg_author":{"display_name":"V\u00fcsal Rafiqo\u011flu","author_link":"https:\/\/arantv.az\/?author=2"},"rttpg_comment":0,"rttpg_category":"<a href=\"https:\/\/arantv.az\/?cat=1\" rel=\"category\">C\u0259miyy\u0259t<\/a>","rttpg_excerpt":"Az\u0259rbaycan Qida T\u0259hl\u00fck\u0259sizliyi Agentliyinin s\u0259dri (AQTA) Qo\u015fqar T\u0259hm\u0259zli bayram g\u00fcnl\u0259rind\u0259 qidalanma il\u0259 ba\u011fl\u0131 \u0259haliy\u0259 v\u0259 ictimai ia\u015f\u0259 obyektl\u0259rinin r\u0259hb\u0259rl\u0259rin\u0259 d\u0259 m\u00fcraci\u0259t edib. ARANTV.AZ\u00a0Trend-\u0259 istinad\u0259n x\u0259b\u0259r verir ki, m\u0259tbuat konfrans\u0131nda \u00e7\u0131x\u0131\u015f ed\u0259n Agentlik s\u0259dri Qo\u015fqar T\u0259hm\u0259zli bildirib ki, bayram g\u00fcnl\u0259rind\u0259 ictimai ia\u015f\u0259 obyektl\u0259rin\u0259 m\u00fcraci\u0259tl\u0259r v\u0259 istehlak daha \u00e7ox olur. Ona g\u00f6r\u0259 d\u0259, h\u0259r bir v\u0259t\u0259nda\u015f qidalanmas\u0131na&hellip;","_links":{"self":[{"href":"https:\/\/arantv.az\/index.php?rest_route=\/wp\/v2\/posts\/114080"}],"collection":[{"href":"https:\/\/arantv.az\/index.php?rest_route=\/wp\/v2\/posts"}],"about":[{"href":"https:\/\/arantv.az\/index.php?rest_route=\/wp\/v2\/types\/post"}],"author":[{"embeddable":true,"href":"https:\/\/arantv.az\/index.php?rest_route=\/wp\/v2\/users\/2"}],"replies":[{"embeddable":true,"href":"https:\/\/arantv.az\/index.php?rest_route=%2Fwp%2Fv2%2Fcomments&post=114080"}],"version-history":[{"count":0,"href":"https:\/\/arantv.az\/index.php?rest_route=\/wp\/v2\/posts\/114080\/revisions"}],"wp:featuredmedia":[{"embeddable":true,"href":"https:\/\/arantv.az\/index.php?rest_route=\/wp\/v2\/media\/114081"}],"wp:attachment":[{"href":"https:\/\/arantv.az\/index.php?rest_route=%2Fwp%2Fv2%2Fmedia&parent=114080"}],"wp:term":[{"taxonomy":"category","embeddable":true,"href":"https:\/\/arantv.az\/index.php?rest_route=%2Fwp%2Fv2%2Fcategories&post=114080"},{"taxonomy":"post_tag","embeddable":true,"href":"https:\/\/arantv.az\/index.php?rest_route=%2Fwp%2Fv2%2Ftags&post=114080"}],"curies":[{"name":"wp","href":"https:\/\/api.w.org\/{rel}","templated":true}]}}