{"id":114088,"date":"2019-12-30T15:01:04","date_gmt":"2019-12-30T12:01:04","guid":{"rendered":"http:\/\/arantv.az\/?p=114088"},"modified":"2019-12-30T15:01:04","modified_gmt":"2019-12-30T12:01:04","slug":"milli-parklarda-aciq-d%c9%99rsl%c9%99r-t%c9%99skil-edil%c9%99c%c9%99k","status":"publish","type":"post","link":"https:\/\/arantv.az\/?p=114088","title":{"rendered":"Milli parklarda a\u00e7\u0131q d\u0259rsl\u0259r t\u0259\u015fkil edil\u0259c\u0259k"},"content":{"rendered":"<blockquote><p><em><strong>Ekologiya v\u0259 T\u0259bii S\u0259rv\u0259tl\u0259r Nazirliyi T\u0259hsil Nazirliyi il\u0259 birg\u0259 orta m\u0259kt\u0259b \u015fagirdl\u0259ri \u00fc\u00e7\u00fcn milli parklarda ekoloji maarifl\u0259ndirm\u0259 t\u0259dbirl\u0259ri \u00e7\u0259r\u00e7iv\u0259sind\u0259 a\u00e7\u0131q d\u0259rsl\u0259r t\u0259\u015fkil etm\u0259yi planla\u015fd\u0131r\u0131r.<\/strong><\/em><\/p><\/blockquote>\n<p><strong>ARANTV.AZ<\/strong>\u00a0\u00a0<a href=\"https:\/\/az.trend.az\/\" target=\"_blank\" rel=\"noopener\">Trend<\/a>-\u0259 istinad\u0259n x\u0259b\u0259r verir ki, bunu bu g\u00fcn m\u0259tbuat konfrans\u0131nda Ekologiya v\u0259 T\u0259bii S\u0259rv\u0259tl\u0259r Nazirliyinin m\u0259tbuat xidm\u0259tinin r\u0259hb\u0259ri \u0130rad\u0259 \u0130brahimova bildirib.<\/p>\n<p>\u0130.\u0130brahimova deyib ki, a\u00e7\u0131q d\u0259rsl\u0259rin \u00f6lk\u0259 \u0259razisind\u0259ki b\u00fct\u00fcn milli parklarda t\u0259\u015fkili n\u0259z\u0259rd\u0259 tutulub: &#8220;\u015eagirdl\u0259r m\u0259kt\u0259bl\u0259rin\u0259 yax\u0131n olan milli parklarda a\u00e7\u0131q d\u0259rsl\u0259rd\u0259 i\u015ftirak ed\u0259 bil\u0259rl\u0259r&#8221;.<\/p>\n<p>M\u0259tbuat s\u00f6z\u00e7\u00fcs\u00fc qeyd edib ki, a\u00e7\u0131q d\u0259rsl\u0259rin g\u0259l\u0259n ilin yanvar ay\u0131ndan ba\u015flayaraq il \u0259rzind\u0259 m\u00fct\u0259madi t\u0259\u015fkil edilm\u0259si g\u00f6zl\u0259nilir: &#8220;Bu a\u00e7\u0131q d\u0259rsl\u0259r\u0259 m\u0259tbuat n\u00fcmay\u0259nd\u0259l\u0259ri d\u0259 d\u0259v\u0259t olunacaq. Bununla yana\u015f\u0131, valideyn himay\u0259sind\u0259n m\u0259hrum olan u\u015faqlar\u0131n da milli parklara s\u0259f\u0259rini t\u0259\u015fkil etm\u0259yi n\u0259z\u0259rd\u0259 tuturuq. Bu t\u0259dbirl\u0259rin ke\u00e7irilm\u0259sind\u0259 m\u0259qs\u0259d u\u015faqlar\u0131 milli parklarla tan\u0131\u015f etm\u0259k, onlarda u\u015faq ya\u015flar\u0131ndan t\u0259bi\u0259t\u0259 sevgi hissi formala\u015fd\u0131rmaqd\u0131r&#8221;.<\/p>\n<p>Nazirlik r\u0259smisi onu da bildirib ki, Ekologiya v\u0259 T\u0259bii S\u0259rv\u0259tl\u0259r Nazirliyi Bak\u0131 v\u0259 Ab\u015feron \u0259razil\u0259rind\u0259 ya\u015f\u0131ll\u0131qlar\u0131n olmad\u0131\u011f\u0131 ya\u015fay\u0131\u015f binalar\u0131n\u0131n h\u0259y\u0259tl\u0259rind\u0259 sakinl\u0259rin i\u015ftirak\u0131 il\u0259 aksiya ke\u00e7irm\u0259yi planla\u015fd\u0131r\u0131r: &#8220;A\u011fac\u0259km\u0259 aksiyalar\u0131n\u0131n ke\u00e7iril\u0259c\u0259yi \u0259razil\u0259r rayon icra hakimiyy\u0259tl\u0259ri il\u0259 birg\u0259 m\u00fc\u0259yy\u0259n edil\u0259c\u0259k&#8221;.<\/p>\n","protected":false},"excerpt":{"rendered":"<p>Ekologiya v\u0259 T\u0259bii S\u0259rv\u0259tl\u0259r Nazirliyi T\u0259hsil Nazirliyi il\u0259 birg\u0259 orta m\u0259kt\u0259b \u015fagirdl\u0259ri \u00fc\u00e7\u00fcn milli parklarda ekoloji maarifl\u0259ndirm\u0259 t\u0259dbirl\u0259ri \u00e7\u0259r\u00e7iv\u0259sind\u0259 a\u00e7\u0131q d\u0259rsl\u0259r t\u0259\u015fkil etm\u0259yi planla\u015fd\u0131r\u0131r. ARANTV.AZ\u00a0\u00a0Trend-\u0259 istinad\u0259n x\u0259b\u0259r verir ki, bunu bu g\u00fcn m\u0259tbuat konfrans\u0131nda Ekologiya v\u0259 T\u0259bii S\u0259rv\u0259tl\u0259r Nazirliyinin m\u0259tbuat xidm\u0259tinin r\u0259hb\u0259ri \u0130rad\u0259 \u0130brahimova bildirib. \u0130.\u0130brahimova deyib ki, a\u00e7\u0131q d\u0259rsl\u0259rin \u00f6lk\u0259 \u0259razisind\u0259ki b\u00fct\u00fcn milli parklarda t\u0259\u015fkili n\u0259z\u0259rd\u0259 tutulub: &#8220;\u015eagirdl\u0259r m\u0259kt\u0259bl\u0259rin\u0259 yax\u0131n olan milli parklarda a\u00e7\u0131q d\u0259rsl\u0259rd\u0259 i\u015ftirak ed\u0259 bil\u0259rl\u0259r&#8221;. M\u0259tbuat s\u00f6z\u00e7\u00fcs\u00fc qeyd edib ki, a\u00e7\u0131q d\u0259rsl\u0259rin g\u0259l\u0259n ilin yanvar ay\u0131ndan ba\u015flayaraq il \u0259rzind\u0259 m\u00fct\u0259madi t\u0259\u015fkil edilm\u0259si g\u00f6zl\u0259nilir: &#8220;Bu a\u00e7\u0131q d\u0259rsl\u0259r\u0259&hellip;<\/p>\n","protected":false},"author":2,"featured_media":114089,"comment_status":"closed","ping_status":"closed","sticky":false,"template":"","format":"standard","meta":{"om_disable_all_campaigns":false,"_monsterinsights_skip_tracking":false,"_monsterinsights_sitenote_active":false,"_monsterinsights_sitenote_note":"","_monsterinsights_sitenote_category":0},"categories":[1],"tags":[],"aioseo_notices":[],"gutentor_comment":0,"rttpg_featured_image_url":{"full":["https:\/\/arantv.az\/wp-content\/uploads\/2019\/12\/814674.jpg",800,600,false],"landscape":["https:\/\/arantv.az\/wp-content\/uploads\/2019\/12\/814674.jpg",800,600,false],"portraits":["https:\/\/arantv.az\/wp-content\/uploads\/2019\/12\/814674.jpg",800,600,false],"thumbnail":["https:\/\/arantv.az\/wp-content\/uploads\/2019\/12\/814674-150x150.jpg",150,150,true],"medium":["https:\/\/arantv.az\/wp-content\/uploads\/2019\/12\/814674-300x225.jpg",300,225,true],"large":["https:\/\/arantv.az\/wp-content\/uploads\/2019\/12\/814674.jpg",640,480,false],"1536x1536":["https:\/\/arantv.az\/wp-content\/uploads\/2019\/12\/814674.jpg",800,600,false],"2048x2048":["https:\/\/arantv.az\/wp-content\/uploads\/2019\/12\/814674.jpg",800,600,false],"post-thumbnail":["https:\/\/arantv.az\/wp-content\/uploads\/2019\/12\/814674-240x172.jpg",240,172,true],"advps-thumb-one":["https:\/\/arantv.az\/wp-content\/uploads\/2019\/12\/814674.jpg",800,600,false]},"rttpg_author":{"display_name":"V\u00fcsal Rafiqo\u011flu","author_link":"https:\/\/arantv.az\/?author=2"},"rttpg_comment":0,"rttpg_category":"<a href=\"https:\/\/arantv.az\/?cat=1\" rel=\"category\">C\u0259miyy\u0259t<\/a>","rttpg_excerpt":"Ekologiya v\u0259 T\u0259bii S\u0259rv\u0259tl\u0259r Nazirliyi T\u0259hsil Nazirliyi il\u0259 birg\u0259 orta m\u0259kt\u0259b \u015fagirdl\u0259ri \u00fc\u00e7\u00fcn milli parklarda ekoloji maarifl\u0259ndirm\u0259 t\u0259dbirl\u0259ri \u00e7\u0259r\u00e7iv\u0259sind\u0259 a\u00e7\u0131q d\u0259rsl\u0259r t\u0259\u015fkil etm\u0259yi planla\u015fd\u0131r\u0131r. ARANTV.AZ\u00a0\u00a0Trend-\u0259 istinad\u0259n x\u0259b\u0259r verir ki, bunu bu g\u00fcn m\u0259tbuat konfrans\u0131nda Ekologiya v\u0259 T\u0259bii S\u0259rv\u0259tl\u0259r Nazirliyinin m\u0259tbuat xidm\u0259tinin r\u0259hb\u0259ri \u0130rad\u0259 \u0130brahimova bildirib. \u0130.\u0130brahimova deyib ki, a\u00e7\u0131q d\u0259rsl\u0259rin \u00f6lk\u0259 \u0259razisind\u0259ki b\u00fct\u00fcn milli parklarda&hellip;","_links":{"self":[{"href":"https:\/\/arantv.az\/index.php?rest_route=\/wp\/v2\/posts\/114088"}],"collection":[{"href":"https:\/\/arantv.az\/index.php?rest_route=\/wp\/v2\/posts"}],"about":[{"href":"https:\/\/arantv.az\/index.php?rest_route=\/wp\/v2\/types\/post"}],"author":[{"embeddable":true,"href":"https:\/\/arantv.az\/index.php?rest_route=\/wp\/v2\/users\/2"}],"replies":[{"embeddable":true,"href":"https:\/\/arantv.az\/index.php?rest_route=%2Fwp%2Fv2%2Fcomments&post=114088"}],"version-history":[{"count":0,"href":"https:\/\/arantv.az\/index.php?rest_route=\/wp\/v2\/posts\/114088\/revisions"}],"wp:featuredmedia":[{"embeddable":true,"href":"https:\/\/arantv.az\/index.php?rest_route=\/wp\/v2\/media\/114089"}],"wp:attachment":[{"href":"https:\/\/arantv.az\/index.php?rest_route=%2Fwp%2Fv2%2Fmedia&parent=114088"}],"wp:term":[{"taxonomy":"category","embeddable":true,"href":"https:\/\/arantv.az\/index.php?rest_route=%2Fwp%2Fv2%2Fcategories&post=114088"},{"taxonomy":"post_tag","embeddable":true,"href":"https:\/\/arantv.az\/index.php?rest_route=%2Fwp%2Fv2%2Ftags&post=114088"}],"curies":[{"name":"wp","href":"https:\/\/api.w.org\/{rel}","templated":true}]}}