{"id":114100,"date":"2019-12-30T15:09:37","date_gmt":"2019-12-30T12:09:37","guid":{"rendered":"http:\/\/arantv.az\/?p=114100"},"modified":"2019-12-30T15:09:37","modified_gmt":"2019-12-30T12:09:37","slug":"kamera-yoldasinin-ail%c9%99sini-oldur%c9%99ni-omurluk-azadliqdan-m%c9%99hrum-etdil%c9%99r","status":"publish","type":"post","link":"https:\/\/arantv.az\/?p=114100","title":{"rendered":"Kamera yolda\u015f\u0131n\u0131n ail\u0259sini \u00f6ld\u00fcr\u0259ni \u00f6m\u00fcrl\u00fck azadl\u0131qdan m\u0259hrum etdil\u0259r"},"content":{"rendered":"<p>Rusiyada h\u0259bsxanadak\u0131 kamera yolda\u015f\u0131n\u0131n ail\u0259sini \u00f6ld\u00fcr\u0259n \u015f\u0259xs \u00f6m\u00fcrl\u00fck azadl\u0131qdan m\u0259hrum edilib.<\/p>\n<p>NTV-nin x\u0259b\u0259rin\u0259 g\u00f6r\u0259, Primorski vilay\u0259tind\u0259 \u015f\u0259rti olaraq h\u0259bsd\u0259n azad edil\u0259n \u015f\u0259xs kamera yolda\u015f\u0131n\u0131n arvad\u0131n\u0131 v\u0259 q\u0131z\u0131n\u0131 \u00f6ld\u00fcr\u00fcb.<\/p>\n<p>M\u0259lum olub ki, kamera yolda\u015f\u0131 ona arvad\u0131n\u0131n \u201cToyota Rav4\u201d markal\u0131 avtomobili oldu\u011funu deyib.<\/p>\n<p>Naxodka \u015f\u0259h\u0259rinin Vranqel mikrorayonunda yerl\u0259\u015f\u0259n ev\u0259 g\u0259l\u0259n h\u0259min \u015f\u0259xs qad\u0131ndan avtomobili onun ad\u0131na ke\u00e7irm\u0259sini t\u0259l\u0259b edib.<\/p>\n<p>S\u0259n\u0259dl\u0259r haz\u0131r olana q\u0259d\u0259r\u00a0\u0259sir saxlayandan sonra\u00a0o,\u00a0qad\u0131n\u0131 silahla, q\u0131z\u0131n\u0131 is\u0259 b\u0131\u00e7aqla \u00f6ld\u00fcr\u00fcb,\u00a0c\u0259s\u0259dl\u0259ri \u0259vv\u0259lc\u0259d\u0259n qazd\u0131\u011f\u0131 \u00e7uxura at\u0131b v\u0259 tikinti tullant\u0131lar\u0131 il\u0259 \u00f6rt\u00fcb.<\/p>\n<p>Bundan sonra h\u0259min \u015f\u0259xs qad\u0131ndan zorla ald\u0131\u011f\u0131 avtomobili ba\u015fqas\u0131 il\u0259 d\u0259yi\u015fib.<\/p>\n<p>M\u0259hk\u0259m\u0259nin q\u0259rar\u0131 il\u0259 o, \u00f6m\u00fcrl\u00fck azadl\u0131qdan m\u0259hrum edilib.<\/p>\n","protected":false},"excerpt":{"rendered":"<p>Rusiyada h\u0259bsxanadak\u0131 kamera yolda\u015f\u0131n\u0131n ail\u0259sini \u00f6ld\u00fcr\u0259n \u015f\u0259xs \u00f6m\u00fcrl\u00fck azadl\u0131qdan m\u0259hrum edilib. NTV-nin x\u0259b\u0259rin\u0259 g\u00f6r\u0259, Primorski vilay\u0259tind\u0259 \u015f\u0259rti olaraq h\u0259bsd\u0259n azad edil\u0259n \u015f\u0259xs kamera yolda\u015f\u0131n\u0131n arvad\u0131n\u0131 v\u0259 q\u0131z\u0131n\u0131 \u00f6ld\u00fcr\u00fcb. M\u0259lum olub ki, kamera yolda\u015f\u0131 ona arvad\u0131n\u0131n \u201cToyota Rav4\u201d markal\u0131 avtomobili oldu\u011funu deyib. Naxodka \u015f\u0259h\u0259rinin Vranqel mikrorayonunda yerl\u0259\u015f\u0259n ev\u0259 g\u0259l\u0259n h\u0259min \u015f\u0259xs qad\u0131ndan avtomobili onun ad\u0131na ke\u00e7irm\u0259sini t\u0259l\u0259b edib. S\u0259n\u0259dl\u0259r haz\u0131r olana q\u0259d\u0259r\u00a0\u0259sir saxlayandan sonra\u00a0o,\u00a0qad\u0131n\u0131 silahla, q\u0131z\u0131n\u0131 is\u0259 b\u0131\u00e7aqla \u00f6ld\u00fcr\u00fcb,\u00a0c\u0259s\u0259dl\u0259ri \u0259vv\u0259lc\u0259d\u0259n qazd\u0131\u011f\u0131 \u00e7uxura at\u0131b v\u0259 tikinti tullant\u0131lar\u0131 il\u0259 \u00f6rt\u00fcb. Bundan sonra h\u0259min \u015f\u0259xs qad\u0131ndan zorla ald\u0131\u011f\u0131 avtomobili ba\u015fqas\u0131 il\u0259 d\u0259yi\u015fib. M\u0259hk\u0259m\u0259nin q\u0259rar\u0131&hellip;<\/p>\n","protected":false},"author":2,"featured_media":112809,"comment_status":"closed","ping_status":"closed","sticky":false,"template":"","format":"standard","meta":{"om_disable_all_campaigns":false,"_monsterinsights_skip_tracking":false,"_monsterinsights_sitenote_active":false,"_monsterinsights_sitenote_note":"","_monsterinsights_sitenote_category":0},"categories":[7],"tags":[],"aioseo_notices":[],"gutentor_comment":0,"rttpg_featured_image_url":{"full":["https:\/\/arantv.az\/wp-content\/uploads\/2019\/12\/mehkeme-8.jpg",800,450,false],"landscape":["https:\/\/arantv.az\/wp-content\/uploads\/2019\/12\/mehkeme-8.jpg",800,450,false],"portraits":["https:\/\/arantv.az\/wp-content\/uploads\/2019\/12\/mehkeme-8.jpg",800,450,false],"thumbnail":["https:\/\/arantv.az\/wp-content\/uploads\/2019\/12\/mehkeme-8-150x150.jpg",150,150,true],"medium":["https:\/\/arantv.az\/wp-content\/uploads\/2019\/12\/mehkeme-8-300x169.jpg",300,169,true],"large":["https:\/\/arantv.az\/wp-content\/uploads\/2019\/12\/mehkeme-8.jpg",640,360,false],"1536x1536":["https:\/\/arantv.az\/wp-content\/uploads\/2019\/12\/mehkeme-8.jpg",800,450,false],"2048x2048":["https:\/\/arantv.az\/wp-content\/uploads\/2019\/12\/mehkeme-8.jpg",800,450,false],"post-thumbnail":["https:\/\/arantv.az\/wp-content\/uploads\/2019\/12\/mehkeme-8-240x172.jpg",240,172,true],"advps-thumb-one":["https:\/\/arantv.az\/wp-content\/uploads\/2019\/12\/mehkeme-8.jpg",800,450,false]},"rttpg_author":{"display_name":"V\u00fcsal Rafiqo\u011flu","author_link":"https:\/\/arantv.az\/?author=2"},"rttpg_comment":0,"rttpg_category":"<a href=\"https:\/\/arantv.az\/?cat=7\" rel=\"category\">D\u00fcnya<\/a>","rttpg_excerpt":"Rusiyada h\u0259bsxanadak\u0131 kamera yolda\u015f\u0131n\u0131n ail\u0259sini \u00f6ld\u00fcr\u0259n \u015f\u0259xs \u00f6m\u00fcrl\u00fck azadl\u0131qdan m\u0259hrum edilib. NTV-nin x\u0259b\u0259rin\u0259 g\u00f6r\u0259, Primorski vilay\u0259tind\u0259 \u015f\u0259rti olaraq h\u0259bsd\u0259n azad edil\u0259n \u015f\u0259xs kamera yolda\u015f\u0131n\u0131n arvad\u0131n\u0131 v\u0259 q\u0131z\u0131n\u0131 \u00f6ld\u00fcr\u00fcb. M\u0259lum olub ki, kamera yolda\u015f\u0131 ona arvad\u0131n\u0131n \u201cToyota Rav4\u201d markal\u0131 avtomobili oldu\u011funu deyib. Naxodka \u015f\u0259h\u0259rinin Vranqel mikrorayonunda yerl\u0259\u015f\u0259n ev\u0259 g\u0259l\u0259n h\u0259min \u015f\u0259xs qad\u0131ndan avtomobili onun ad\u0131na ke\u00e7irm\u0259sini&hellip;","_links":{"self":[{"href":"https:\/\/arantv.az\/index.php?rest_route=\/wp\/v2\/posts\/114100"}],"collection":[{"href":"https:\/\/arantv.az\/index.php?rest_route=\/wp\/v2\/posts"}],"about":[{"href":"https:\/\/arantv.az\/index.php?rest_route=\/wp\/v2\/types\/post"}],"author":[{"embeddable":true,"href":"https:\/\/arantv.az\/index.php?rest_route=\/wp\/v2\/users\/2"}],"replies":[{"embeddable":true,"href":"https:\/\/arantv.az\/index.php?rest_route=%2Fwp%2Fv2%2Fcomments&post=114100"}],"version-history":[{"count":0,"href":"https:\/\/arantv.az\/index.php?rest_route=\/wp\/v2\/posts\/114100\/revisions"}],"wp:featuredmedia":[{"embeddable":true,"href":"https:\/\/arantv.az\/index.php?rest_route=\/wp\/v2\/media\/112809"}],"wp:attachment":[{"href":"https:\/\/arantv.az\/index.php?rest_route=%2Fwp%2Fv2%2Fmedia&parent=114100"}],"wp:term":[{"taxonomy":"category","embeddable":true,"href":"https:\/\/arantv.az\/index.php?rest_route=%2Fwp%2Fv2%2Fcategories&post=114100"},{"taxonomy":"post_tag","embeddable":true,"href":"https:\/\/arantv.az\/index.php?rest_route=%2Fwp%2Fv2%2Ftags&post=114100"}],"curies":[{"name":"wp","href":"https:\/\/api.w.org\/{rel}","templated":true}]}}