{"id":114105,"date":"2019-12-30T15:12:48","date_gmt":"2019-12-30T12:12:48","guid":{"rendered":"http:\/\/arantv.az\/?p=114105"},"modified":"2019-12-30T15:12:48","modified_gmt":"2019-12-30T12:12:48","slug":"araz-%c9%99lizad%c9%99-geri-c%c9%99kildi-seckil%c9%99r%c9%99-qatilmayacagam","status":"publish","type":"post","link":"https:\/\/arantv.az\/?p=114105","title":{"rendered":"Araz \u018flizad\u0259 geri \u00e7\u0259kildi: &#8220;Se\u00e7kil\u0259r\u0259 qat\u0131lmayaca\u011fam&#8221;"},"content":{"rendered":"<p>Parlament se\u00e7kil\u0259rinin bir ne\u00e7\u0259 deputatl\u0131\u011fa iddial\u0131n\u0131n eyni dair\u0259d\u0259n namiz\u0259dliyini ir\u0259li s\u00fcrm\u0259si s\u0259b\u0259bind\u0259n g\u0259rgin v\u0259 maraql\u0131 ke\u00e7\u0259c\u0259yi m\u0259lumdur.<\/p>\n<p><strong>ARANTV.AZ<\/strong> x\u0259b\u0259r verir ki, 35 sayl\u0131 III X\u0259tai se\u00e7ki dair\u0259sind\u0259 d\u0259 bel\u0259 olaca\u011f\u0131 \u015f\u00fcbh\u0259sizdir. \u0130ndiy\u0259d\u0259k \u00dcmid Partiyas\u0131n\u0131n s\u0259dri \u0130qbal A\u011fazad\u0259 v\u0259 &#8220;Yeni M\u00fcsavat&#8221; Media Qrupunun r\u0259hb\u0259ri Rauf Arifo\u011flu bu dair\u0259d\u0259n namiz\u0259dlikl\u0259rini ir\u0259li s\u00fcr\u00fcbl\u0259r.<\/p>\n<div id=\"AdviadNativeVideo0\" class=\"AdviadNativeVideo\"><\/div>\n<p>Bundan \u0259vv\u0259lki se\u00e7kil\u0259rd\u0259 is\u0259 h\u0259min dair\u0259d\u0259n Az\u0259rbaycan Sosial Demokrat Partiyas\u0131n\u0131n s\u0259dri Araz \u018flizad\u0259 deputat mandat\u0131 qazanm\u0131\u015fd\u0131. Bir m\u00fcdd\u0259t \u0259vv\u0259l x\u0259st\u0259l\u0259ndiyind\u0259n onun yenid\u0259n namiz\u0259dliyini ir\u0259li s\u00fcr\u00fcb-s\u00fcrm\u0259y\u0259c\u0259yi m\u0259lum deyildi.<\/p>\n<p>Ke\u00e7mi\u015f deputat bununla ba\u011fl\u0131 Lent.az -a a\u00e7\u0131qlama verib.<\/p>\n<p>O, n\u00f6vb\u0259d\u0259nk\u0259nar parlament se\u00e7kil\u0259rind\u0259 i\u015ftirak etm\u0259y\u0259c\u0259yini bildirib:<\/p>\n<p>\u201cSe\u00e7kil\u0259r\u0259 qat\u0131lmayaca\u011fam, \u00e7\u00fcnki s\u0259hh\u0259timl\u0259 ba\u011fl\u0131 yaranan problem buna imkan vermir\u201d.Modern.az<\/p>\n","protected":false},"excerpt":{"rendered":"<p>Parlament se\u00e7kil\u0259rinin bir ne\u00e7\u0259 deputatl\u0131\u011fa iddial\u0131n\u0131n eyni dair\u0259d\u0259n namiz\u0259dliyini ir\u0259li s\u00fcrm\u0259si s\u0259b\u0259bind\u0259n g\u0259rgin v\u0259 maraql\u0131 ke\u00e7\u0259c\u0259yi m\u0259lumdur. ARANTV.AZ x\u0259b\u0259r verir ki, 35 sayl\u0131 III X\u0259tai se\u00e7ki dair\u0259sind\u0259 d\u0259 bel\u0259 olaca\u011f\u0131 \u015f\u00fcbh\u0259sizdir. \u0130ndiy\u0259d\u0259k \u00dcmid Partiyas\u0131n\u0131n s\u0259dri \u0130qbal A\u011fazad\u0259 v\u0259 &#8220;Yeni M\u00fcsavat&#8221; Media Qrupunun r\u0259hb\u0259ri Rauf Arifo\u011flu bu dair\u0259d\u0259n namiz\u0259dlikl\u0259rini ir\u0259li s\u00fcr\u00fcbl\u0259r. Bundan \u0259vv\u0259lki se\u00e7kil\u0259rd\u0259 is\u0259 h\u0259min dair\u0259d\u0259n Az\u0259rbaycan Sosial Demokrat Partiyas\u0131n\u0131n s\u0259dri Araz \u018flizad\u0259 deputat mandat\u0131 qazanm\u0131\u015fd\u0131. Bir m\u00fcdd\u0259t \u0259vv\u0259l x\u0259st\u0259l\u0259ndiyind\u0259n onun yenid\u0259n namiz\u0259dliyini ir\u0259li s\u00fcr\u00fcb-s\u00fcrm\u0259y\u0259c\u0259yi m\u0259lum deyildi. Ke\u00e7mi\u015f deputat bununla ba\u011fl\u0131 Lent.az -a a\u00e7\u0131qlama verib. O, n\u00f6vb\u0259d\u0259nk\u0259nar parlament se\u00e7kil\u0259rind\u0259 i\u015ftirak&hellip;<\/p>\n","protected":false},"author":2,"featured_media":114106,"comment_status":"closed","ping_status":"closed","sticky":false,"template":"","format":"standard","meta":{"om_disable_all_campaigns":false,"_monsterinsights_skip_tracking":false,"_monsterinsights_sitenote_active":false,"_monsterinsights_sitenote_note":"","_monsterinsights_sitenote_category":0},"categories":[1],"tags":[],"aioseo_notices":[],"gutentor_comment":0,"rttpg_featured_image_url":{"full":["https:\/\/arantv.az\/wp-content\/uploads\/2019\/12\/9_71577707314.jpg",540,367,false],"landscape":["https:\/\/arantv.az\/wp-content\/uploads\/2019\/12\/9_71577707314.jpg",540,367,false],"portraits":["https:\/\/arantv.az\/wp-content\/uploads\/2019\/12\/9_71577707314.jpg",540,367,false],"thumbnail":["https:\/\/arantv.az\/wp-content\/uploads\/2019\/12\/9_71577707314-150x150.jpg",150,150,true],"medium":["https:\/\/arantv.az\/wp-content\/uploads\/2019\/12\/9_71577707314-300x204.jpg",300,204,true],"large":["https:\/\/arantv.az\/wp-content\/uploads\/2019\/12\/9_71577707314.jpg",540,367,false],"1536x1536":["https:\/\/arantv.az\/wp-content\/uploads\/2019\/12\/9_71577707314.jpg",540,367,false],"2048x2048":["https:\/\/arantv.az\/wp-content\/uploads\/2019\/12\/9_71577707314.jpg",540,367,false],"post-thumbnail":["https:\/\/arantv.az\/wp-content\/uploads\/2019\/12\/9_71577707314-240x172.jpg",240,172,true],"advps-thumb-one":["https:\/\/arantv.az\/wp-content\/uploads\/2019\/12\/9_71577707314.jpg",540,367,false]},"rttpg_author":{"display_name":"V\u00fcsal Rafiqo\u011flu","author_link":"https:\/\/arantv.az\/?author=2"},"rttpg_comment":0,"rttpg_category":"<a href=\"https:\/\/arantv.az\/?cat=1\" rel=\"category\">C\u0259miyy\u0259t<\/a>","rttpg_excerpt":"Parlament se\u00e7kil\u0259rinin bir ne\u00e7\u0259 deputatl\u0131\u011fa iddial\u0131n\u0131n eyni dair\u0259d\u0259n namiz\u0259dliyini ir\u0259li s\u00fcrm\u0259si s\u0259b\u0259bind\u0259n g\u0259rgin v\u0259 maraql\u0131 ke\u00e7\u0259c\u0259yi m\u0259lumdur. ARANTV.AZ x\u0259b\u0259r verir ki, 35 sayl\u0131 III X\u0259tai se\u00e7ki dair\u0259sind\u0259 d\u0259 bel\u0259 olaca\u011f\u0131 \u015f\u00fcbh\u0259sizdir. \u0130ndiy\u0259d\u0259k \u00dcmid Partiyas\u0131n\u0131n s\u0259dri \u0130qbal A\u011fazad\u0259 v\u0259 &#8220;Yeni M\u00fcsavat&#8221; Media Qrupunun r\u0259hb\u0259ri Rauf Arifo\u011flu bu dair\u0259d\u0259n namiz\u0259dlikl\u0259rini ir\u0259li s\u00fcr\u00fcbl\u0259r. Bundan \u0259vv\u0259lki se\u00e7kil\u0259rd\u0259 is\u0259 h\u0259min&hellip;","_links":{"self":[{"href":"https:\/\/arantv.az\/index.php?rest_route=\/wp\/v2\/posts\/114105"}],"collection":[{"href":"https:\/\/arantv.az\/index.php?rest_route=\/wp\/v2\/posts"}],"about":[{"href":"https:\/\/arantv.az\/index.php?rest_route=\/wp\/v2\/types\/post"}],"author":[{"embeddable":true,"href":"https:\/\/arantv.az\/index.php?rest_route=\/wp\/v2\/users\/2"}],"replies":[{"embeddable":true,"href":"https:\/\/arantv.az\/index.php?rest_route=%2Fwp%2Fv2%2Fcomments&post=114105"}],"version-history":[{"count":0,"href":"https:\/\/arantv.az\/index.php?rest_route=\/wp\/v2\/posts\/114105\/revisions"}],"wp:featuredmedia":[{"embeddable":true,"href":"https:\/\/arantv.az\/index.php?rest_route=\/wp\/v2\/media\/114106"}],"wp:attachment":[{"href":"https:\/\/arantv.az\/index.php?rest_route=%2Fwp%2Fv2%2Fmedia&parent=114105"}],"wp:term":[{"taxonomy":"category","embeddable":true,"href":"https:\/\/arantv.az\/index.php?rest_route=%2Fwp%2Fv2%2Fcategories&post=114105"},{"taxonomy":"post_tag","embeddable":true,"href":"https:\/\/arantv.az\/index.php?rest_route=%2Fwp%2Fv2%2Ftags&post=114105"}],"curies":[{"name":"wp","href":"https:\/\/api.w.org\/{rel}","templated":true}]}}