{"id":114109,"date":"2019-12-30T15:13:52","date_gmt":"2019-12-30T12:13:52","guid":{"rendered":"http:\/\/arantv.az\/?p=114109"},"modified":"2019-12-30T15:13:52","modified_gmt":"2019-12-30T12:13:52","slug":"az%c9%99rbaycanda-ail%c9%99li-qadin-sosial-s%c9%99b%c9%99k%c9%99d%c9%99-santaj-olundu-t%c9%99f%c9%99rruat","status":"publish","type":"post","link":"https:\/\/arantv.az\/?p=114109","title":{"rendered":"Az\u0259rbaycanda ail\u0259li qad\u0131n sosial \u015f\u0259b\u0259k\u0259d\u0259 \u015fantaj olundu &#8211; T\u018fF\u018fRR\u00dcAT"},"content":{"rendered":"<p>Az\u0259rbaycanda qad\u0131n\u0131 \u015fantaj etm\u0259kd\u0259 t\u0259qsirli bilin\u0259n Goranboy rayon sakini Emin Quliyevin cinay\u0259t i\u015fi \u00fczr\u0259 ibtidai istintaq ba\u015fa \u00e7at\u0131b.<\/p>\n<p><strong>ARANTV.AZ<\/strong>\u00a0 x\u0259b\u0259r verir ki, cinay\u0259t i\u015fi bax\u0131lmas\u0131 \u00fc\u00e7\u00fcn Bak\u0131 A\u011f\u0131r Cinay\u0259tl\u0259r M\u0259hk\u0259m\u0259sin\u0259 g\u00f6nd\u0259rilib.<\/p>\n<div id=\"AdviadNativeVideo0\" class=\"AdviadNativeVideo\"><\/div>\n<p>\u0130\u015f ara\u015fd\u0131r\u0131lmas\u0131 \u00fc\u00e7\u00fcn hakim Fikr\u0259t Q\u0259ribovun icraat\u0131na verilib. Yax\u0131n g\u00fcnl\u0259rd\u0259 bu i\u015f \u00fczr\u0259 m\u0259hk\u0259m\u0259 ba\u015flanacaq.<\/p>\n<p>M\u0259lum olub ki, Emin Quliyev ail\u0259li olan Jal\u0259 M\u0259mm\u0259dovan\u0131 bir ne\u00e7\u0259 d\u0259f\u0259 \u015fantaj edib. Ona zor t\u0259tbiq etm\u0259kl\u0259, ail\u0259sini da\u011f\u0131dasca\u011f\u0131 il\u0259 d\u0259 h\u0259d\u0259-qorxu g\u0259lib. Sonuncu d\u0259f\u0259 o, h\u0259min profilin silinm\u0259si \u00fc\u00e7\u00fcn Jal\u0259 M\u0259mm\u0259dovadan 100 manat t\u0259l\u0259b edib. D\u0259f\u0259l\u0259rl\u0259 \u015fantaj olunan Jal\u0259 M\u0259mm\u0259dova h\u00fcquq-m\u00fchafiz\u0259 orqanlar\u0131na m\u00fcraci\u0259t edib.<\/p>\n<p>H\u0259d\u0259-qorxu il\u0259 t\u0259l\u0259b etm\u0259kd\u0259 \u015f\u00fcbh\u0259li bilin\u0259n Goranboy rayon sakini Emin Quliyev q\u0131sa m\u00fcdd\u0259td\u0259 m\u00fc\u0259yy\u0259n edil\u0259r\u0259k saxlan\u0131l\u0131b.<\/p>\n<p>\u0130stintaq orqan\u0131 t\u0259r\u0259find\u0259n Emin Quliyevin bar\u0259sind\u0259 Cinay\u0259t M\u0259c\u0259ll\u0259sinin 182.2.3-c\u00fc (h\u0259d\u0259-qorxu yolu il\u0259 t\u0259l\u0259b etm\u0259, zor t\u0259tbiq etm\u0259 il\u0259 t\u00f6r\u0259dildikd\u0259) madd\u0259si il\u0259 ittiham elan edilib.Teleqraf.com<\/p>\n","protected":false},"excerpt":{"rendered":"<p>Az\u0259rbaycanda qad\u0131n\u0131 \u015fantaj etm\u0259kd\u0259 t\u0259qsirli bilin\u0259n Goranboy rayon sakini Emin Quliyevin cinay\u0259t i\u015fi \u00fczr\u0259 ibtidai istintaq ba\u015fa \u00e7at\u0131b. ARANTV.AZ\u00a0 x\u0259b\u0259r verir ki, cinay\u0259t i\u015fi bax\u0131lmas\u0131 \u00fc\u00e7\u00fcn Bak\u0131 A\u011f\u0131r Cinay\u0259tl\u0259r M\u0259hk\u0259m\u0259sin\u0259 g\u00f6nd\u0259rilib. \u0130\u015f ara\u015fd\u0131r\u0131lmas\u0131 \u00fc\u00e7\u00fcn hakim Fikr\u0259t Q\u0259ribovun icraat\u0131na verilib. Yax\u0131n g\u00fcnl\u0259rd\u0259 bu i\u015f \u00fczr\u0259 m\u0259hk\u0259m\u0259 ba\u015flanacaq. M\u0259lum olub ki, Emin Quliyev ail\u0259li olan Jal\u0259 M\u0259mm\u0259dovan\u0131 bir ne\u00e7\u0259 d\u0259f\u0259 \u015fantaj edib. Ona zor t\u0259tbiq etm\u0259kl\u0259, ail\u0259sini da\u011f\u0131dasca\u011f\u0131 il\u0259 d\u0259 h\u0259d\u0259-qorxu g\u0259lib. Sonuncu d\u0259f\u0259 o, h\u0259min profilin silinm\u0259si \u00fc\u00e7\u00fcn Jal\u0259 M\u0259mm\u0259dovadan 100 manat t\u0259l\u0259b edib. D\u0259f\u0259l\u0259rl\u0259 \u015fantaj olunan Jal\u0259 M\u0259mm\u0259dova h\u00fcquq-m\u00fchafiz\u0259 orqanlar\u0131na&hellip;<\/p>\n","protected":false},"author":2,"featured_media":114110,"comment_status":"closed","ping_status":"closed","sticky":false,"template":"","format":"standard","meta":{"om_disable_all_campaigns":false,"_monsterinsights_skip_tracking":false,"_monsterinsights_sitenote_active":false,"_monsterinsights_sitenote_note":"","_monsterinsights_sitenote_category":0},"categories":[5],"tags":[],"aioseo_notices":[],"gutentor_comment":0,"rttpg_featured_image_url":{"full":["https:\/\/arantv.az\/wp-content\/uploads\/2019\/12\/1577706694_1577705069_santaj-1.jpg",549,308,false],"landscape":["https:\/\/arantv.az\/wp-content\/uploads\/2019\/12\/1577706694_1577705069_santaj-1.jpg",549,308,false],"portraits":["https:\/\/arantv.az\/wp-content\/uploads\/2019\/12\/1577706694_1577705069_santaj-1.jpg",549,308,false],"thumbnail":["https:\/\/arantv.az\/wp-content\/uploads\/2019\/12\/1577706694_1577705069_santaj-1-150x150.jpg",150,150,true],"medium":["https:\/\/arantv.az\/wp-content\/uploads\/2019\/12\/1577706694_1577705069_santaj-1-300x168.jpg",300,168,true],"large":["https:\/\/arantv.az\/wp-content\/uploads\/2019\/12\/1577706694_1577705069_santaj-1.jpg",549,308,false],"1536x1536":["https:\/\/arantv.az\/wp-content\/uploads\/2019\/12\/1577706694_1577705069_santaj-1.jpg",549,308,false],"2048x2048":["https:\/\/arantv.az\/wp-content\/uploads\/2019\/12\/1577706694_1577705069_santaj-1.jpg",549,308,false],"post-thumbnail":["https:\/\/arantv.az\/wp-content\/uploads\/2019\/12\/1577706694_1577705069_santaj-1-240x172.jpg",240,172,true],"advps-thumb-one":["https:\/\/arantv.az\/wp-content\/uploads\/2019\/12\/1577706694_1577705069_santaj-1.jpg",549,308,false]},"rttpg_author":{"display_name":"V\u00fcsal Rafiqo\u011flu","author_link":"https:\/\/arantv.az\/?author=2"},"rttpg_comment":0,"rttpg_category":"<a href=\"https:\/\/arantv.az\/?cat=5\" rel=\"category\">Hadis\u0259<\/a>","rttpg_excerpt":"Az\u0259rbaycanda qad\u0131n\u0131 \u015fantaj etm\u0259kd\u0259 t\u0259qsirli bilin\u0259n Goranboy rayon sakini Emin Quliyevin cinay\u0259t i\u015fi \u00fczr\u0259 ibtidai istintaq ba\u015fa \u00e7at\u0131b. ARANTV.AZ\u00a0 x\u0259b\u0259r verir ki, cinay\u0259t i\u015fi bax\u0131lmas\u0131 \u00fc\u00e7\u00fcn Bak\u0131 A\u011f\u0131r Cinay\u0259tl\u0259r M\u0259hk\u0259m\u0259sin\u0259 g\u00f6nd\u0259rilib. \u0130\u015f ara\u015fd\u0131r\u0131lmas\u0131 \u00fc\u00e7\u00fcn hakim Fikr\u0259t Q\u0259ribovun icraat\u0131na verilib. Yax\u0131n g\u00fcnl\u0259rd\u0259 bu i\u015f \u00fczr\u0259 m\u0259hk\u0259m\u0259 ba\u015flanacaq. M\u0259lum olub ki, Emin Quliyev ail\u0259li olan Jal\u0259 M\u0259mm\u0259dovan\u0131&hellip;","_links":{"self":[{"href":"https:\/\/arantv.az\/index.php?rest_route=\/wp\/v2\/posts\/114109"}],"collection":[{"href":"https:\/\/arantv.az\/index.php?rest_route=\/wp\/v2\/posts"}],"about":[{"href":"https:\/\/arantv.az\/index.php?rest_route=\/wp\/v2\/types\/post"}],"author":[{"embeddable":true,"href":"https:\/\/arantv.az\/index.php?rest_route=\/wp\/v2\/users\/2"}],"replies":[{"embeddable":true,"href":"https:\/\/arantv.az\/index.php?rest_route=%2Fwp%2Fv2%2Fcomments&post=114109"}],"version-history":[{"count":0,"href":"https:\/\/arantv.az\/index.php?rest_route=\/wp\/v2\/posts\/114109\/revisions"}],"wp:featuredmedia":[{"embeddable":true,"href":"https:\/\/arantv.az\/index.php?rest_route=\/wp\/v2\/media\/114110"}],"wp:attachment":[{"href":"https:\/\/arantv.az\/index.php?rest_route=%2Fwp%2Fv2%2Fmedia&parent=114109"}],"wp:term":[{"taxonomy":"category","embeddable":true,"href":"https:\/\/arantv.az\/index.php?rest_route=%2Fwp%2Fv2%2Fcategories&post=114109"},{"taxonomy":"post_tag","embeddable":true,"href":"https:\/\/arantv.az\/index.php?rest_route=%2Fwp%2Fv2%2Ftags&post=114109"}],"curies":[{"name":"wp","href":"https:\/\/api.w.org\/{rel}","templated":true}]}}