{"id":114113,"date":"2019-12-30T15:18:43","date_gmt":"2019-12-30T12:18:43","guid":{"rendered":"http:\/\/arantv.az\/?p=114113"},"modified":"2019-12-30T15:18:43","modified_gmt":"2019-12-30T12:18:43","slug":"prezident-bu-nazirliy%c9%99-bes-milyon-manat-ayirdi","status":"publish","type":"post","link":"https:\/\/arantv.az\/?p=114113","title":{"rendered":"Prezident bu nazirliy\u0259 be\u015f milyon manat ay\u0131rd\u0131"},"content":{"rendered":"<p>Az\u0259rbaycan Respublikas\u0131 Prezidenti \u0130lham \u018fliyev A\u011fstafa rayonunda Dilbaz At\u00e7\u0131l\u0131q t\u0259s\u0259rr\u00fcfat\u0131 \u00fc\u00e7\u00fcn yeni kompleksin tikintisi il\u0259 ba\u011fl\u0131 t\u0259dbirl\u0259r haqq\u0131nda s\u0259r\u0259ncam imzalay\u0131b.<\/p>\n<p>Bununla ba\u011fl\u0131\u00a0<a href=\"https:\/\/azertag.az\/xeber\/Agstafa_rayonunda_Dilbaz_Atchiliq_teserrufati_uchun_yeni_kompleksin_tikintisi_ile_bagli_tedbirler_haqqinda_Azerbaycan_Respublikasi_Prezidentinin_Serencami-1379539\" target=\"_blank\" rel=\"noopener\">AZ\u018fRTAC<\/a>\u00a0m\u0259lumat yay\u0131b.<\/p>\n<p>S\u0259r\u0259ncama \u0259sas\u0259n, A\u011fstafa rayonunda Dilbaz At\u00e7\u0131l\u0131q t\u0259s\u0259rr\u00fcfat\u0131 \u00fc\u00e7\u00fcn yeni kompleksin tikintisi m\u0259qs\u0259dil\u0259 Az\u0259rbaycan Respublikas\u0131 Prezidentinin 2019-cu il 15 yanvar tarixli 890 n\u00f6mr\u0259li S\u0259r\u0259ncam\u0131 il\u0259 t\u0259sdiq edilmi\u015f \u201cAz\u0259rbaycan Respublikas\u0131n\u0131n 2019-cu il d\u00f6vl\u0259t b\u00fcdc\u0259sind\u0259 dig\u0259r layih\u0259l\u0259r \u00fczr\u0259 d\u00f6vl\u0259t \u0259sasl\u0131 v\u0259sait qoyulu\u015fu (investisiya x\u0259rcl\u0259ri) \u00fc\u00e7\u00fcn n\u0259z\u0259rd\u0259 tutulan v\u0259saitin b\u00f6lg\u00fcs\u00fc\u201dn\u00fcn 1.12.23-c\u00fc yar\u0131mb\u0259ndind\u0259 g\u00f6st\u0259rilmi\u015f m\u0259bl\u0259\u011fin be\u015f milyon otuz min manat\u0131 Az\u0259rbaycan Respublikas\u0131n\u0131n K\u0259nd T\u0259s\u0259rr\u00fcfat\u0131 Nazirliyin\u0259 ayr\u0131l\u0131b.<\/p>\n","protected":false},"excerpt":{"rendered":"<p>Az\u0259rbaycan Respublikas\u0131 Prezidenti \u0130lham \u018fliyev A\u011fstafa rayonunda Dilbaz At\u00e7\u0131l\u0131q t\u0259s\u0259rr\u00fcfat\u0131 \u00fc\u00e7\u00fcn yeni kompleksin tikintisi il\u0259 ba\u011fl\u0131 t\u0259dbirl\u0259r haqq\u0131nda s\u0259r\u0259ncam imzalay\u0131b. Bununla ba\u011fl\u0131\u00a0AZ\u018fRTAC\u00a0m\u0259lumat yay\u0131b. S\u0259r\u0259ncama \u0259sas\u0259n, A\u011fstafa rayonunda Dilbaz At\u00e7\u0131l\u0131q t\u0259s\u0259rr\u00fcfat\u0131 \u00fc\u00e7\u00fcn yeni kompleksin tikintisi m\u0259qs\u0259dil\u0259 Az\u0259rbaycan Respublikas\u0131 Prezidentinin 2019-cu il 15 yanvar tarixli 890 n\u00f6mr\u0259li S\u0259r\u0259ncam\u0131 il\u0259 t\u0259sdiq edilmi\u015f \u201cAz\u0259rbaycan Respublikas\u0131n\u0131n 2019-cu il d\u00f6vl\u0259t b\u00fcdc\u0259sind\u0259 dig\u0259r layih\u0259l\u0259r \u00fczr\u0259 d\u00f6vl\u0259t \u0259sasl\u0131 v\u0259sait qoyulu\u015fu (investisiya x\u0259rcl\u0259ri) \u00fc\u00e7\u00fcn n\u0259z\u0259rd\u0259 tutulan v\u0259saitin b\u00f6lg\u00fcs\u00fc\u201dn\u00fcn 1.12.23-c\u00fc yar\u0131mb\u0259ndind\u0259 g\u00f6st\u0259rilmi\u015f m\u0259bl\u0259\u011fin be\u015f milyon otuz min manat\u0131 Az\u0259rbaycan Respublikas\u0131n\u0131n K\u0259nd T\u0259s\u0259rr\u00fcfat\u0131 Nazirliyin\u0259 ayr\u0131l\u0131b.<\/p>\n","protected":false},"author":2,"featured_media":114114,"comment_status":"closed","ping_status":"closed","sticky":false,"template":"","format":"standard","meta":{"om_disable_all_campaigns":false,"_monsterinsights_skip_tracking":false,"_monsterinsights_sitenote_active":false,"_monsterinsights_sitenote_note":"","_monsterinsights_sitenote_category":0},"categories":[4],"tags":[],"aioseo_notices":[],"gutentor_comment":0,"rttpg_featured_image_url":{"full":["https:\/\/arantv.az\/wp-content\/uploads\/2019\/12\/mFRJse4KtkpO6y3i593BQcKGWfiFmVWIn07k6dmw-1.jpg",620,419,false],"landscape":["https:\/\/arantv.az\/wp-content\/uploads\/2019\/12\/mFRJse4KtkpO6y3i593BQcKGWfiFmVWIn07k6dmw-1.jpg",620,419,false],"portraits":["https:\/\/arantv.az\/wp-content\/uploads\/2019\/12\/mFRJse4KtkpO6y3i593BQcKGWfiFmVWIn07k6dmw-1.jpg",620,419,false],"thumbnail":["https:\/\/arantv.az\/wp-content\/uploads\/2019\/12\/mFRJse4KtkpO6y3i593BQcKGWfiFmVWIn07k6dmw-1-150x150.jpg",150,150,true],"medium":["https:\/\/arantv.az\/wp-content\/uploads\/2019\/12\/mFRJse4KtkpO6y3i593BQcKGWfiFmVWIn07k6dmw-1-300x203.jpg",300,203,true],"large":["https:\/\/arantv.az\/wp-content\/uploads\/2019\/12\/mFRJse4KtkpO6y3i593BQcKGWfiFmVWIn07k6dmw-1.jpg",620,419,false],"1536x1536":["https:\/\/arantv.az\/wp-content\/uploads\/2019\/12\/mFRJse4KtkpO6y3i593BQcKGWfiFmVWIn07k6dmw-1.jpg",620,419,false],"2048x2048":["https:\/\/arantv.az\/wp-content\/uploads\/2019\/12\/mFRJse4KtkpO6y3i593BQcKGWfiFmVWIn07k6dmw-1.jpg",620,419,false],"post-thumbnail":["https:\/\/arantv.az\/wp-content\/uploads\/2019\/12\/mFRJse4KtkpO6y3i593BQcKGWfiFmVWIn07k6dmw-1-240x172.jpg",240,172,true],"advps-thumb-one":["https:\/\/arantv.az\/wp-content\/uploads\/2019\/12\/mFRJse4KtkpO6y3i593BQcKGWfiFmVWIn07k6dmw-1.jpg",620,419,false]},"rttpg_author":{"display_name":"V\u00fcsal Rafiqo\u011flu","author_link":"https:\/\/arantv.az\/?author=2"},"rttpg_comment":0,"rttpg_category":"<a href=\"https:\/\/arantv.az\/?cat=4\" rel=\"category\">Siyas\u0259t<\/a>","rttpg_excerpt":"Az\u0259rbaycan Respublikas\u0131 Prezidenti \u0130lham \u018fliyev A\u011fstafa rayonunda Dilbaz At\u00e7\u0131l\u0131q t\u0259s\u0259rr\u00fcfat\u0131 \u00fc\u00e7\u00fcn yeni kompleksin tikintisi il\u0259 ba\u011fl\u0131 t\u0259dbirl\u0259r haqq\u0131nda s\u0259r\u0259ncam imzalay\u0131b. Bununla ba\u011fl\u0131\u00a0AZ\u018fRTAC\u00a0m\u0259lumat yay\u0131b. S\u0259r\u0259ncama \u0259sas\u0259n, A\u011fstafa rayonunda Dilbaz At\u00e7\u0131l\u0131q t\u0259s\u0259rr\u00fcfat\u0131 \u00fc\u00e7\u00fcn yeni kompleksin tikintisi m\u0259qs\u0259dil\u0259 Az\u0259rbaycan Respublikas\u0131 Prezidentinin 2019-cu il 15 yanvar tarixli 890 n\u00f6mr\u0259li S\u0259r\u0259ncam\u0131 il\u0259 t\u0259sdiq edilmi\u015f \u201cAz\u0259rbaycan Respublikas\u0131n\u0131n 2019-cu il d\u00f6vl\u0259t b\u00fcdc\u0259sind\u0259&hellip;","_links":{"self":[{"href":"https:\/\/arantv.az\/index.php?rest_route=\/wp\/v2\/posts\/114113"}],"collection":[{"href":"https:\/\/arantv.az\/index.php?rest_route=\/wp\/v2\/posts"}],"about":[{"href":"https:\/\/arantv.az\/index.php?rest_route=\/wp\/v2\/types\/post"}],"author":[{"embeddable":true,"href":"https:\/\/arantv.az\/index.php?rest_route=\/wp\/v2\/users\/2"}],"replies":[{"embeddable":true,"href":"https:\/\/arantv.az\/index.php?rest_route=%2Fwp%2Fv2%2Fcomments&post=114113"}],"version-history":[{"count":0,"href":"https:\/\/arantv.az\/index.php?rest_route=\/wp\/v2\/posts\/114113\/revisions"}],"wp:featuredmedia":[{"embeddable":true,"href":"https:\/\/arantv.az\/index.php?rest_route=\/wp\/v2\/media\/114114"}],"wp:attachment":[{"href":"https:\/\/arantv.az\/index.php?rest_route=%2Fwp%2Fv2%2Fmedia&parent=114113"}],"wp:term":[{"taxonomy":"category","embeddable":true,"href":"https:\/\/arantv.az\/index.php?rest_route=%2Fwp%2Fv2%2Fcategories&post=114113"},{"taxonomy":"post_tag","embeddable":true,"href":"https:\/\/arantv.az\/index.php?rest_route=%2Fwp%2Fv2%2Ftags&post=114113"}],"curies":[{"name":"wp","href":"https:\/\/api.w.org\/{rel}","templated":true}]}}