{"id":114121,"date":"2019-12-30T15:21:10","date_gmt":"2019-12-30T12:21:10","guid":{"rendered":"http:\/\/arantv.az\/?p=114121"},"modified":"2019-12-30T15:21:10","modified_gmt":"2019-12-30T12:21:10","slug":"az%c9%99rbaycanda-evd%c9%99n-meyit-tapildi","status":"publish","type":"post","link":"https:\/\/arantv.az\/?p=114121","title":{"rendered":"Az\u0259rbaycanda evd\u0259n meyit tap\u0131ld\u0131"},"content":{"rendered":"<p>F\u00f6vq\u0259lad\u0259 Hallar Nazirliyinin (FHN) B\u00f6hran V\u0259ziyy\u0259tl\u0259rind\u0259 \u0130dar\u0259etm\u0259 M\u0259rk\u0259zin\u0259 daxil olan m\u0259lumata \u0259sas\u0259n, Yevlax \u015f\u0259h\u0259rind\u0259 1 n\u0259f\u0259r ba\u011fl\u0131 qap\u0131 arxas\u0131nda k\u00f6m\u0259ksiz v\u0259ziyy\u0259td\u0259 qal\u0131b.<\/p>\n<p>FHN-d\u0259n\u00a0Sonxeber.az-a bildirilib ki, hadis\u0259 yerin\u0259 c\u0259lb olunan Aran Regional M\u0259rk\u0259zinin xilasetm\u0259 q\u00fcvv\u0259l\u0259ri m\u0259nzilin giri\u015f qap\u0131s\u0131n\u0131 a\u00e7\u0131b v\u0259 orada a\u015fkarlanan 1955-ci il t\u0259v\u0259ll\u00fcdl\u00fc Muxtarov Nizami \u0130brahim o\u011flunun meyitini aidiyy\u0259ti \u00fczr\u0259 t\u0259hvil veribl\u0259r.<\/p>\n","protected":false},"excerpt":{"rendered":"<p>F\u00f6vq\u0259lad\u0259 Hallar Nazirliyinin (FHN) B\u00f6hran V\u0259ziyy\u0259tl\u0259rind\u0259 \u0130dar\u0259etm\u0259 M\u0259rk\u0259zin\u0259 daxil olan m\u0259lumata \u0259sas\u0259n, Yevlax \u015f\u0259h\u0259rind\u0259 1 n\u0259f\u0259r ba\u011fl\u0131 qap\u0131 arxas\u0131nda k\u00f6m\u0259ksiz v\u0259ziyy\u0259td\u0259 qal\u0131b. FHN-d\u0259n\u00a0Sonxeber.az-a bildirilib ki, hadis\u0259 yerin\u0259 c\u0259lb olunan Aran Regional M\u0259rk\u0259zinin xilasetm\u0259 q\u00fcvv\u0259l\u0259ri m\u0259nzilin giri\u015f qap\u0131s\u0131n\u0131 a\u00e7\u0131b v\u0259 orada a\u015fkarlanan 1955-ci il t\u0259v\u0259ll\u00fcdl\u00fc Muxtarov Nizami \u0130brahim o\u011flunun meyitini aidiyy\u0259ti \u00fczr\u0259 t\u0259hvil veribl\u0259r.<\/p>\n","protected":false},"author":2,"featured_media":114122,"comment_status":"closed","ping_status":"closed","sticky":false,"template":"","format":"standard","meta":{"om_disable_all_campaigns":false,"_monsterinsights_skip_tracking":false,"_monsterinsights_sitenote_active":false,"_monsterinsights_sitenote_note":"","_monsterinsights_sitenote_category":0},"categories":[5],"tags":[],"aioseo_notices":[],"gutentor_comment":0,"rttpg_featured_image_url":{"full":["https:\/\/arantv.az\/wp-content\/uploads\/2019\/12\/blok_021015.jpg",550,365,false],"landscape":["https:\/\/arantv.az\/wp-content\/uploads\/2019\/12\/blok_021015.jpg",550,365,false],"portraits":["https:\/\/arantv.az\/wp-content\/uploads\/2019\/12\/blok_021015.jpg",550,365,false],"thumbnail":["https:\/\/arantv.az\/wp-content\/uploads\/2019\/12\/blok_021015-150x150.jpg",150,150,true],"medium":["https:\/\/arantv.az\/wp-content\/uploads\/2019\/12\/blok_021015-300x199.jpg",300,199,true],"large":["https:\/\/arantv.az\/wp-content\/uploads\/2019\/12\/blok_021015.jpg",550,365,false],"1536x1536":["https:\/\/arantv.az\/wp-content\/uploads\/2019\/12\/blok_021015.jpg",550,365,false],"2048x2048":["https:\/\/arantv.az\/wp-content\/uploads\/2019\/12\/blok_021015.jpg",550,365,false],"post-thumbnail":["https:\/\/arantv.az\/wp-content\/uploads\/2019\/12\/blok_021015-240x172.jpg",240,172,true],"advps-thumb-one":["https:\/\/arantv.az\/wp-content\/uploads\/2019\/12\/blok_021015.jpg",550,365,false]},"rttpg_author":{"display_name":"V\u00fcsal Rafiqo\u011flu","author_link":"https:\/\/arantv.az\/?author=2"},"rttpg_comment":0,"rttpg_category":"<a href=\"https:\/\/arantv.az\/?cat=5\" rel=\"category\">Hadis\u0259<\/a>","rttpg_excerpt":"F\u00f6vq\u0259lad\u0259 Hallar Nazirliyinin (FHN) B\u00f6hran V\u0259ziyy\u0259tl\u0259rind\u0259 \u0130dar\u0259etm\u0259 M\u0259rk\u0259zin\u0259 daxil olan m\u0259lumata \u0259sas\u0259n, Yevlax \u015f\u0259h\u0259rind\u0259 1 n\u0259f\u0259r ba\u011fl\u0131 qap\u0131 arxas\u0131nda k\u00f6m\u0259ksiz v\u0259ziyy\u0259td\u0259 qal\u0131b. FHN-d\u0259n\u00a0Sonxeber.az-a bildirilib ki, hadis\u0259 yerin\u0259 c\u0259lb olunan Aran Regional M\u0259rk\u0259zinin xilasetm\u0259 q\u00fcvv\u0259l\u0259ri m\u0259nzilin giri\u015f qap\u0131s\u0131n\u0131 a\u00e7\u0131b v\u0259 orada a\u015fkarlanan 1955-ci il t\u0259v\u0259ll\u00fcdl\u00fc Muxtarov Nizami \u0130brahim o\u011flunun meyitini aidiyy\u0259ti \u00fczr\u0259 t\u0259hvil veribl\u0259r.","_links":{"self":[{"href":"https:\/\/arantv.az\/index.php?rest_route=\/wp\/v2\/posts\/114121"}],"collection":[{"href":"https:\/\/arantv.az\/index.php?rest_route=\/wp\/v2\/posts"}],"about":[{"href":"https:\/\/arantv.az\/index.php?rest_route=\/wp\/v2\/types\/post"}],"author":[{"embeddable":true,"href":"https:\/\/arantv.az\/index.php?rest_route=\/wp\/v2\/users\/2"}],"replies":[{"embeddable":true,"href":"https:\/\/arantv.az\/index.php?rest_route=%2Fwp%2Fv2%2Fcomments&post=114121"}],"version-history":[{"count":0,"href":"https:\/\/arantv.az\/index.php?rest_route=\/wp\/v2\/posts\/114121\/revisions"}],"wp:featuredmedia":[{"embeddable":true,"href":"https:\/\/arantv.az\/index.php?rest_route=\/wp\/v2\/media\/114122"}],"wp:attachment":[{"href":"https:\/\/arantv.az\/index.php?rest_route=%2Fwp%2Fv2%2Fmedia&parent=114121"}],"wp:term":[{"taxonomy":"category","embeddable":true,"href":"https:\/\/arantv.az\/index.php?rest_route=%2Fwp%2Fv2%2Fcategories&post=114121"},{"taxonomy":"post_tag","embeddable":true,"href":"https:\/\/arantv.az\/index.php?rest_route=%2Fwp%2Fv2%2Ftags&post=114121"}],"curies":[{"name":"wp","href":"https:\/\/api.w.org\/{rel}","templated":true}]}}