{"id":114137,"date":"2019-12-30T15:36:03","date_gmt":"2019-12-30T12:36:03","guid":{"rendered":"http:\/\/arantv.az\/?p=114137"},"modified":"2019-12-30T15:36:03","modified_gmt":"2019-12-30T12:36:03","slug":"az%c9%99rbaycanda-iki-yeni-radioyayim-tezliyi-ayrildi","status":"publish","type":"post","link":"https:\/\/arantv.az\/?p=114137","title":{"rendered":"Az\u0259rbaycanda iki yeni radioyay\u0131m tezliyi ayr\u0131ld\u0131"},"content":{"rendered":"<p>2019-cu ild\u0259 Az\u0259rbaycan Respublikas\u0131 \u0259razisind\u0259 FM radioyay\u0131m\u0131n\u0131n \u0259hat\u0259 dair\u0259sinin geni\u015fl\u0259ndirilm\u0259si m\u0259qs\u0259dil\u0259 88 &#8211; 108 MHz diapazonundan istifad\u0259y\u0259 yararl\u0131 bo\u015f olan yeni tezlikl\u0259r ayr\u0131l\u0131b.<\/p>\n<p><b>ARANTV.AZ\u00a0<\/b>x\u0259b\u0259r verir ki, bu bar\u0259d\u0259 Milli Televiziya v\u0259 Radio \u015euras\u0131n\u0131n (MTR\u015e) 2019-ci il \u00fczr\u0259 hesabat\u0131nda qeyd olunub.<\/p>\n<div id=\"AdviadNativeVideo0\" class=\"AdviadNativeVideo\"><\/div>\n<p>Bel\u0259 ki, hesabata \u0259sas\u0259n, 100,5 FM-in Poylu Radio-televiziya yay\u0131m stansiyas\u0131ndan (A\u011fstafa rayonu) yay\u0131m\u0131 \u00fc\u00e7\u00fcn 94,1 MHz, 100,5 FM v\u0259 X\u0259z\u0259r FM-in T\u0259p\u0259c\u0259nn\u0259t RTYS-d\u0259n (\u015e\u0259ki rayonu) yay\u0131m\u0131 \u00fc\u00e7\u00fcn uy\u011fun olaraq 92,2 MHz v\u0259 96,3 MHz, ASAN Radionun xidm\u0259t zonas\u0131n\u0131n geni\u015fl\u0259ndirilm\u0259si \u00fc\u00e7\u00fcn Poylu RTYS-d\u0259n onun yay\u0131m\u0131n\u0131n h\u0259yata ke\u00e7irilm\u0259si \u00fc\u00e7\u00fcn 100,0 MHz, G\u00fcl\u00fcstan RTYS-d\u0259n (A\u011fsu rayonu) v\u0259 Dana\u00e7\u0131 RTYS-d\u0259n (Zaqatala rayonu) onun yay\u0131mlar\u0131 \u00fc\u00e7\u00fcn 95,6 MHz, \u015eamax\u0131 Radio-televiziya stansiyas\u0131ndan yay\u0131m\u0131 \u00fc\u00e7\u00fcn 96,5 MHz, \u0130ctimai Radio proqram\u0131n\u0131n Bak\u0131 teleq\u00fcll\u0259sind\u0259n yay\u0131m\u0131 \u00fc\u00e7\u00fcn \u0259lav\u0259 olaraq 94,5 MHz i\u015f\u00e7i tezlikl\u0259ri ayr\u0131l\u0131b.Oxu.Az<\/p>\n","protected":false},"excerpt":{"rendered":"<p>2019-cu ild\u0259 Az\u0259rbaycan Respublikas\u0131 \u0259razisind\u0259 FM radioyay\u0131m\u0131n\u0131n \u0259hat\u0259 dair\u0259sinin geni\u015fl\u0259ndirilm\u0259si m\u0259qs\u0259dil\u0259 88 &#8211; 108 MHz diapazonundan istifad\u0259y\u0259 yararl\u0131 bo\u015f olan yeni tezlikl\u0259r ayr\u0131l\u0131b. ARANTV.AZ\u00a0x\u0259b\u0259r verir ki, bu bar\u0259d\u0259 Milli Televiziya v\u0259 Radio \u015euras\u0131n\u0131n (MTR\u015e) 2019-ci il \u00fczr\u0259 hesabat\u0131nda qeyd olunub. Bel\u0259 ki, hesabata \u0259sas\u0259n, 100,5 FM-in Poylu Radio-televiziya yay\u0131m stansiyas\u0131ndan (A\u011fstafa rayonu) yay\u0131m\u0131 \u00fc\u00e7\u00fcn 94,1 MHz, 100,5 FM v\u0259 X\u0259z\u0259r FM-in T\u0259p\u0259c\u0259nn\u0259t RTYS-d\u0259n (\u015e\u0259ki rayonu) yay\u0131m\u0131 \u00fc\u00e7\u00fcn uy\u011fun olaraq 92,2 MHz v\u0259 96,3 MHz, ASAN Radionun xidm\u0259t zonas\u0131n\u0131n geni\u015fl\u0259ndirilm\u0259si \u00fc\u00e7\u00fcn Poylu RTYS-d\u0259n onun yay\u0131m\u0131n\u0131n h\u0259yata ke\u00e7irilm\u0259si \u00fc\u00e7\u00fcn 100,0 MHz, G\u00fcl\u00fcstan&hellip;<\/p>\n","protected":false},"author":2,"featured_media":114138,"comment_status":"closed","ping_status":"closed","sticky":false,"template":"","format":"standard","meta":{"om_disable_all_campaigns":false,"_monsterinsights_skip_tracking":false,"_monsterinsights_sitenote_active":false,"_monsterinsights_sitenote_note":"","_monsterinsights_sitenote_category":0},"categories":[1],"tags":[],"aioseo_notices":[],"gutentor_comment":0,"rttpg_featured_image_url":{"full":["https:\/\/arantv.az\/wp-content\/uploads\/2019\/12\/radio.jpg",620,322,false],"landscape":["https:\/\/arantv.az\/wp-content\/uploads\/2019\/12\/radio.jpg",620,322,false],"portraits":["https:\/\/arantv.az\/wp-content\/uploads\/2019\/12\/radio.jpg",620,322,false],"thumbnail":["https:\/\/arantv.az\/wp-content\/uploads\/2019\/12\/radio-150x150.jpg",150,150,true],"medium":["https:\/\/arantv.az\/wp-content\/uploads\/2019\/12\/radio-300x156.jpg",300,156,true],"large":["https:\/\/arantv.az\/wp-content\/uploads\/2019\/12\/radio.jpg",620,322,false],"1536x1536":["https:\/\/arantv.az\/wp-content\/uploads\/2019\/12\/radio.jpg",620,322,false],"2048x2048":["https:\/\/arantv.az\/wp-content\/uploads\/2019\/12\/radio.jpg",620,322,false],"post-thumbnail":["https:\/\/arantv.az\/wp-content\/uploads\/2019\/12\/radio-240x172.jpg",240,172,true],"advps-thumb-one":["https:\/\/arantv.az\/wp-content\/uploads\/2019\/12\/radio.jpg",620,322,false]},"rttpg_author":{"display_name":"V\u00fcsal Rafiqo\u011flu","author_link":"https:\/\/arantv.az\/?author=2"},"rttpg_comment":0,"rttpg_category":"<a href=\"https:\/\/arantv.az\/?cat=1\" rel=\"category\">C\u0259miyy\u0259t<\/a>","rttpg_excerpt":"2019-cu ild\u0259 Az\u0259rbaycan Respublikas\u0131 \u0259razisind\u0259 FM radioyay\u0131m\u0131n\u0131n \u0259hat\u0259 dair\u0259sinin geni\u015fl\u0259ndirilm\u0259si m\u0259qs\u0259dil\u0259 88 &#8211; 108 MHz diapazonundan istifad\u0259y\u0259 yararl\u0131 bo\u015f olan yeni tezlikl\u0259r ayr\u0131l\u0131b. ARANTV.AZ\u00a0x\u0259b\u0259r verir ki, bu bar\u0259d\u0259 Milli Televiziya v\u0259 Radio \u015euras\u0131n\u0131n (MTR\u015e) 2019-ci il \u00fczr\u0259 hesabat\u0131nda qeyd olunub. Bel\u0259 ki, hesabata \u0259sas\u0259n, 100,5 FM-in Poylu Radio-televiziya yay\u0131m stansiyas\u0131ndan (A\u011fstafa rayonu) yay\u0131m\u0131 \u00fc\u00e7\u00fcn 94,1&hellip;","_links":{"self":[{"href":"https:\/\/arantv.az\/index.php?rest_route=\/wp\/v2\/posts\/114137"}],"collection":[{"href":"https:\/\/arantv.az\/index.php?rest_route=\/wp\/v2\/posts"}],"about":[{"href":"https:\/\/arantv.az\/index.php?rest_route=\/wp\/v2\/types\/post"}],"author":[{"embeddable":true,"href":"https:\/\/arantv.az\/index.php?rest_route=\/wp\/v2\/users\/2"}],"replies":[{"embeddable":true,"href":"https:\/\/arantv.az\/index.php?rest_route=%2Fwp%2Fv2%2Fcomments&post=114137"}],"version-history":[{"count":0,"href":"https:\/\/arantv.az\/index.php?rest_route=\/wp\/v2\/posts\/114137\/revisions"}],"wp:featuredmedia":[{"embeddable":true,"href":"https:\/\/arantv.az\/index.php?rest_route=\/wp\/v2\/media\/114138"}],"wp:attachment":[{"href":"https:\/\/arantv.az\/index.php?rest_route=%2Fwp%2Fv2%2Fmedia&parent=114137"}],"wp:term":[{"taxonomy":"category","embeddable":true,"href":"https:\/\/arantv.az\/index.php?rest_route=%2Fwp%2Fv2%2Fcategories&post=114137"},{"taxonomy":"post_tag","embeddable":true,"href":"https:\/\/arantv.az\/index.php?rest_route=%2Fwp%2Fv2%2Ftags&post=114137"}],"curies":[{"name":"wp","href":"https:\/\/api.w.org\/{rel}","templated":true}]}}