{"id":114145,"date":"2019-12-30T15:40:45","date_gmt":"2019-12-30T12:40:45","guid":{"rendered":"http:\/\/arantv.az\/?p=114145"},"modified":"2019-12-30T15:40:45","modified_gmt":"2019-12-30T12:40:45","slug":"ilham-%c9%99liyev-bir-sira-m%c9%99hk%c9%99m%c9%99-s%c9%99dri-v%c9%99-hakimi-v%c9%99zif%c9%99d%c9%99n-azad-etdi-siyahi","status":"publish","type":"post","link":"https:\/\/arantv.az\/?p=114145","title":{"rendered":"\u0130lham \u018fliyev bir s\u0131ra m\u0259hk\u0259m\u0259 s\u0259dri v\u0259 hakimi v\u0259zif\u0259d\u0259n azad etdi &#8211; S\u0130YAHI"},"content":{"rendered":"<p>Az\u0259rbaycan Respublikas\u0131 Prezidenti \u0130lham \u018fliyev bir s\u0131ra birinci instansiya m\u0259hk\u0259m\u0259l\u0259ri hakiml\u0259rinin v\u0259 s\u0259drl\u0259rinin v\u0259zif\u0259l\u0259rinin d\u0259yi\u015fdirilm\u0259si il\u0259 ba\u011fl\u0131 b\u0259zi m\u0259s\u0259l\u0259l\u0259r haqq\u0131nda s\u0259r\u0259ncam imzalay\u0131b.<\/p>\n<p>Bununla ba\u011fl\u0131\u00a0<a href=\"https:\/\/azertag.az\/xeber\/Bir_sira_birinci_instansiya_mehkemeleri_hakimlerinin_ve_sedrlerinin_vezifelerinin_deyisdirilmesi_ile_bagli_bezi_meseleler_haqqinda__Azerbaycan_Respublikasi_Prezidentinin_Serencami-1379553\" target=\"_blank\" rel=\"noopener\">AZ\u018fRTAC<\/a>\u00a0m\u0259lumat yay\u0131b.<\/p>\n<p>S\u0259r\u0259ncamda bildirilir:<\/p>\n<div id=\"AdviadNativeVideo0\" class=\"AdviadNativeVideo\"><\/div>\n<p>\u201cM\u0259hk\u0259m\u0259-H\u00fcquq \u015euras\u0131n\u0131n t\u0259klifl\u0259rini n\u0259z\u0259r\u0259 alaraq, Az\u0259rbaycan Respublikas\u0131 Konstitusiyas\u0131n\u0131n 109-cu madd\u0259sinin 9-cu v\u0259 32-ci b\u0259ndl\u0259rini r\u0259hb\u0259r tutaraq q\u0259rara al\u0131ram:<\/p>\n<p><strong>1. A\u015fa\u011f\u0131dak\u0131 hakiml\u0259r v\u0259 m\u0259hk\u0259m\u0259 s\u0259drl\u0259ri v\u0259zif\u0259l\u0259rinin d\u0259yi\u015fdirilm\u0259si il\u0259 \u0259laq\u0259dar tutduqlar\u0131 v\u0259zif\u0259l\u0259rd\u0259n azad edilsinl\u0259r:<\/strong><\/p>\n<p>Ab\u0131yev N\u0259riman \u0130brahim o\u011flu &#8211; Sumqay\u0131t \u015e\u0259h\u0259r M\u0259hk\u0259m\u0259sinin hakimi v\u0259zif\u0259sind\u0259n<\/p>\n<p>Axundov Emin Tahir o\u011flu &#8211; G\u0259nc\u0259 \u015f\u0259h\u0259ri Nizami Rayon M\u0259hk\u0259m\u0259sinin hakimi v\u0259zif\u0259sind\u0259n<\/p>\n<p>Axundova Zeyn\u0259b \u018fli q\u0131z\u0131 &#8211; Bak\u0131 \u015f\u0259h\u0259ri X\u0259z\u0259r Rayon M\u0259hk\u0259m\u0259sinin hakimi v\u0259zif\u0259sind\u0259n<\/p>\n<p>Burcayev \u0130mran Ramazan o\u011flu &#8211; Bak\u0131 \u015f\u0259h\u0259ri Sabun\u00e7u Rayon M\u0259hk\u0259m\u0259sinin hakimi v\u0259zif\u0259sind\u0259n<\/p>\n<p>\u018fliyev Emin Z\u00f6hrab o\u011flu &#8211; Bak\u0131 \u015f\u0259h\u0259ri Bin\u0259q\u0259di Rayon M\u0259hk\u0259m\u0259sinin hakimi v\u0259zif\u0259sind\u0259n<\/p>\n<p>\u018fliyeva Ayt\u0259n Heyd\u0259r q\u0131z\u0131 &#8211; Bak\u0131 \u015f\u0259h\u0259ri S\u0259bail Rayon M\u0259hk\u0259m\u0259sinin hakimi v\u0259zif\u0259sind\u0259n<\/p>\n<p>H\u0259s\u0259nova \u015e\u0259lal\u0259 Akif q\u0131z\u0131 &#8211; Bak\u0131 \u015f\u0259h\u0259ri N\u0259simi Rayon M\u0259hk\u0259m\u0259sinin hakimi v\u0259zif\u0259sind\u0259n<\/p>\n<p>H\u00fcseynov Araz Firidun o\u011flu &#8211; Bak\u0131 \u015f\u0259h\u0259ri Yasamal Rayon M\u0259hk\u0259m\u0259sinin hakimi v\u0259 s\u0259dri v\u0259zif\u0259sind\u0259n<\/p>\n<p>H\u00fcseynov Elnur Heyd\u0259r o\u011flu &#8211; Nax\u00e7\u0131van Muxtar Respublikas\u0131 Nax\u00e7\u0131van \u015e\u0259h\u0259r M\u0259hk\u0259m\u0259sinin hakimi v\u0259zif\u0259sind\u0259n<\/p>\n<p>H\u00fcseynov P\u0259rviz Aktiv o\u011flu &#8211; Bak\u0131 \u015f\u0259h\u0259ri N\u0259simi Rayon M\u0259hk\u0259m\u0259sinin hakimi v\u0259zif\u0259sind\u0259n<\/p>\n<p>Qarayeva Mehriban C\u0259f\u0259r q\u0131z\u0131 &#8211; Bak\u0131 \u015f\u0259h\u0259ri Sabun\u00e7u Rayon M\u0259hk\u0259m\u0259sinin hakimi v\u0259zif\u0259sind\u0259n<\/p>\n<p>Qas\u0131mov F\u0259rrux H\u00fcseyna\u011fa o\u011flu &#8211; Bak\u0131 \u015f\u0259h\u0259ri Bin\u0259q\u0259di Rayon M\u0259hk\u0259m\u0259sinin hakimi v\u0259zif\u0259sind\u0259n<\/p>\n<p>M\u0259mm\u0259dov Ceyhun B\u0259\u015fir o\u011flu &#8211; Sumqay\u0131t \u015e\u0259h\u0259r M\u0259hk\u0259m\u0259sinin hakimi v\u0259zif\u0259sind\u0259n<\/p>\n<p>M\u0259mm\u0259dov R\u0259\u015fad Seylan o\u011flu &#8211; Tovuz Rayon M\u0259hk\u0259m\u0259sinin hakimi v\u0259zif\u0259sind\u0259n<\/p>\n<p>Novruzov S\u0259xav\u0259t H\u00fcseyn o\u011flu &#8211; Nax\u00e7\u0131van Muxtar Respublikas\u0131 A\u011f\u0131r Cinay\u0259tl\u0259r M\u0259hk\u0259m\u0259sinin hakimi v\u0259zif\u0259sind\u0259n<\/p>\n<p>Osmanov Usam\u0259ddin Hiday\u0259t o\u011flu &#8211; Ming\u0259\u00e7evir \u015e\u0259h\u0259r M\u0259hk\u0259m\u0259sinin hakimi v\u0259 s\u0259dri v\u0259zif\u0259sind\u0259n<\/p>\n<p>Sadiqov Z\u00fclf\u00fcqar \u018fhm\u0259d o\u011flu &#8211; Ab\u015feron Rayon M\u0259hk\u0259m\u0259sinin hakimi v\u0259zif\u0259sind\u0259n<\/p>\n<p>Salmanov El\u015f\u0259n Fizuli o\u011flu &#8211; Nax\u00e7\u0131van Muxtar Respublikas\u0131 H\u0259rbi M\u0259hk\u0259m\u0259sinin hakimi v\u0259zif\u0259sind\u0259n<\/p>\n<p>Ta\u011f\u0131yev X\u0259qani Q\u0259hr\u0259man o\u011flu &#8211; Quba Rayon M\u0259hk\u0259m\u0259sinin hakimi v\u0259 s\u0259dri v\u0259zif\u0259sind\u0259n<\/p>\n<p><strong>2. A\u015fa\u011f\u0131dak\u0131 \u015f\u0259xsl\u0259r birinci instansiya m\u0259hk\u0259m\u0259l\u0259rinin hakiml\u0259ri v\u0259 s\u0259drl\u0259ri t\u0259yin edilsinl\u0259r:<\/strong><\/p>\n<p>Rzayev R\u0259\u015fid \u015e\u00fck\u00fcr o\u011flu &#8211; Bak\u0131 \u015f\u0259h\u0259ri X\u0259tai Rayon M\u0259hk\u0259m\u0259sinin hakimi v\u0259 s\u0259dri<\/p>\n<p>\u018fliyev \u0130slam \u018fli o\u011flu &#8211; Bak\u0131 \u015f\u0259h\u0259ri Yasamal Rayon M\u0259hk\u0259m\u0259sinin hakimi v\u0259 s\u0259dri<\/p>\n<p>Abbasov Natiq Mehdi o\u011flu &#8211; A\u011fstafa Rayon M\u0259hk\u0259m\u0259sinin hakimi v\u0259 s\u0259dri<\/p>\n<p>Nuriyev Mehman Ba\u011f\u0131\u015f o\u011flu &#8211; C\u0259bray\u0131l Rayon M\u0259hk\u0259m\u0259sinin hakimi v\u0259 s\u0259dri<\/p>\n<p><strong>3. A\u015fa\u011f\u0131dak\u0131 \u015f\u0259xsl\u0259r birinci instansiya m\u0259hk\u0259m\u0259l\u0259rinin hakiml\u0259ri t\u0259yin edilsinl\u0259r:<\/strong><\/p>\n<p>Heyd\u0259rov Faiq \u0130nqilab o\u011flu &#8211; Nax\u00e7\u0131van Muxtar Respublikas\u0131 A\u011f\u0131r Cinay\u0259tl\u0259r M\u0259hk\u0259m\u0259sinin hakimi<\/p>\n<p>Mustafayev Etibar Mustafa o\u011flu &#8211; Bak\u0131 \u015f\u0259h\u0259ri Bin\u0259q\u0259di Rayon M\u0259hk\u0259m\u0259sinin hakimi<\/p>\n<p>Ta\u011f\u0131yev Zaur M\u00fcz\u0259ff\u0259r o\u011flu &#8211; Bak\u0131 \u015f\u0259h\u0259ri X\u0259z\u0259r Rayon M\u0259hk\u0259m\u0259sinin hakimi<\/p>\n<p>K\u0259rimli R\u00fcst\u0259m L\u0259tif o\u011flu &#8211; Bak\u0131 \u015f\u0259h\u0259ri Sabun\u00e7u Rayon M\u0259hk\u0259m\u0259sinin hakimi<\/p>\n<p>\u018fs\u0259dova Tahir\u0259 \u018flif q\u0131z\u0131 &#8211; Bak\u0131 \u015f\u0259h\u0259ri Sabun\u00e7u Rayon M\u0259hk\u0259m\u0259sinin hakimi<\/p>\n<p>S\u00fcleymanova \u015e\u0259hla \u018fnv\u0259r q\u0131z\u0131 &#8211; Bak\u0131 \u015f\u0259h\u0259ri S\u0259bail Rayon M\u0259hk\u0259m\u0259sinin hakimi<\/p>\n<p>Da\u015fd\u0259mirov Rauf M\u0259h\u0259rr\u0259m\u0259li o\u011flu &#8211; Bak\u0131 \u015f\u0259h\u0259ri Yasamal Rayon M\u0259hk\u0259m\u0259sinin hakimi<\/p>\n<p>\u0130manov Xaliq Xal\u0131q o\u011flu &#8211; K\u00fcrd\u0259mir Rayon M\u0259hk\u0259m\u0259sinin hakimi<\/p>\n<p>\u018fl\u0259kb\u0259rov \u018ffqan Q\u0259z\u0259nf\u0259r o\u011flu &#8211; Sumqay\u0131t \u015e\u0259h\u0259r M\u0259hk\u0259m\u0259sinin hakimi<\/p>\n<p>M\u0259mm\u0259dov El\u00e7in Q\u00fcdr\u0259t o\u011flu &#8211; Sumqay\u0131t \u015e\u0259h\u0259r M\u0259hk\u0259m\u0259sinin hakimi<\/p>\n<p>Rzayev Kamil Allahqulu o\u011flu &#8211; T\u0259rt\u0259r Rayon M\u0259hk\u0259m\u0259sinin hakimi<\/p>\n<p><strong>4. Bu S\u0259r\u0259ncam 2020-ci il yanvar\u0131n 1-d\u0259n q\u00fcvv\u0259y\u0259 minir<\/strong>\u201d.<\/p>\n","protected":false},"excerpt":{"rendered":"<p>Az\u0259rbaycan Respublikas\u0131 Prezidenti \u0130lham \u018fliyev bir s\u0131ra birinci instansiya m\u0259hk\u0259m\u0259l\u0259ri hakiml\u0259rinin v\u0259 s\u0259drl\u0259rinin v\u0259zif\u0259l\u0259rinin d\u0259yi\u015fdirilm\u0259si il\u0259 ba\u011fl\u0131 b\u0259zi m\u0259s\u0259l\u0259l\u0259r haqq\u0131nda s\u0259r\u0259ncam imzalay\u0131b. Bununla ba\u011fl\u0131\u00a0AZ\u018fRTAC\u00a0m\u0259lumat yay\u0131b. S\u0259r\u0259ncamda bildirilir: \u201cM\u0259hk\u0259m\u0259-H\u00fcquq \u015euras\u0131n\u0131n t\u0259klifl\u0259rini n\u0259z\u0259r\u0259 alaraq, Az\u0259rbaycan Respublikas\u0131 Konstitusiyas\u0131n\u0131n 109-cu madd\u0259sinin 9-cu v\u0259 32-ci b\u0259ndl\u0259rini r\u0259hb\u0259r tutaraq q\u0259rara al\u0131ram: 1. A\u015fa\u011f\u0131dak\u0131 hakiml\u0259r v\u0259 m\u0259hk\u0259m\u0259 s\u0259drl\u0259ri v\u0259zif\u0259l\u0259rinin d\u0259yi\u015fdirilm\u0259si il\u0259 \u0259laq\u0259dar tutduqlar\u0131 v\u0259zif\u0259l\u0259rd\u0259n azad edilsinl\u0259r: Ab\u0131yev N\u0259riman \u0130brahim o\u011flu &#8211; Sumqay\u0131t \u015e\u0259h\u0259r M\u0259hk\u0259m\u0259sinin hakimi v\u0259zif\u0259sind\u0259n Axundov Emin Tahir o\u011flu &#8211; G\u0259nc\u0259 \u015f\u0259h\u0259ri Nizami Rayon M\u0259hk\u0259m\u0259sinin hakimi v\u0259zif\u0259sind\u0259n Axundova Zeyn\u0259b \u018fli q\u0131z\u0131 &#8211; Bak\u0131 \u015f\u0259h\u0259ri X\u0259z\u0259r Rayon&hellip;<\/p>\n","protected":false},"author":2,"featured_media":114146,"comment_status":"closed","ping_status":"closed","sticky":false,"template":"","format":"standard","meta":{"om_disable_all_campaigns":false,"_monsterinsights_skip_tracking":false,"_monsterinsights_sitenote_active":false,"_monsterinsights_sitenote_note":"","_monsterinsights_sitenote_category":0},"categories":[4],"tags":[],"aioseo_notices":[],"gutentor_comment":0,"rttpg_featured_image_url":{"full":["https:\/\/arantv.az\/wp-content\/uploads\/2019\/12\/serencam-ferman-imza-kreslo20-2.jpg",620,413,false],"landscape":["https:\/\/arantv.az\/wp-content\/uploads\/2019\/12\/serencam-ferman-imza-kreslo20-2.jpg",620,413,false],"portraits":["https:\/\/arantv.az\/wp-content\/uploads\/2019\/12\/serencam-ferman-imza-kreslo20-2.jpg",620,413,false],"thumbnail":["https:\/\/arantv.az\/wp-content\/uploads\/2019\/12\/serencam-ferman-imza-kreslo20-2-150x150.jpg",150,150,true],"medium":["https:\/\/arantv.az\/wp-content\/uploads\/2019\/12\/serencam-ferman-imza-kreslo20-2-300x200.jpg",300,200,true],"large":["https:\/\/arantv.az\/wp-content\/uploads\/2019\/12\/serencam-ferman-imza-kreslo20-2.jpg",620,413,false],"1536x1536":["https:\/\/arantv.az\/wp-content\/uploads\/2019\/12\/serencam-ferman-imza-kreslo20-2.jpg",620,413,false],"2048x2048":["https:\/\/arantv.az\/wp-content\/uploads\/2019\/12\/serencam-ferman-imza-kreslo20-2.jpg",620,413,false],"post-thumbnail":["https:\/\/arantv.az\/wp-content\/uploads\/2019\/12\/serencam-ferman-imza-kreslo20-2-240x172.jpg",240,172,true],"advps-thumb-one":["https:\/\/arantv.az\/wp-content\/uploads\/2019\/12\/serencam-ferman-imza-kreslo20-2.jpg",620,413,false]},"rttpg_author":{"display_name":"V\u00fcsal Rafiqo\u011flu","author_link":"https:\/\/arantv.az\/?author=2"},"rttpg_comment":0,"rttpg_category":"<a href=\"https:\/\/arantv.az\/?cat=4\" rel=\"category\">Siyas\u0259t<\/a>","rttpg_excerpt":"Az\u0259rbaycan Respublikas\u0131 Prezidenti \u0130lham \u018fliyev bir s\u0131ra birinci instansiya m\u0259hk\u0259m\u0259l\u0259ri hakiml\u0259rinin v\u0259 s\u0259drl\u0259rinin v\u0259zif\u0259l\u0259rinin d\u0259yi\u015fdirilm\u0259si il\u0259 ba\u011fl\u0131 b\u0259zi m\u0259s\u0259l\u0259l\u0259r haqq\u0131nda s\u0259r\u0259ncam imzalay\u0131b. Bununla ba\u011fl\u0131\u00a0AZ\u018fRTAC\u00a0m\u0259lumat yay\u0131b. S\u0259r\u0259ncamda bildirilir: \u201cM\u0259hk\u0259m\u0259-H\u00fcquq \u015euras\u0131n\u0131n t\u0259klifl\u0259rini n\u0259z\u0259r\u0259 alaraq, Az\u0259rbaycan Respublikas\u0131 Konstitusiyas\u0131n\u0131n 109-cu madd\u0259sinin 9-cu v\u0259 32-ci b\u0259ndl\u0259rini r\u0259hb\u0259r tutaraq q\u0259rara al\u0131ram: 1. A\u015fa\u011f\u0131dak\u0131 hakiml\u0259r v\u0259 m\u0259hk\u0259m\u0259 s\u0259drl\u0259ri v\u0259zif\u0259l\u0259rinin d\u0259yi\u015fdirilm\u0259si il\u0259 \u0259laq\u0259dar&hellip;","_links":{"self":[{"href":"https:\/\/arantv.az\/index.php?rest_route=\/wp\/v2\/posts\/114145"}],"collection":[{"href":"https:\/\/arantv.az\/index.php?rest_route=\/wp\/v2\/posts"}],"about":[{"href":"https:\/\/arantv.az\/index.php?rest_route=\/wp\/v2\/types\/post"}],"author":[{"embeddable":true,"href":"https:\/\/arantv.az\/index.php?rest_route=\/wp\/v2\/users\/2"}],"replies":[{"embeddable":true,"href":"https:\/\/arantv.az\/index.php?rest_route=%2Fwp%2Fv2%2Fcomments&post=114145"}],"version-history":[{"count":0,"href":"https:\/\/arantv.az\/index.php?rest_route=\/wp\/v2\/posts\/114145\/revisions"}],"wp:featuredmedia":[{"embeddable":true,"href":"https:\/\/arantv.az\/index.php?rest_route=\/wp\/v2\/media\/114146"}],"wp:attachment":[{"href":"https:\/\/arantv.az\/index.php?rest_route=%2Fwp%2Fv2%2Fmedia&parent=114145"}],"wp:term":[{"taxonomy":"category","embeddable":true,"href":"https:\/\/arantv.az\/index.php?rest_route=%2Fwp%2Fv2%2Fcategories&post=114145"},{"taxonomy":"post_tag","embeddable":true,"href":"https:\/\/arantv.az\/index.php?rest_route=%2Fwp%2Fv2%2Ftags&post=114145"}],"curies":[{"name":"wp","href":"https:\/\/api.w.org\/{rel}","templated":true}]}}