{"id":114149,"date":"2019-12-30T15:44:34","date_gmt":"2019-12-30T12:44:34","guid":{"rendered":"http:\/\/arantv.az\/?p=114149"},"modified":"2019-12-30T15:44:34","modified_gmt":"2019-12-30T12:44:34","slug":"naxcivandaki-m%c9%99hk%c9%99m%c9%99l%c9%99r%c9%99-yeni-t%c9%99yinatlar-olub-s%c9%99r%c9%99ncam","status":"publish","type":"post","link":"https:\/\/arantv.az\/?p=114149","title":{"rendered":"Nax\u00e7\u0131vandak\u0131 m\u0259hk\u0259m\u0259l\u0259r\u0259 yeni t\u0259yinatlar olub &#8211; S\u018fR\u018fNCAM"},"content":{"rendered":"<p>Az\u0259rbaycan Respublikas\u0131 Prezidenti \u0130lham \u018fliyev Nax\u00e7\u0131van Muxtar Respublikas\u0131 Ali M\u0259hk\u0259m\u0259si s\u0259drinin m\u00fcavininin, \u0130nzibati v\u0259 Kommersiya kollegiyalar\u0131 s\u0259drl\u0259rinin v\u0259 bir s\u0131ra birinci instansiya m\u0259hk\u0259m\u0259l\u0259ri s\u0259drl\u0259rinin t\u0259yin edilm\u0259si haqq\u0131nda\u00a0s\u0259r\u0259ncam imzalay\u0131b.<\/p>\n<p>Bununla ba\u011fl\u0131\u00a0<a href=\"https:\/\/azertag.az\/xeber\/Naxchivan_Muxtar_Respublikasi_Ali_Mehkemesi_sedrinin_muavininin_Inzibati_ve_Kommersiya_kollegiyalari_sedrlerinin_ve_bir_sira_birinci_instansiya_mehkemeleri_sedrlerinin_teyin_edilmesi_haqqinda__Azerbaycan_Respublikasi_Prezidentinin_Serencami-1379557\" target=\"_blank\" rel=\"noopener\">AZ\u018fRTAC<\/a>\u00a0m\u0259lumat yay\u0131b.<\/p>\n<p>S\u0259r\u0259ncamda bildirilir:<\/p>\n<div id=\"AdviadNativeVideo0\" class=\"AdviadNativeVideo\"><\/div>\n<p>1. \u018fsg\u0259r Novruz o\u011flu Novruzov Nax\u00e7\u0131van Muxtar Respublikas\u0131n\u0131n Ali M\u0259hk\u0259m\u0259si s\u0259drinin m\u00fcavini t\u0259yin edilsin.<\/p>\n<p>2. Yusif\u0259li S\u00fcleyman o\u011flu Qurbanov Nax\u00e7\u0131van Muxtar Respublikas\u0131 Ali M\u0259hk\u0259m\u0259sinin \u0130nzibati Kollegiyas\u0131n\u0131n s\u0259dri t\u0259yin edilsin.<\/p>\n<p>3. \u018fhliman Mehman o\u011flu X\u0131d\u0131rov Nax\u00e7\u0131van Muxtar Respublikas\u0131 Ali M\u0259hk\u0259m\u0259sinin Kommersiya Kollegiyas\u0131n\u0131n s\u0259dri t\u0259yin edilsin.<\/p>\n<p>4. Hicran Xasay o\u011flu Muradov Nax\u00e7\u0131van Muxtar Respublikas\u0131 \u0130nzibati M\u0259hk\u0259m\u0259sinin s\u0259dri t\u0259yin edilsin.<\/p>\n<p>5. El\u015f\u0259n Fizuli o\u011flu Salmanov Nax\u00e7\u0131van Muxtar Respublikas\u0131 Kommersiya M\u0259hk\u0259m\u0259sinin s\u0259dri t\u0259yin edilsin.<\/p>\n<p>6. H\u00fcseyn M\u0259mm\u0259d o\u011flu M\u0259mm\u0259dov Nax\u00e7\u0131van Muxtar Respublikas\u0131 A\u011f\u0131r Cinay\u0259tl\u0259r M\u0259hk\u0259m\u0259sinin s\u0259dri t\u0259yin edilsin.<\/p>\n<p>7. Bu S\u0259r\u0259ncam 2020-ci il yanvar\u0131n 1-d\u0259n q\u00fcvv\u0259y\u0259 minir.<\/p>\n","protected":false},"excerpt":{"rendered":"<p>Az\u0259rbaycan Respublikas\u0131 Prezidenti \u0130lham \u018fliyev Nax\u00e7\u0131van Muxtar Respublikas\u0131 Ali M\u0259hk\u0259m\u0259si s\u0259drinin m\u00fcavininin, \u0130nzibati v\u0259 Kommersiya kollegiyalar\u0131 s\u0259drl\u0259rinin v\u0259 bir s\u0131ra birinci instansiya m\u0259hk\u0259m\u0259l\u0259ri s\u0259drl\u0259rinin t\u0259yin edilm\u0259si haqq\u0131nda\u00a0s\u0259r\u0259ncam imzalay\u0131b. Bununla ba\u011fl\u0131\u00a0AZ\u018fRTAC\u00a0m\u0259lumat yay\u0131b. S\u0259r\u0259ncamda bildirilir: 1. \u018fsg\u0259r Novruz o\u011flu Novruzov Nax\u00e7\u0131van Muxtar Respublikas\u0131n\u0131n Ali M\u0259hk\u0259m\u0259si s\u0259drinin m\u00fcavini t\u0259yin edilsin. 2. Yusif\u0259li S\u00fcleyman o\u011flu Qurbanov Nax\u00e7\u0131van Muxtar Respublikas\u0131 Ali M\u0259hk\u0259m\u0259sinin \u0130nzibati Kollegiyas\u0131n\u0131n s\u0259dri t\u0259yin edilsin. 3. \u018fhliman Mehman o\u011flu X\u0131d\u0131rov Nax\u00e7\u0131van Muxtar Respublikas\u0131 Ali M\u0259hk\u0259m\u0259sinin Kommersiya Kollegiyas\u0131n\u0131n s\u0259dri t\u0259yin edilsin. 4. Hicran Xasay o\u011flu Muradov Nax\u00e7\u0131van Muxtar Respublikas\u0131 \u0130nzibati M\u0259hk\u0259m\u0259sinin s\u0259dri t\u0259yin edilsin.&hellip;<\/p>\n","protected":false},"author":2,"featured_media":114150,"comment_status":"closed","ping_status":"closed","sticky":false,"template":"","format":"standard","meta":{"om_disable_all_campaigns":false,"_monsterinsights_skip_tracking":false,"_monsterinsights_sitenote_active":false,"_monsterinsights_sitenote_note":"","_monsterinsights_sitenote_category":0},"categories":[4],"tags":[],"aioseo_notices":[],"gutentor_comment":0,"rttpg_featured_image_url":{"full":["https:\/\/arantv.az\/wp-content\/uploads\/2019\/12\/ilham-serencam.jpg",620,363,false],"landscape":["https:\/\/arantv.az\/wp-content\/uploads\/2019\/12\/ilham-serencam.jpg",620,363,false],"portraits":["https:\/\/arantv.az\/wp-content\/uploads\/2019\/12\/ilham-serencam.jpg",620,363,false],"thumbnail":["https:\/\/arantv.az\/wp-content\/uploads\/2019\/12\/ilham-serencam-150x150.jpg",150,150,true],"medium":["https:\/\/arantv.az\/wp-content\/uploads\/2019\/12\/ilham-serencam-300x176.jpg",300,176,true],"large":["https:\/\/arantv.az\/wp-content\/uploads\/2019\/12\/ilham-serencam.jpg",620,363,false],"1536x1536":["https:\/\/arantv.az\/wp-content\/uploads\/2019\/12\/ilham-serencam.jpg",620,363,false],"2048x2048":["https:\/\/arantv.az\/wp-content\/uploads\/2019\/12\/ilham-serencam.jpg",620,363,false],"post-thumbnail":["https:\/\/arantv.az\/wp-content\/uploads\/2019\/12\/ilham-serencam-240x172.jpg",240,172,true],"advps-thumb-one":["https:\/\/arantv.az\/wp-content\/uploads\/2019\/12\/ilham-serencam.jpg",620,363,false]},"rttpg_author":{"display_name":"V\u00fcsal Rafiqo\u011flu","author_link":"https:\/\/arantv.az\/?author=2"},"rttpg_comment":0,"rttpg_category":"<a href=\"https:\/\/arantv.az\/?cat=4\" rel=\"category\">Siyas\u0259t<\/a>","rttpg_excerpt":"Az\u0259rbaycan Respublikas\u0131 Prezidenti \u0130lham \u018fliyev Nax\u00e7\u0131van Muxtar Respublikas\u0131 Ali M\u0259hk\u0259m\u0259si s\u0259drinin m\u00fcavininin, \u0130nzibati v\u0259 Kommersiya kollegiyalar\u0131 s\u0259drl\u0259rinin v\u0259 bir s\u0131ra birinci instansiya m\u0259hk\u0259m\u0259l\u0259ri s\u0259drl\u0259rinin t\u0259yin edilm\u0259si haqq\u0131nda\u00a0s\u0259r\u0259ncam imzalay\u0131b. Bununla ba\u011fl\u0131\u00a0AZ\u018fRTAC\u00a0m\u0259lumat yay\u0131b. S\u0259r\u0259ncamda bildirilir: 1. \u018fsg\u0259r Novruz o\u011flu Novruzov Nax\u00e7\u0131van Muxtar Respublikas\u0131n\u0131n Ali M\u0259hk\u0259m\u0259si s\u0259drinin m\u00fcavini t\u0259yin edilsin. 2. Yusif\u0259li S\u00fcleyman o\u011flu Qurbanov Nax\u00e7\u0131van Muxtar Respublikas\u0131&hellip;","_links":{"self":[{"href":"https:\/\/arantv.az\/index.php?rest_route=\/wp\/v2\/posts\/114149"}],"collection":[{"href":"https:\/\/arantv.az\/index.php?rest_route=\/wp\/v2\/posts"}],"about":[{"href":"https:\/\/arantv.az\/index.php?rest_route=\/wp\/v2\/types\/post"}],"author":[{"embeddable":true,"href":"https:\/\/arantv.az\/index.php?rest_route=\/wp\/v2\/users\/2"}],"replies":[{"embeddable":true,"href":"https:\/\/arantv.az\/index.php?rest_route=%2Fwp%2Fv2%2Fcomments&post=114149"}],"version-history":[{"count":0,"href":"https:\/\/arantv.az\/index.php?rest_route=\/wp\/v2\/posts\/114149\/revisions"}],"wp:featuredmedia":[{"embeddable":true,"href":"https:\/\/arantv.az\/index.php?rest_route=\/wp\/v2\/media\/114150"}],"wp:attachment":[{"href":"https:\/\/arantv.az\/index.php?rest_route=%2Fwp%2Fv2%2Fmedia&parent=114149"}],"wp:term":[{"taxonomy":"category","embeddable":true,"href":"https:\/\/arantv.az\/index.php?rest_route=%2Fwp%2Fv2%2Fcategories&post=114149"},{"taxonomy":"post_tag","embeddable":true,"href":"https:\/\/arantv.az\/index.php?rest_route=%2Fwp%2Fv2%2Ftags&post=114149"}],"curies":[{"name":"wp","href":"https:\/\/api.w.org\/{rel}","templated":true}]}}