{"id":114288,"date":"2020-01-02T11:15:42","date_gmt":"2020-01-02T08:15:42","guid":{"rendered":"http:\/\/arantv.az\/?p=114288"},"modified":"2020-01-02T11:15:42","modified_gmt":"2020-01-02T08:15:42","slug":"must%c9%99qil-dovl%c9%99tl%c9%99r-birliyin%c9%99-s%c9%99drlik-ozb%c9%99kistana-kecib","status":"publish","type":"post","link":"https:\/\/arantv.az\/?p=114288","title":{"rendered":"M\u00fcst\u0259qil D\u00f6vl\u0259tl\u0259r Birliyin\u0259 s\u0259drlik \u00d6zb\u0259kistana ke\u00e7ib"},"content":{"rendered":"<p>Yanvar\u0131n 1-d\u0259n M\u00fcst\u0259qil D\u00f6vl\u0259tl\u0259r Birliyin\u0259 (MDB) s\u0259drlik bir il m\u00fcdd\u0259tin\u0259 \u00d6zb\u0259kistana ke\u00e7ib.<\/p>\n<p><strong>ARANTV.AZ<\/strong>\u00a0\u00a0<a href=\"https:\/\/az.trend.az\/\" target=\"_blank\" rel=\"noopener\">Trend<\/a>-\u0259 istinad\u0259n x\u0259b\u0259r verir ki, bu haqda q\u0259rar MDB D\u00f6vl\u0259t Ba\u015f\u00e7\u0131lar\u0131 \u015euras\u0131n\u0131n \u00f6t\u0259n il oktyabr\u0131n 11-d\u0259 A\u015fqabadda ke\u00e7iril\u0259n iclas\u0131nda q\u0259bul edilib.<\/p>\n<p>\u00d6zb\u0259kistan eyni vaxtda h\u0259m d\u0259 MDB H\u00f6kum\u0259t Ba\u015f\u00e7\u0131lar\u0131 \u015euras\u0131na, Xarici \u0130\u015fl\u0259r Nazirl\u0259ri \u015euras\u0131na v\u0259 \u0130qtisadi \u015euraya s\u0259drlik ed\u0259c\u0259k.<\/p>\n<p>\u00d6zb\u0259kistan\u0131n MDB-y\u0259 s\u0259drliyi d\u00f6vr\u00fcnd\u0259 bir il \u0259rzind\u0259 t\u0259xmin\u0259n 70 t\u0259dbirin ke\u00e7iril\u0259c\u0259yi, h\u0259m\u00e7inin 10-dan art\u0131q s\u0259n\u0259din q\u0259bul edil\u0259c\u0259yi g\u00f6zl\u0259nilir.<\/p>\n","protected":false},"excerpt":{"rendered":"<p>Yanvar\u0131n 1-d\u0259n M\u00fcst\u0259qil D\u00f6vl\u0259tl\u0259r Birliyin\u0259 (MDB) s\u0259drlik bir il m\u00fcdd\u0259tin\u0259 \u00d6zb\u0259kistana ke\u00e7ib. ARANTV.AZ\u00a0\u00a0Trend-\u0259 istinad\u0259n x\u0259b\u0259r verir ki, bu haqda q\u0259rar MDB D\u00f6vl\u0259t Ba\u015f\u00e7\u0131lar\u0131 \u015euras\u0131n\u0131n \u00f6t\u0259n il oktyabr\u0131n 11-d\u0259 A\u015fqabadda ke\u00e7iril\u0259n iclas\u0131nda q\u0259bul edilib. \u00d6zb\u0259kistan eyni vaxtda h\u0259m d\u0259 MDB H\u00f6kum\u0259t Ba\u015f\u00e7\u0131lar\u0131 \u015euras\u0131na, Xarici \u0130\u015fl\u0259r Nazirl\u0259ri \u015euras\u0131na v\u0259 \u0130qtisadi \u015euraya s\u0259drlik ed\u0259c\u0259k. \u00d6zb\u0259kistan\u0131n MDB-y\u0259 s\u0259drliyi d\u00f6vr\u00fcnd\u0259 bir il \u0259rzind\u0259 t\u0259xmin\u0259n 70 t\u0259dbirin ke\u00e7iril\u0259c\u0259yi, h\u0259m\u00e7inin 10-dan art\u0131q s\u0259n\u0259din q\u0259bul edil\u0259c\u0259yi g\u00f6zl\u0259nilir.<\/p>\n","protected":false},"author":2,"featured_media":114289,"comment_status":"closed","ping_status":"closed","sticky":false,"template":"","format":"standard","meta":{"om_disable_all_campaigns":false,"_monsterinsights_skip_tracking":false,"_monsterinsights_sitenote_active":false,"_monsterinsights_sitenote_note":"","_monsterinsights_sitenote_category":0},"categories":[7],"tags":[],"aioseo_notices":[],"gutentor_comment":0,"rttpg_featured_image_url":{"full":["https:\/\/arantv.az\/wp-content\/uploads\/2020\/01\/814995.jpg",744,500,false],"landscape":["https:\/\/arantv.az\/wp-content\/uploads\/2020\/01\/814995.jpg",744,500,false],"portraits":["https:\/\/arantv.az\/wp-content\/uploads\/2020\/01\/814995.jpg",744,500,false],"thumbnail":["https:\/\/arantv.az\/wp-content\/uploads\/2020\/01\/814995-150x150.jpg",150,150,true],"medium":["https:\/\/arantv.az\/wp-content\/uploads\/2020\/01\/814995-300x202.jpg",300,202,true],"large":["https:\/\/arantv.az\/wp-content\/uploads\/2020\/01\/814995.jpg",640,430,false],"1536x1536":["https:\/\/arantv.az\/wp-content\/uploads\/2020\/01\/814995.jpg",744,500,false],"2048x2048":["https:\/\/arantv.az\/wp-content\/uploads\/2020\/01\/814995.jpg",744,500,false],"post-thumbnail":["https:\/\/arantv.az\/wp-content\/uploads\/2020\/01\/814995-240x172.jpg",240,172,true],"advps-thumb-one":["https:\/\/arantv.az\/wp-content\/uploads\/2020\/01\/814995.jpg",744,500,false]},"rttpg_author":{"display_name":"V\u00fcsal Rafiqo\u011flu","author_link":"https:\/\/arantv.az\/?author=2"},"rttpg_comment":0,"rttpg_category":"<a href=\"https:\/\/arantv.az\/?cat=7\" rel=\"category\">D\u00fcnya<\/a>","rttpg_excerpt":"Yanvar\u0131n 1-d\u0259n M\u00fcst\u0259qil D\u00f6vl\u0259tl\u0259r Birliyin\u0259 (MDB) s\u0259drlik bir il m\u00fcdd\u0259tin\u0259 \u00d6zb\u0259kistana ke\u00e7ib. ARANTV.AZ\u00a0\u00a0Trend-\u0259 istinad\u0259n x\u0259b\u0259r verir ki, bu haqda q\u0259rar MDB D\u00f6vl\u0259t Ba\u015f\u00e7\u0131lar\u0131 \u015euras\u0131n\u0131n \u00f6t\u0259n il oktyabr\u0131n 11-d\u0259 A\u015fqabadda ke\u00e7iril\u0259n iclas\u0131nda q\u0259bul edilib. \u00d6zb\u0259kistan eyni vaxtda h\u0259m d\u0259 MDB H\u00f6kum\u0259t Ba\u015f\u00e7\u0131lar\u0131 \u015euras\u0131na, Xarici \u0130\u015fl\u0259r Nazirl\u0259ri \u015euras\u0131na v\u0259 \u0130qtisadi \u015euraya s\u0259drlik ed\u0259c\u0259k. \u00d6zb\u0259kistan\u0131n MDB-y\u0259 s\u0259drliyi d\u00f6vr\u00fcnd\u0259&hellip;","_links":{"self":[{"href":"https:\/\/arantv.az\/index.php?rest_route=\/wp\/v2\/posts\/114288"}],"collection":[{"href":"https:\/\/arantv.az\/index.php?rest_route=\/wp\/v2\/posts"}],"about":[{"href":"https:\/\/arantv.az\/index.php?rest_route=\/wp\/v2\/types\/post"}],"author":[{"embeddable":true,"href":"https:\/\/arantv.az\/index.php?rest_route=\/wp\/v2\/users\/2"}],"replies":[{"embeddable":true,"href":"https:\/\/arantv.az\/index.php?rest_route=%2Fwp%2Fv2%2Fcomments&post=114288"}],"version-history":[{"count":0,"href":"https:\/\/arantv.az\/index.php?rest_route=\/wp\/v2\/posts\/114288\/revisions"}],"wp:featuredmedia":[{"embeddable":true,"href":"https:\/\/arantv.az\/index.php?rest_route=\/wp\/v2\/media\/114289"}],"wp:attachment":[{"href":"https:\/\/arantv.az\/index.php?rest_route=%2Fwp%2Fv2%2Fmedia&parent=114288"}],"wp:term":[{"taxonomy":"category","embeddable":true,"href":"https:\/\/arantv.az\/index.php?rest_route=%2Fwp%2Fv2%2Fcategories&post=114288"},{"taxonomy":"post_tag","embeddable":true,"href":"https:\/\/arantv.az\/index.php?rest_route=%2Fwp%2Fv2%2Ftags&post=114288"}],"curies":[{"name":"wp","href":"https:\/\/api.w.org\/{rel}","templated":true}]}}