{"id":114411,"date":"2020-01-02T14:33:49","date_gmt":"2020-01-02T11:33:49","guid":{"rendered":"http:\/\/arantv.az\/?p=114411"},"modified":"2020-01-02T14:33:49","modified_gmt":"2020-01-02T11:33:49","slug":"2019-cu-ild%c9%99-aviaq%c9%99zalarda-ol%c9%99nl%c9%99rin-sayi-aciqlandi","status":"publish","type":"post","link":"https:\/\/arantv.az\/?p=114411","title":{"rendered":"2019-cu ild\u0259 aviaq\u0259zalarda \u00f6l\u0259nl\u0259rin say\u0131 a\u00e7\u0131qland\u0131"},"content":{"rendered":"<p>2019-cu ild\u0259 aviaq\u0259za qurbanlar\u0131n\u0131n say\u0131 257 n\u0259f\u0259r olub.<\/p>\n<p>\u201cLenta.ru\u201d x\u0259b\u0259r verir ki, bu r\u0259q\u0259ml\u0259r Niderland\u0131n \u201cTo70\u201d konsaltinq kompaniyas\u0131n\u0131n haz\u0131rlad\u0131\u011f\u0131 \u201c2019 m\u00fclki aviasiya icmal\u0131\u201d \u00a0illik hesabat\u0131nda \u0259ks olunub.<\/p>\n<p>T\u0259\u015fkilat\u0131n m\u0259lumat\u0131na g\u00f6r\u0259, \u00fcmumilikd\u0259 2019-cu il \u0259rzind\u0259 d\u00fcnyada 86 aviasiya q\u0259zas\u0131 ba\u015f verib ki, onlardan 8-i \u00f6l\u00fcml\u0259 n\u0259tic\u0259l\u0259nib. Bu g\u00f6st\u0259rici \u0259vv\u0259lki ill\u0259 m\u00fcqayis\u0259d\u0259 dem\u0259k olar ki, 2 d\u0259f\u0259 azal\u0131b. Bel\u0259 ki, 2018-ci ild\u0259 157 b\u0259db\u0259xt hadis\u0259 ba\u015f verib v\u0259 bu hadis\u0259l\u0259r zaman\u0131 534 n\u0259f\u0259r h\u0259lak olub.<\/p>\n<p>\u00dcmumilikd\u0259 2019-cu ild\u0259 h\u0259yata ke\u00e7iril\u0259n h\u0259r 5.5 milyon aviareys\u0259 yaln\u0131z bir \u00f6l\u00fcmc\u00fcl q\u0259za d\u00fc\u015f\u00fcb.<\/p>\n","protected":false},"excerpt":{"rendered":"<p>2019-cu ild\u0259 aviaq\u0259za qurbanlar\u0131n\u0131n say\u0131 257 n\u0259f\u0259r olub. \u201cLenta.ru\u201d x\u0259b\u0259r verir ki, bu r\u0259q\u0259ml\u0259r Niderland\u0131n \u201cTo70\u201d konsaltinq kompaniyas\u0131n\u0131n haz\u0131rlad\u0131\u011f\u0131 \u201c2019 m\u00fclki aviasiya icmal\u0131\u201d \u00a0illik hesabat\u0131nda \u0259ks olunub. T\u0259\u015fkilat\u0131n m\u0259lumat\u0131na g\u00f6r\u0259, \u00fcmumilikd\u0259 2019-cu il \u0259rzind\u0259 d\u00fcnyada 86 aviasiya q\u0259zas\u0131 ba\u015f verib ki, onlardan 8-i \u00f6l\u00fcml\u0259 n\u0259tic\u0259l\u0259nib. Bu g\u00f6st\u0259rici \u0259vv\u0259lki ill\u0259 m\u00fcqayis\u0259d\u0259 dem\u0259k olar ki, 2 d\u0259f\u0259 azal\u0131b. Bel\u0259 ki, 2018-ci ild\u0259 157 b\u0259db\u0259xt hadis\u0259 ba\u015f verib v\u0259 bu hadis\u0259l\u0259r zaman\u0131 534 n\u0259f\u0259r h\u0259lak olub. \u00dcmumilikd\u0259 2019-cu ild\u0259 h\u0259yata ke\u00e7iril\u0259n h\u0259r 5.5 milyon aviareys\u0259 yaln\u0131z bir \u00f6l\u00fcmc\u00fcl q\u0259za d\u00fc\u015f\u00fcb.<\/p>\n","protected":false},"author":2,"featured_media":114412,"comment_status":"closed","ping_status":"closed","sticky":false,"template":"","format":"standard","meta":{"om_disable_all_campaigns":false,"_monsterinsights_skip_tracking":false,"_monsterinsights_sitenote_active":false,"_monsterinsights_sitenote_note":"","_monsterinsights_sitenote_category":0},"categories":[7],"tags":[],"aioseo_notices":[],"gutentor_comment":0,"rttpg_featured_image_url":{"full":["https:\/\/arantv.az\/wp-content\/uploads\/2020\/01\/avia.jpg",620,349,false],"landscape":["https:\/\/arantv.az\/wp-content\/uploads\/2020\/01\/avia.jpg",620,349,false],"portraits":["https:\/\/arantv.az\/wp-content\/uploads\/2020\/01\/avia.jpg",620,349,false],"thumbnail":["https:\/\/arantv.az\/wp-content\/uploads\/2020\/01\/avia-150x150.jpg",150,150,true],"medium":["https:\/\/arantv.az\/wp-content\/uploads\/2020\/01\/avia-300x169.jpg",300,169,true],"large":["https:\/\/arantv.az\/wp-content\/uploads\/2020\/01\/avia.jpg",620,349,false],"1536x1536":["https:\/\/arantv.az\/wp-content\/uploads\/2020\/01\/avia.jpg",620,349,false],"2048x2048":["https:\/\/arantv.az\/wp-content\/uploads\/2020\/01\/avia.jpg",620,349,false],"post-thumbnail":["https:\/\/arantv.az\/wp-content\/uploads\/2020\/01\/avia-240x172.jpg",240,172,true],"advps-thumb-one":["https:\/\/arantv.az\/wp-content\/uploads\/2020\/01\/avia.jpg",620,349,false]},"rttpg_author":{"display_name":"V\u00fcsal Rafiqo\u011flu","author_link":"https:\/\/arantv.az\/?author=2"},"rttpg_comment":0,"rttpg_category":"<a href=\"https:\/\/arantv.az\/?cat=7\" rel=\"category\">D\u00fcnya<\/a>","rttpg_excerpt":"2019-cu ild\u0259 aviaq\u0259za qurbanlar\u0131n\u0131n say\u0131 257 n\u0259f\u0259r olub. \u201cLenta.ru\u201d x\u0259b\u0259r verir ki, bu r\u0259q\u0259ml\u0259r Niderland\u0131n \u201cTo70\u201d konsaltinq kompaniyas\u0131n\u0131n haz\u0131rlad\u0131\u011f\u0131 \u201c2019 m\u00fclki aviasiya icmal\u0131\u201d \u00a0illik hesabat\u0131nda \u0259ks olunub. T\u0259\u015fkilat\u0131n m\u0259lumat\u0131na g\u00f6r\u0259, \u00fcmumilikd\u0259 2019-cu il \u0259rzind\u0259 d\u00fcnyada 86 aviasiya q\u0259zas\u0131 ba\u015f verib ki, onlardan 8-i \u00f6l\u00fcml\u0259 n\u0259tic\u0259l\u0259nib. Bu g\u00f6st\u0259rici \u0259vv\u0259lki ill\u0259 m\u00fcqayis\u0259d\u0259 dem\u0259k olar ki, 2 d\u0259f\u0259&hellip;","_links":{"self":[{"href":"https:\/\/arantv.az\/index.php?rest_route=\/wp\/v2\/posts\/114411"}],"collection":[{"href":"https:\/\/arantv.az\/index.php?rest_route=\/wp\/v2\/posts"}],"about":[{"href":"https:\/\/arantv.az\/index.php?rest_route=\/wp\/v2\/types\/post"}],"author":[{"embeddable":true,"href":"https:\/\/arantv.az\/index.php?rest_route=\/wp\/v2\/users\/2"}],"replies":[{"embeddable":true,"href":"https:\/\/arantv.az\/index.php?rest_route=%2Fwp%2Fv2%2Fcomments&post=114411"}],"version-history":[{"count":0,"href":"https:\/\/arantv.az\/index.php?rest_route=\/wp\/v2\/posts\/114411\/revisions"}],"wp:featuredmedia":[{"embeddable":true,"href":"https:\/\/arantv.az\/index.php?rest_route=\/wp\/v2\/media\/114412"}],"wp:attachment":[{"href":"https:\/\/arantv.az\/index.php?rest_route=%2Fwp%2Fv2%2Fmedia&parent=114411"}],"wp:term":[{"taxonomy":"category","embeddable":true,"href":"https:\/\/arantv.az\/index.php?rest_route=%2Fwp%2Fv2%2Fcategories&post=114411"},{"taxonomy":"post_tag","embeddable":true,"href":"https:\/\/arantv.az\/index.php?rest_route=%2Fwp%2Fv2%2Ftags&post=114411"}],"curies":[{"name":"wp","href":"https:\/\/api.w.org\/{rel}","templated":true}]}}