{"id":114435,"date":"2020-01-02T15:13:41","date_gmt":"2020-01-02T12:13:41","guid":{"rendered":"http:\/\/arantv.az\/?p=114435"},"modified":"2020-01-02T15:13:41","modified_gmt":"2020-01-02T12:13:41","slug":"b%c9%99rd%c9%99-batalyonunun-yaranmasinin-28-ci-ildonumu-munasib%c9%99til%c9%99-yuzl%c9%99rl%c9%99-kecmis-doyuscu-birg%c9%99-xatir%c9%99-t%c9%99dbiri-t%c9%99skil-edib-videofoto","status":"publish","type":"post","link":"https:\/\/arantv.az\/?p=114435","title":{"rendered":"B\u0259rd\u0259 batalyonunun yaranmas\u0131n\u0131n 28-ci ild\u00f6n\u00fcm\u00fc m\u00fcnasib\u0259til\u0259 y\u00fczl\u0259rl\u0259 ke\u00e7mi\u015f d\u00f6y\u00fc\u015f\u00e7\u00fc birg\u0259 xatir\u0259 t\u0259dbiri t\u0259\u015fkil edib. VIDEO+FOTO"},"content":{"rendered":"<p>ARANTV.AZ bildirir ki, B\u0259rd\u0259 \u015e\u0259hidl\u0259r xiyaban\u0131na topla\u015fan qazil\u0259r d\u00f6y\u00fc\u015fd\u0259 h\u0259lak olan s\u0259ng\u0259r yolda\u015flar\u0131n\u0131n m\u0259zarlar\u0131n\u0131 ziyar\u0259t edibl\u0259r. B\u0259rd\u0259 m\u0259scidinin axundu hac\u0131 Ramazan H\u00fcseynov \u015f\u0259hidl\u0259rin ruhuna dua oxuyub. Qazil\u0259r B\u0259rd\u0259 batalyonunun yarad\u0131c\u0131s\u0131 v\u0259 komandiri olmu\u015f El\u00e7in \u018fliyevin q\u0259bri yan\u0131nda topla\u015faraq ehtiramlar\u0131n\u0131 ifad\u0259 edib, xatir\u0259l\u0259rini bol\u00fc\u015f\u00fcbl\u0259r.<\/p>\n<p>Komandir El\u00e7in \u018fliyevin d\u00f6y\u00fc\u015f yolda\u015flar\u0131 onun c\u0259surlu\u011fundan, h\u00fcn\u0259rind\u0259n, eyni zamanda sad\u0259liyind\u0259n, qay\u011f\u0131ke\u015fliyind\u0259n dan\u0131\u015f\u0131blar.<\/p>\n<p>M\u0259lumata g\u00f6r\u0259, B\u0259rd\u0259 batalyonu ilk yarand\u0131\u011f\u0131nda 60 n\u0259f\u0259r k\u00f6n\u00fcll\u00fc \u0259sg\u0259rd\u0259n ibar\u0259t olub. Q\u0131sa m\u00fcdd\u0259t \u0259rzind\u0259 is\u0259 s\u0131ralar\u0131 geni\u015fl\u0259n\u0259r\u0259k 1200 n\u0259f\u0259ri \u0259hat\u0259 edib. Onlar c\u0259bh\u0259nin A\u011fdam, T\u0259rt\u0259r, Goranboy rayonlar\u0131 istiqam\u0259tind\u0259 d\u00fc\u015fm\u0259nin h\u00fccumlar\u0131n\u0131n qar\u015f\u0131s\u0131n\u0131n al\u0131nmas\u0131nda misilsiz f\u0259d\u0259karl\u0131qlar g\u00f6st\u0259ribl\u0259r.<\/p>\n<div class=\"b-inject m-inject-free\">\n<div class=\"b-inject__slider touchcarousel\">\n<div class=\"lSSlideOuter\">\n<div class=\"lSSlideWrapper usingCss\"><\/div>\n<\/div>\n<\/div>\n<\/div>\n<p><a href=\"https:\/\/sputnik.az\/life\/20191229\/422759752\/berde-batalyonu-shehidleri-yad-etdiler.html\">Qeyd ed\u0259k ki, m\u00fcst\u0259qillik ill\u0259rinin \u0259vv\u0259lind\u0259 Erm\u0259nistan \u2013 Az\u0259rbaycan Da\u011fl\u0131q Qaraba\u011f m\u00fcnaqi\u015f\u0259sinin ba\u015flanmas\u0131 il\u0259 k\u00f6n\u00fcll\u00fc batalyonlar yarad\u0131l\u0131rd\u0131. 1991-ci ild\u0259 yarad\u0131lan bel\u0259 batalyonlardan biri d\u0259 B\u0259rd\u0259 taboru olub. Batalyon y\u00fczl\u0259rl\u0259 \u015f\u0259hid verib. Onlardan ikisi &#8211; S\u0259fiyar Behbudov v\u0259 Elgiz K\u0259rimov \u00f6l\u00fcm\u00fcnd\u0259n sonra\u00a0 Milli Q\u0259hr\u0259man ad\u0131na, xeyli sayda d\u00f6y\u00fc\u015f\u00e7\u00fc is\u0259 orden v\u0259 medallara layiq g\u00f6r\u00fcl\u00fcb.<\/p>\n<p><\/a><\/p>\n<p><img loading=\"lazy\" class=\"alignnone size-medium wp-image-114439\" src=\"https:\/\/arantv.az\/wp-content\/uploads\/2020\/01\/95db9dbe-8211-4939-beef-0bf83d743db5-300x186.jpg\" alt=\"\" width=\"300\" height=\"186\" \/><img loading=\"lazy\" class=\"alignnone size-medium wp-image-114437\" src=\"https:\/\/arantv.az\/wp-content\/uploads\/2020\/01\/e9f5866b-7d2d-4f78-9d5f-7b838b71e211-300x171.jpg\" alt=\"\" width=\"300\" height=\"171\" \/><img loading=\"lazy\" class=\"alignnone size-medium wp-image-114436\" src=\"https:\/\/arantv.az\/wp-content\/uploads\/2020\/01\/d56dea55-6b1d-4698-8244-7d0adaac527d-300x220.jpg\" alt=\"\" width=\"300\" height=\"220\" \/><img loading=\"lazy\" class=\"alignnone size-medium wp-image-114438\" src=\"https:\/\/arantv.az\/wp-content\/uploads\/2020\/01\/27454398-2181-4084-897e-8efca6348319-300x222.jpg\" alt=\"\" width=\"300\" height=\"222\" \/><\/p>\n<div class=\"b-inject m-inject-free\">\n<div class=\"b-inject__slider touchcarousel\">\n<div class=\"lSSlideOuter\">\n<div class=\"lSSlideWrapper usingCss\"><\/div>\n<\/div>\n<\/div>\n<\/div>\n<p><iframe loading=\"lazy\" width=\"640\" height=\"360\" src=\"https:\/\/www.youtube.com\/embed\/zZpeC4lkUOE?start=126&#038;feature=oembed\" frameborder=\"0\" allow=\"accelerometer; autoplay; encrypted-media; gyroscope; picture-in-picture\" allowfullscreen><\/iframe><\/p>\n<p>&nbsp;<\/p>\n","protected":false},"excerpt":{"rendered":"<p>ARANTV.AZ bildirir ki, B\u0259rd\u0259 \u015e\u0259hidl\u0259r xiyaban\u0131na topla\u015fan qazil\u0259r d\u00f6y\u00fc\u015fd\u0259 h\u0259lak olan s\u0259ng\u0259r yolda\u015flar\u0131n\u0131n m\u0259zarlar\u0131n\u0131 ziyar\u0259t edibl\u0259r. B\u0259rd\u0259 m\u0259scidinin axundu hac\u0131 Ramazan H\u00fcseynov \u015f\u0259hidl\u0259rin ruhuna dua oxuyub. Qazil\u0259r B\u0259rd\u0259 batalyonunun yarad\u0131c\u0131s\u0131 v\u0259 komandiri olmu\u015f El\u00e7in \u018fliyevin q\u0259bri yan\u0131nda topla\u015faraq ehtiramlar\u0131n\u0131 ifad\u0259 edib, xatir\u0259l\u0259rini bol\u00fc\u015f\u00fcbl\u0259r. Komandir El\u00e7in \u018fliyevin d\u00f6y\u00fc\u015f yolda\u015flar\u0131 onun c\u0259surlu\u011fundan, h\u00fcn\u0259rind\u0259n, eyni zamanda sad\u0259liyind\u0259n, qay\u011f\u0131ke\u015fliyind\u0259n dan\u0131\u015f\u0131blar. M\u0259lumata g\u00f6r\u0259, B\u0259rd\u0259 batalyonu ilk yarand\u0131\u011f\u0131nda 60 n\u0259f\u0259r k\u00f6n\u00fcll\u00fc \u0259sg\u0259rd\u0259n ibar\u0259t olub. Q\u0131sa m\u00fcdd\u0259t \u0259rzind\u0259 is\u0259 s\u0131ralar\u0131 geni\u015fl\u0259n\u0259r\u0259k 1200 n\u0259f\u0259ri \u0259hat\u0259 edib. Onlar c\u0259bh\u0259nin A\u011fdam, T\u0259rt\u0259r, Goranboy rayonlar\u0131 istiqam\u0259tind\u0259 d\u00fc\u015fm\u0259nin h\u00fccumlar\u0131n\u0131n qar\u015f\u0131s\u0131n\u0131n al\u0131nmas\u0131nda misilsiz&hellip;<\/p>\n","protected":false},"author":2,"featured_media":114440,"comment_status":"closed","ping_status":"closed","sticky":false,"template":"","format":"standard","meta":{"om_disable_all_campaigns":false,"_monsterinsights_skip_tracking":false,"_monsterinsights_sitenote_active":false,"_monsterinsights_sitenote_note":"","_monsterinsights_sitenote_category":0},"categories":[11,2],"tags":[],"aioseo_notices":[],"gutentor_comment":0,"rttpg_featured_image_url":{"full":["https:\/\/arantv.az\/wp-content\/uploads\/2020\/01\/ba4bd986-9d70-4819-9040-408a610d7af6.jpg",914,498,false],"landscape":["https:\/\/arantv.az\/wp-content\/uploads\/2020\/01\/ba4bd986-9d70-4819-9040-408a610d7af6.jpg",914,498,false],"portraits":["https:\/\/arantv.az\/wp-content\/uploads\/2020\/01\/ba4bd986-9d70-4819-9040-408a610d7af6.jpg",914,498,false],"thumbnail":["https:\/\/arantv.az\/wp-content\/uploads\/2020\/01\/ba4bd986-9d70-4819-9040-408a610d7af6-150x150.jpg",150,150,true],"medium":["https:\/\/arantv.az\/wp-content\/uploads\/2020\/01\/ba4bd986-9d70-4819-9040-408a610d7af6-300x163.jpg",300,163,true],"large":["https:\/\/arantv.az\/wp-content\/uploads\/2020\/01\/ba4bd986-9d70-4819-9040-408a610d7af6.jpg",640,349,false],"1536x1536":["https:\/\/arantv.az\/wp-content\/uploads\/2020\/01\/ba4bd986-9d70-4819-9040-408a610d7af6.jpg",914,498,false],"2048x2048":["https:\/\/arantv.az\/wp-content\/uploads\/2020\/01\/ba4bd986-9d70-4819-9040-408a610d7af6.jpg",914,498,false],"post-thumbnail":["https:\/\/arantv.az\/wp-content\/uploads\/2020\/01\/ba4bd986-9d70-4819-9040-408a610d7af6-240x172.jpg",240,172,true],"advps-thumb-one":["https:\/\/arantv.az\/wp-content\/uploads\/2020\/01\/ba4bd986-9d70-4819-9040-408a610d7af6.jpg",914,498,false]},"rttpg_author":{"display_name":"V\u00fcsal Rafiqo\u011flu","author_link":"https:\/\/arantv.az\/?author=2"},"rttpg_comment":0,"rttpg_category":"<a href=\"https:\/\/arantv.az\/?cat=11\" rel=\"category\">Manset<\/a> <a href=\"https:\/\/arantv.az\/?cat=2\" rel=\"category\">Region X\u0259b\u0259rl\u0259ri<\/a>","rttpg_excerpt":"ARANTV.AZ bildirir ki, B\u0259rd\u0259 \u015e\u0259hidl\u0259r xiyaban\u0131na topla\u015fan qazil\u0259r d\u00f6y\u00fc\u015fd\u0259 h\u0259lak olan s\u0259ng\u0259r yolda\u015flar\u0131n\u0131n m\u0259zarlar\u0131n\u0131 ziyar\u0259t edibl\u0259r. B\u0259rd\u0259 m\u0259scidinin axundu hac\u0131 Ramazan H\u00fcseynov \u015f\u0259hidl\u0259rin ruhuna dua oxuyub. Qazil\u0259r B\u0259rd\u0259 batalyonunun yarad\u0131c\u0131s\u0131 v\u0259 komandiri olmu\u015f El\u00e7in \u018fliyevin q\u0259bri yan\u0131nda topla\u015faraq ehtiramlar\u0131n\u0131 ifad\u0259 edib, xatir\u0259l\u0259rini bol\u00fc\u015f\u00fcbl\u0259r. Komandir El\u00e7in \u018fliyevin d\u00f6y\u00fc\u015f yolda\u015flar\u0131 onun c\u0259surlu\u011fundan, h\u00fcn\u0259rind\u0259n, eyni zamanda sad\u0259liyind\u0259n, qay\u011f\u0131ke\u015fliyind\u0259n&hellip;","_links":{"self":[{"href":"https:\/\/arantv.az\/index.php?rest_route=\/wp\/v2\/posts\/114435"}],"collection":[{"href":"https:\/\/arantv.az\/index.php?rest_route=\/wp\/v2\/posts"}],"about":[{"href":"https:\/\/arantv.az\/index.php?rest_route=\/wp\/v2\/types\/post"}],"author":[{"embeddable":true,"href":"https:\/\/arantv.az\/index.php?rest_route=\/wp\/v2\/users\/2"}],"replies":[{"embeddable":true,"href":"https:\/\/arantv.az\/index.php?rest_route=%2Fwp%2Fv2%2Fcomments&post=114435"}],"version-history":[{"count":0,"href":"https:\/\/arantv.az\/index.php?rest_route=\/wp\/v2\/posts\/114435\/revisions"}],"wp:featuredmedia":[{"embeddable":true,"href":"https:\/\/arantv.az\/index.php?rest_route=\/wp\/v2\/media\/114440"}],"wp:attachment":[{"href":"https:\/\/arantv.az\/index.php?rest_route=%2Fwp%2Fv2%2Fmedia&parent=114435"}],"wp:term":[{"taxonomy":"category","embeddable":true,"href":"https:\/\/arantv.az\/index.php?rest_route=%2Fwp%2Fv2%2Fcategories&post=114435"},{"taxonomy":"post_tag","embeddable":true,"href":"https:\/\/arantv.az\/index.php?rest_route=%2Fwp%2Fv2%2Ftags&post=114435"}],"curies":[{"name":"wp","href":"https:\/\/api.w.org\/{rel}","templated":true}]}}