{"id":114610,"date":"2020-01-03T12:42:09","date_gmt":"2020-01-03T09:42:09","guid":{"rendered":"http:\/\/arantv.az\/?p=114610"},"modified":"2020-01-03T12:42:09","modified_gmt":"2020-01-03T09:42:09","slug":"az%c9%99rbaycan-xin-2019-cu-ilin-yekunlarina-dair-hesabat-hazirlayib","status":"publish","type":"post","link":"https:\/\/arantv.az\/?p=114610","title":{"rendered":"Az\u0259rbaycan X\u0130N 2019-cu ilin yekunlar\u0131na dair hesabat haz\u0131rlay\u0131b"},"content":{"rendered":"<p>Az\u0259rbaycan\u0131n Xarici \u0130\u015fl\u0259r Nazirliyi 2019-cu ilin yekunlar\u0131na dair hesabat haz\u0131rlay\u0131b.<\/p>\n<p>X\u0130N-d\u0259n veril\u0259n m\u0259lumata g\u00f6r\u0259, hesabatda deyilir:<\/p>\n<p>\u201c\u00d6t\u0259n 2019-cu il \u0259rzind\u0259 beyn\u0259lxalq m\u00fcnasib\u0259tl\u0259r m\u00fcst\u0259visind\u0259 artan siyasi v\u0259 iqtisadi g\u0259rginlik \u015f\u0259raitind\u0259 Az\u0259rbaycan Respublikas\u0131 milli maraqlar\u0131na arxalanan m\u00fcst\u0259qil xarici siyas\u0259t kursunu u\u011furla davam etdirmi\u015fdir. Yerl\u0259\u015fdiyi region \u0259traf\u0131nda c\u0259r\u0259yan ed\u0259n ziddiyy\u0259tli prosesl\u0259r fonunda daxili sabitlik v\u0259 ard\u0131c\u0131l inki\u015faf tempini t\u0259min etm\u0259k, d\u00f6vl\u0259t idar\u0259\u00e7iliyi sah\u0259sind\u0259 \u0259sasl\u0131 islahatlar yeritm\u0259k, iqtisadiyyat\u0131n\u0131 m\u00fcsb\u0259t art\u0131m dinamikas\u0131na k\u00f6kl\u0259m\u0259k v\u0259 f\u0259al i\u015ftirak\u00e7\u0131s\u0131 oldu\u011fu irimiqyasl\u0131 layih\u0259l\u0259ri s\u0259m\u0259r\u0259li \u015f\u0259kild\u0259 h\u0259yata ke\u00e7irm\u0259kl\u0259 \u00f6lk\u0259miz beyn\u0259lxalq s\u0259viyy\u0259d\u0259ki y\u00fcks\u0259k n\u00fcfuzunun daha da artmas\u0131na m\u00fcv\u0259ff\u0259q olmu\u015fdur.<\/p>\n<p>2019-cu il Az\u0259rbaycan Respublikas\u0131 diplomatik xidm\u0259t orqanlar\u0131n\u0131n 100 illik yubileyi il\u0259 \u0259lam\u0259tdar olmu\u015fdur. Y\u00fcz il bundan \u00f6nc\u0259 Az\u0259rbaycan Xalq C\u00fcmhuriyy\u0259tinin maraqlar\u0131n\u0131 beyn\u0259lxalq al\u0259md\u0259 layiqinc\u0259 t\u0259msil etm\u0259k m\u0259qs\u0259dil\u0259 t\u0259sis edilmi\u015f Xarici \u0130\u015fl\u0259r Nazirliyi ona h\u0259val\u0259 edilmi\u015f miras\u0131n qorunmas\u0131 v\u0259 inki\u015faf etdirilm\u0259si yolunda \u00f6t\u0259n bir \u0259sirlik d\u00f6vrd\u0259 s\u0259yl\u0259rini \u0259sirg\u0259m\u0259mi\u015fdir. Diplomatik xidm\u0259t orqanlar\u0131n\u0131n 100 illik yubileyi il\u0259 \u0259laq\u0259dar Az\u0259rbaycan Respublikas\u0131n\u0131n Prezidenti c\u0259nab \u0130lham \u018fliyev \u00f6z t\u0259brik m\u00fcraci\u0259tind\u0259 vur\u011fulam\u0131\u015fd\u0131r: \u201cM\u00fcst\u0259qilliyimizin m\u00f6hk\u0259ml\u0259ndirilm\u0259sind\u0259, Az\u0259rbaycan h\u0259qiq\u0259tl\u0259rinin d\u00fcnyaya \u00e7atd\u0131r\u0131lmas\u0131nda, \u00f6lk\u0259mizin beyn\u0259lxalq birliyin f\u0259al \u00fczv\u00fcn\u0259 \u00e7evrilm\u0259sind\u0259 diplomatlar\u0131m\u0131z\u0131n, diplomatik xidm\u0259t orqanlar\u0131m\u0131z\u0131n m\u00fcst\u0259sna xidm\u0259tl\u0259ri var.<\/p>\n<p>Prezident c\u0259nab \u0130lham \u018fliyevin t\u0259\u015f\u0259bb\u00fcs\u00fc v\u0259 r\u0259hb\u0259rliyi il\u0259 h\u0259yata ke\u00e7iril\u0259n h\u0259rt\u0259r\u0259fli islahatlar sosial-iqtisadi sabitlik v\u0259 inki\u015faf\u0131 t\u0259min etm\u0259kl\u0259 yana\u015f\u0131 \u00f6lk\u0259mizin beyn\u0259lxalq al\u0259md\u0259 m\u00fcsb\u0259t imicinin artmas\u0131na m\u00fcnbit z\u0259min yaratm\u0131\u015fd\u0131r. D\u00f6vl\u0259timizin h\u0259rt\u0259r\u0259fli inki\u015faf strategiyas\u0131n\u0131n ayr\u0131lmaz t\u0259rkib hiss\u0259si olan xarici siyas\u0259t f\u0259aliyy\u0259ti \u00e7ox\u015fax\u0259lilik, \u00e7eviklik, \u015f\u0259ffafl\u0131q, b\u0259rab\u0259rh\u00fcquqlu v\u0259 qar\u015f\u0131l\u0131ql\u0131 faydal\u0131 \u0259m\u0259kda\u015fl\u0131q prinsipl\u0259ri \u0259sas\u0131nda y\u00fcr\u00fcd\u00fcl\u0259r\u0259k, Az\u0259rbaycan\u0131n etibarl\u0131 v\u0259 davaml\u0131 t\u0259r\u0259fda\u015f kimi beyn\u0259lxalq m\u00f6vqeyinin g\u00fccl\u0259nm\u0259sin\u0259 xidm\u0259t etmi\u015fdir.<\/p>\n<p>Diplomatik f\u0259aliyy\u0259timizin \u0259sas istiqam\u0259ti Erm\u0259nistan\u0131n Az\u0259rbaycana qar\u015f\u0131 h\u0259rbi t\u0259cav\u00fcz\u00fcn\u0259 son qoyulmas\u0131 v\u0259 \u00f6lk\u0259mizin beyn\u0259lxalq s\u0259viyy\u0259d\u0259 tan\u0131nm\u0131\u015f s\u0259rh\u0259dl\u0259ri \u00e7\u0259r\u00e7iv\u0259sind\u0259 suverenliyi v\u0259 \u0259razi b\u00fct\u00f6vl\u00fcy\u00fcn\u00fcn b\u0259rpa edilm\u0259si \u00fcz\u0259rind\u0259 c\u0259ml\u0259\u015fmi\u015fdir.<\/p>\n<p>H\u0259yata ke\u00e7iril\u0259n ard\u0131c\u0131l diplomatik s\u0259yl\u0259r n\u0259tic\u0259sind\u0259 d\u00fcnya birliyinin Erm\u0259nistan-Az\u0259rbaycan Da\u011fl\u0131q Qaraba\u011f m\u00fcnaqi\u015f\u0259sinin suverenlik, \u0259razi b\u00fct\u00f6vl\u00fcy\u00fc v\u0259 beyn\u0259lxalq s\u0259rh\u0259dl\u0259rin toxunulmazl\u0131\u011f\u0131 prinsipl\u0259ri \u0259sas\u0131nda h\u0259ll edilm\u0259sin\u0259 y\u00f6n\u0259lmi\u015f Az\u0259rbaycan\u0131n haql\u0131 m\u00f6vqeyin\u0259 d\u0259st\u0259yi daha da artm\u0131\u015fd\u0131r.<\/p>\n<p>S\u0131ralar\u0131nda 120 \u00fczv \u00f6lk\u0259ni birl\u0259\u015fdir\u0259n v\u0259 BMT-d\u0259n sonra \u0259n b\u00f6y\u00fck siyasi platforma t\u0259\u015fkil ed\u0259n Qo\u015fulmama H\u0259r\u0259kat\u0131n\u0131n bu il oktyabr\u0131n 25-26-da Bak\u0131da ke\u00e7irilmi\u015f Zirv\u0259 g\u00f6r\u00fc\u015f\u00fcn\u00fcn yekun s\u0259n\u0259dind\u0259 d\u00f6vl\u0259t v\u0259 h\u00f6kum\u0259t ba\u015f\u00e7\u0131lar\u0131 g\u00fcc yolu il\u0259 \u0259razil\u0259rin z\u0259bt edilm\u0259sinin yolverilm\u0259zliyini, h\u0259m\u00e7inin Erm\u0259nistan-Az\u0259rbaycan m\u00fcnaqi\u015f\u0259sinin Az\u0259rbaycan\u0131n \u0259razi b\u00fct\u00f6vl\u00fcy\u00fc, suverenliyi v\u0259 s\u0259rh\u0259dl\u0259rinin toxunulmazl\u0131\u011f\u0131 prinsipi \u0259sas\u0131nda h\u0259ll edilm\u0259sinin vacibliyini vur\u011fulam\u0131\u015f v\u0259 he\u00e7 bir \u00fczv d\u00f6vl\u0259tin Az\u0259rbaycan Respublikas\u0131n\u0131n \u0259razil\u0259rinin i\u015f\u011fal edilm\u0259si n\u0259tic\u0259sind\u0259 yaranm\u0131\u015f v\u0259ziyy\u0259tin qanuniliyini tan\u0131mayacaqlar\u0131n\u0131 t\u0259sdiq etmi\u015fl\u0259r. Zirv\u0259 g\u00f6r\u00fc\u015f\u00fcnd\u0259 Qo\u015fulmama H\u0259r\u0259kat\u0131na s\u0259drlik 2019-cu ild\u0259n etibar\u0259n 3 il m\u00fcdd\u0259tin\u0259 Az\u0259rbaycan Respublikas\u0131na ke\u00e7mi\u015fdir.<\/p>\n<p>May\u0131n 23-24-d\u0259 ke\u00e7irilmi\u015f \u0130slam \u018fm\u0259kda\u015fl\u0131q T\u0259\u015fkilat\u0131n\u0131n (\u0130\u018fT) D\u00f6vl\u0259t v\u0259 H\u00f6kum\u0259t ba\u015f\u00e7\u0131lar\u0131n\u0131n 14-c\u00fc Zirv\u0259 g\u00f6r\u00fc\u015f\u00fcnd\u0259 q\u0259bul edilmi\u015f Yekun Kommuniked\u0259 Erm\u0259nistan\u0131n t\u0259cav\u00fcz\u00fc n\u0259tic\u0259sind\u0259 Az\u0259rbaycan Respublikas\u0131 \u0259razil\u0259rinin i\u015f\u011fal\u0131 q\u0259tiyy\u0259tl\u0259 pisl\u0259nilmi\u015f v\u0259 i\u015f\u011fal\u0131n davam etdirilm\u0259sin\u0259 dolay\u0131 yolla bel\u0259 yard\u0131m ed\u0259c\u0259k h\u0259r hans\u0131 bir f\u0259aliyy\u0259tin qar\u015f\u0131s\u0131n\u0131n al\u0131nmas\u0131 \u00fc\u00e7\u00fcn \u00fczv d\u00f6vl\u0259tl\u0259r\u0259 \u00e7a\u011f\u0131r\u0131\u015f \u0259ks olunmu\u015fdur. \u0130\u018fT-in Xarici \u0130\u015fl\u0259r Nazirl\u0259ri \u015euras\u0131n\u0131n 1-2 mart tarixl\u0259rind\u0259 ke\u00e7irilmi\u015f 46-c\u0131 sessiyas\u0131nda \u201cErm\u0259nistan Respublikas\u0131n\u0131n Az\u0259rbaycan Respublikas\u0131na qar\u015f\u0131 t\u0259cav\u00fcz\u00fc\u201d, \u201cErm\u0259nistan Respublikas\u0131n\u0131n Az\u0259rbaycan Respublikas\u0131na qar\u015f\u0131 t\u0259cav\u00fcz\u00fc n\u0259tic\u0259sind\u0259 Az\u0259rbaycan\u0131n i\u015f\u011fal edilmi\u015f \u0259razil\u0259rind\u0259 \u0130slam dinin\u0259 aid tarixi v\u0259 m\u0259d\u0259ni abid\u0259l\u0259rin v\u0259 izl\u0259rin da\u011f\u0131d\u0131lmas\u0131 v\u0259 t\u0259hqir olunmas\u0131\u201d, \u201cXocal\u0131 q\u0131r\u011f\u0131n\u0131n\u0131n qurbanlar\u0131 il\u0259 h\u0259mr\u0259ylik\u201d, \u201cAz\u0259rbaycana iqtisadi yard\u0131m\u0131n g\u00f6st\u0259rilm\u0259si\u201d adl\u0131 q\u0259tnam\u0259l\u0259r q\u0259bul edilmi\u015fdir.<\/p>\n<p>May\u0131n 17-d\u0259 ke\u00e7irilmi\u015f Avropa \u015euras\u0131n\u0131n (A\u015e) Xarici \u0130\u015fl\u0259r Nazirl\u0259ri \u015euras\u0131n\u0131n 129-cu sessiyas\u0131n\u0131n s\u0259n\u0259dl\u0259rind\u0259 \u00fczv d\u00f6vl\u0259tl\u0259rin h\u00fcquq v\u0259 \u00f6hd\u0259likl\u0259ri bar\u0259d\u0259 \u00e7\u0131xar\u0131lan q\u0259rarda \u00fczv d\u00f6vl\u0259tl\u0259rin \u0259razi b\u00fct\u00f6vl\u00fcy\u00fcn\u0259 h\u00f6rm\u0259ti t\u0259sdiq ed\u0259n m\u00fcdd\u0259a \u00f6z \u0259ksini tapm\u0131\u015fd\u0131r.<\/p>\n<p>Oktyabr\u0131n 15-d\u0259 ke\u00e7irilmi\u015f T\u00fcrkdilli D\u00f6vl\u0259tl\u0259rin \u018fm\u0259kda\u015fl\u0131q \u015euras\u0131n\u0131n (TD\u018f\u015e) 7-ci Zirv\u0259 g\u00f6r\u00fc\u015f\u00fcn\u00fcn Yekun B\u0259yannam\u0259sind\u0259 Erm\u0259nistan-Az\u0259rbaycan Da\u011fl\u0131q Qaraba\u011f m\u00fcnaqi\u015f\u0259sinin Az\u0259rbaycan Respublikas\u0131n\u0131n suverenliyi, \u0259razi b\u00fct\u00f6vl\u00fcy\u00fc v\u0259 beyn\u0259lxalq s\u0259viyy\u0259d\u0259 tan\u0131nm\u0131\u015f s\u0259rh\u0259dl\u0259rinin toxunulmazl\u0131\u011f\u0131 \u0259sas\u0131nda tezlikl\u0259 h\u0259llin\u0259 dair q\u0259tiyy\u0259tli d\u0259st\u0259k \u00f6z \u0259ksini tapm\u0131\u015fd\u0131r.<\/p>\n<p>\u0130yunun 14-15-d\u0259 ke\u00e7irilmi\u015f Asiyada Qar\u015f\u0131l\u0131ql\u0131 F\u0259aliyy\u0259t v\u0259 Etimad T\u0259dbirl\u0259ri \u00fczr\u0259 M\u00fc\u015favir\u0259nin 5-ci Sammitinin Yekun B\u0259yannam\u0259sind\u0259 separatizmin pisl\u0259nilm\u0259si, regional m\u00fcnaqi\u015f\u0259l\u0259rin beyn\u0259lxalq h\u00fcququn norma v\u0259 prinsipl\u0259ri v\u0259 beyn\u0259lxalq t\u0259\u015fkilatlar\u0131n q\u0259bul etdikl\u0259ri q\u0259rarlar \u0259sas\u0131nda h\u0259lli m\u0259s\u0259l\u0259l\u0259ri \u00f6z \u0259ksini tapm\u0131\u015fd\u0131r.<\/p>\n<p>Dekabr\u0131n 12-d\u0259 ke\u00e7irilmi\u015f GUAM \u00fczv-d\u00f6vl\u0259tl\u0259rinin H\u00f6kum\u0259t ba\u015f\u00e7\u0131lar\u0131n\u0131n Zirv\u0259 g\u00f6r\u00fc\u015f\u00fcn\u00fcn yekun B\u0259yannam\u0259sind\u0259 GUAM \u0259razisind\u0259 olan m\u00fcnaqi\u015f\u0259l\u0259rin tez bir zamanda BMT T\u0259hl\u00fck\u0259sizlik \u015euras\u0131n\u0131n q\u0259tnam\u0259l\u0259ri v\u0259 Helsinki Yekun Akt\u0131nda \u00f6z \u0259ksini tapm\u0131\u015f beyn\u0259lxalq h\u00fcququn norma v\u0259 prinsipl\u0259ri \u0259sas\u0131nda, d\u00f6vl\u0259tl\u0259rin suverenlik v\u0259 \u0259razi b\u00fct\u00f6vl\u00fcy\u00fcn\u0259 h\u00f6rm\u0259t v\u0259 beyn\u0259lxalq tan\u0131nm\u0131\u015f s\u0259rh\u0259dl\u0259ri \u00e7\u0259r\u00e7iv\u0259sind\u0259 h\u0259llinin vacibliyi vur\u011fulanm\u0131\u015fd\u0131r.<\/p>\n<p>2019-cu il \u0259rzind\u0259 Az\u0259rbaycan Respublikas\u0131n\u0131n Prezidenti c\u0259nab \u0130lham \u018fliyev Erm\u0259nistan-Az\u0259rbaycan Da\u011fl\u0131q Qaraba\u011f m\u00fcnaqi\u015f\u0259sinin t\u0259nziml\u0259nm\u0259si \u00fczr\u0259 apar\u0131lan m\u00fczakir\u0259l\u0259r \u00e7\u0259r\u00e7iv\u0259sind\u0259 21 fevral, 30 may v\u0259 17 oktyabr tarixl\u0259rind\u0259 Bak\u0131da AT\u018fT-in Minsk qrupunun h\u0259ms\u0259drl\u0259rini q\u0259bul etmi\u015fdir.<\/p>\n<p>Yanvar\u0131n 22-d\u0259 Davos \u00dcmumd\u00fcnya \u0130qtisadi Forumu \u00e7\u0259r\u00e7iv\u0259sind\u0259 Az\u0259rbaycan Respublikas\u0131n\u0131n Prezidentinin Erm\u0259nistan\u0131n Ba\u015f Naziri il\u0259 g\u00f6r\u00fc\u015f\u00fc ba\u015f tutmu\u015fdur. Mart\u0131n 29-da is\u0259 Vyanada AT\u018fT-in Minsk qrupunun h\u0259ms\u0259drl\u0259rinin vasit\u0259\u00e7iliyi il\u0259 Az\u0259rbaycan Respublikas\u0131n\u0131n Prezidenti v\u0259 Erm\u0259nistan\u0131n Ba\u015f Naziri aras\u0131nda g\u00f6r\u00fc\u015f ke\u00e7irilmi\u015fdir.<\/p>\n<p>Ke\u00e7\u0259n il Az\u0259rbaycan Respublikas\u0131n\u0131n Xarici \u0130\u015fl\u0259r naziri Elmar M\u0259mm\u0259dyarov v\u0259 Erm\u0259nistan Respublikas\u0131n\u0131n Xarici \u0130\u015fl\u0259r naziri Z\u00f6hrab Mnatsakanyan aras\u0131nda AT\u018fT-in Minsk Qrupunun h\u0259ms\u0259drl\u0259ri v\u0259 AT\u018fT-in f\u0259aliyy\u0259td\u0259 olan s\u0259drinin \u015f\u0259xsi n\u00fcmay\u0259nd\u0259si A.Kasp\u015fikin i\u015ftirak\u0131 il\u0259 yanvar\u0131n 16-da Parisd\u0259, aprelin 15-d\u0259 Moskvada, iyunun 20-d\u0259 Va\u015finqtonda, sentyabr\u0131n 23-d\u0259 Nyu-Yorkda v\u0259 dekabr\u0131n 4-d\u0259 Bratislavada olmaqla, \u00fcmumilikd\u0259 be\u015f g\u00f6r\u00fc\u015f ke\u00e7irilmi\u015fdir.<\/p>\n<p>AT\u018fT-in Minsk qrupunun h\u0259ms\u0259drl\u0259ri regiona s\u0259f\u0259rl\u0259ri \u00e7\u0259r\u00e7iv\u0259sind\u0259 Az\u0259rbaycan\u0131n Da\u011fl\u0131q Qaraba\u011f b\u00f6lg\u0259sinin az\u0259rbaycanl\u0131 icmas\u0131n\u0131n n\u00fcmay\u0259nd\u0259l\u0259ri il\u0259 g\u00f6r\u00fc\u015fl\u0259r ke\u00e7irmi\u015fl\u0259r.<\/p>\n<p>Az\u0259rbaycan \u0259razil\u0259rinin Erm\u0259nistan t\u0259r\u0259find\u0259n i\u015f\u011fal\u0131ndan \u0259ziyy\u0259t \u00e7\u0259k\u0259n insanlar\u0131n, x\u00fcsusil\u0259 d\u0259 m\u0259cburi k\u00f6\u00e7k\u00fcnl\u0259r, itkin d\u00fc\u015fm\u00fc\u015f, \u0259sir v\u0259 girov g\u00f6t\u00fcr\u00fclm\u00fc\u015f \u015f\u0259xsl\u0259rin h\u00fcquqlar\u0131n\u0131n beyn\u0259lxalq s\u0259viyy\u0259d\u0259 m\u00fcdafi\u0259si \u00fc\u00e7\u00fcn m\u00fcxt\u0259lif beyn\u0259lxalq t\u0259\u015fkilatlar \u00e7\u0259r\u00e7iv\u0259sind\u0259 f\u0259aliyy\u0259t cari ild\u0259 d\u0259 davam etdirilmi\u015f, m\u00fcxt\u0259lif q\u0259tnam\u0259 v\u0259 t\u00f6vsiy\u0259l\u0259r\u0259 m\u0259cburi k\u00f6\u00e7k\u00fcnl\u0259rin geri qay\u0131tmaq h\u00fcququ, girovlar\u0131n d\u0259rhal azad edilm\u0259si, itkin d\u00fc\u015fm\u00fc\u015f \u015f\u0259xsl\u0259rin taleyinin m\u00fc\u0259yy\u0259nl\u0259\u015fdirilm\u0259sin\u0259 dair m\u00fcdd\u0259alar\u0131n sal\u0131nmas\u0131na nail olunmu\u015fdur.<\/p>\n<p>Az\u0259rbaycan Respublikas\u0131n\u0131n xarici siyas\u0259tinin prioritet istiqam\u0259tl\u0259rin\u0259 daxil olan xarici iqtisadi-ticar\u0259t \u0259laq\u0259l\u0259rinin inki\u015faf\u0131, ixrac potensial\u0131n\u0131n art\u0131r\u0131lmas\u0131, yeni s\u0259rmay\u0259 imkanlar\u0131n\u0131n ara\u015fd\u0131r\u0131lmas\u0131, Az\u0259rbaycan v\u0259 xarici \u00f6lk\u0259l\u0259rin d\u00f6vl\u0259t v\u0259 i\u015fg\u00fczar dair\u0259l\u0259rinin qar\u015f\u0131l\u0131ql\u0131 s\u0259f\u0259rl\u0259rinin t\u0259\u015fkili, iqtisadi \u0259m\u0259kda\u015fl\u0131q \u00fczr\u0259 birg\u0259 h\u00f6kum\u0259tl\u0259raras\u0131 komissiya v\u0259 i\u015f\u00e7i qruplar\u0131n iclaslar\u0131n\u0131n ke\u00e7irilm\u0259si, i\u015f\u011fal edilmi\u015f \u0259razil\u0259rimizd\u0259 qeyri-qanuni iqtisadi f\u0259aliyy\u0259tin qar\u015f\u0131s\u0131n\u0131n al\u0131nmas\u0131, qlobal v\u0259 regional beyn\u0259lxalq iqtisadi t\u0259\u015fkilatlar \u00e7\u0259r\u00e7iv\u0259sind\u0259 \u0259m\u0259kda\u015fl\u0131\u011f\u0131n geni\u015fl\u0259ndirilm\u0259si \u0259sas f\u0259aliyy\u0259t istiqam\u0259tl\u0259rini t\u0259\u015fkil etmi\u015fdir.<\/p>\n<p>\u00d6t\u0259n il \u0259rzind\u0259 Q\u0259t\u0259r, B\u018f\u018f, T\u00fcrkiy\u0259, \u0130ran, S\u0259udiyy\u0259 \u018fr\u0259bistan\u0131, AB\u015e, \u018ffqan\u0131stan, Yaponiya, B\u00f6y\u00fck Britaniya, \u0130sve\u00e7r\u0259, Monteneqro, Qazax\u0131stan, Q\u0131r\u011f\u0131z\u0131stan, Fransa, Rusiya, T\u00fcrkm\u0259nistan, \u00c7in Xalq Respublikas\u0131 (\u00c7XR) v\u0259 \u00c7XR-in Sincan-Uy\u011fur muxtar regionu il\u0259 H\u00f6kum\u0259tl\u0259raras\u0131 Komissiyalar\u0131n iclaslar\u0131 ke\u00e7irilmi\u015fdir.<\/p>\n<p>Noyabr\u0131n 30-da \u00f6lk\u0259mizin t\u0259\u015f\u0259bb\u00fcs\u00fc v\u0259 i\u015ftirak\u0131 il\u0259 h\u0259yata ke\u00e7iril\u0259n Avropa \u00f6lk\u0259l\u0259rinin enerji t\u0259hl\u00fck\u0259sizliyin\u0259 t\u00f6hf\u0259 ver\u0259c\u0259k v\u0259 region \u00f6lk\u0259l\u0259rini s\u0131x \u0259m\u0259kda\u015fl\u0131q tell\u0259ri il\u0259 biri-birin\u0259 ba\u011flayacaq Avrasiyan\u0131n \u0259n n\u0259h\u0259ng infrastruktur layih\u0259l\u0259rind\u0259n biri olan C\u0259nubi Qaz D\u0259hlizinin (CQD) bir hiss\u0259sini t\u0259\u015fkil ed\u0259n v\u0259 Az\u0259rbaycan qaz\u0131n\u0131 T\u00fcrkiy\u0259 \u00fcz\u0259rind\u0259n Avropaya \u00e7atd\u0131racaq TANAP-\u0131n Avropa il\u0259 birl\u0259\u015f\u0259c\u0259k hiss\u0259sinin a\u00e7\u0131l\u0131\u015f\u0131 olmu\u015fdur.<\/p>\n<p>Dekabr\u0131n 5-6-da Bak\u0131da TRACECA H\u00f6kum\u0259tl\u0259raras\u0131 Komissiyas\u0131n\u0131n 14-c\u00fc iclas\u0131 v\u0259 t\u0259\u015fkilat\u0131n f\u0259aliyy\u0259tinin 20 illiyin\u0259 h\u0259sr olunmu\u015f beyn\u0259lxalq konfrans ke\u00e7irilmi\u015fdir. \u0130clas\u0131n yekunlar\u0131 \u00fczr\u0259 TRACECA-n\u0131n yeni ba\u015f katibi se\u00e7ilmi\u015f v\u0259 t\u0259\u015fkilatda s\u0259drlik Az\u0259rbaycana t\u0259hvil verilmi\u015fdir.<\/p>\n<p>\u0130l \u0259rzind\u0259 Az\u0259rbaycan il\u0259 Avropa \u0130ttifaq\u0131 (A\u0130) aras\u0131nda yeni ikit\u0259r\u0259fli Sazi\u015f layih\u0259si \u00fcz\u0259rind\u0259 intensiv dan\u0131\u015f\u0131qlar davam etdirilmi\u015fdir. 19 fevral tarixind\u0259 Bak\u0131da Az\u0259rbaycan-A\u0130 Y\u00fcks\u0259k S\u0259viyy\u0259li N\u0259qliyyat Dialoqunun g\u00f6r\u00fc\u015f\u00fc ke\u00e7irilmi\u015fdir ki, A\u0130-nin d\u00fcnyada c\u0259mi 7 \u00f6lk\u0259 il\u0259 bu sah\u0259d\u0259 y\u00fcks\u0259k s\u0259viyy\u0259li dialoqu m\u00f6vcuddur. Dekabr\u0131n 19-da ke\u00e7irilmi\u015f A\u0130-Az\u0259rbaycan T\u0259hl\u00fck\u0259sizlik Dialoqu g\u00f6r\u00fc\u015f\u00fcnd\u0259 t\u0259r\u0259fl\u0259r qar\u015f\u0131l\u0131ql\u0131 maraq do\u011furan vacib siyasi v\u0259 t\u0259hl\u00fck\u0259sizlik m\u0259s\u0259l\u0259l\u0259ri, o c\u00fcml\u0259d\u0259n m\u00fcnaqi\u015f\u0259l\u0259rin h\u0259lli v\u0259 b\u00f6hranlar\u0131n idar\u0259 olunmas\u0131, regional v\u0259 beyn\u0259lxalq t\u0259hl\u00fck\u0259sizliy\u0259 olan t\u0259hdid v\u0259 \u00e7a\u011f\u0131r\u0131\u015flar \u0259traf\u0131nda fikir m\u00fcbadil\u0259si aparm\u0131\u015f v\u0259 praktiki \u0259m\u0259kda\u015fl\u0131q imkanlar\u0131n\u0131 m\u00fczakir\u0259 etmi\u015fl\u0259r. A\u0130 t\u0259r\u0259fi A\u0130 r\u0259smil\u0259rinin Az\u0259rbaycan\u0131n \u0259razi b\u00fct\u00f6vl\u00fcy\u00fc, m\u00fcst\u0259qilliyi v\u0259 suverenliyin\u0259 ifad\u0259 etdiyi d\u0259st\u0259yi bir daha t\u0259sdiq etmi\u015fdir.<\/p>\n<p>\u0130nsan h\u00fcquqlar\u0131, demokratiya, qanunun aliliyi v\u0259 el\u0259c\u0259 d\u0259 yax\u015f\u0131 idar\u0259\u00e7ilik prinsipl\u0259rinin t\u0259\u015fviqin\u0259 cavabdeh olan beyn\u0259lxalq v\u0259 regional t\u0259\u015fkilatlarla s\u0131x \u0259m\u0259kda\u015fl\u0131q 2019-cu il \u0259rzind\u0259 d\u0259 u\u011furla davam etdirilmi\u015fdir. \u0130l \u0259rzind\u0259 \u00f6lk\u0259miz A\u015e, AT\u018fT v\u0259 BMT-nin \u0259laq\u0259dar t\u0259sisatlar\u0131n\u0131n i\u015find\u0259 yax\u0131ndan i\u015ftirak etmi\u015f v\u0259 h\u0259yata ke\u00e7iril\u0259n f\u0259aliyy\u0259tl\u0259r\u0259 \u00f6z t\u00f6hf\u0259sini vermi\u015fdir. Az\u0259rbaycan A\u015e-\u0131n U\u015faqlar\u0131n cinsi istismar v\u0259 cinsi zorak\u0131l\u0131qdan m\u00fcdafi\u0259sin\u0259 dair Lanzarote Konvensiyas\u0131n\u0131 ratifikasiya etmi\u015f v\u0259 Ekstradisiya il\u0259 ba\u011fl\u0131 Avropa Konvensiyas\u0131n\u0131n D\u00f6rd\u00fcnc\u00fc \u018flav\u0259 Protokolunu imzalam\u0131\u015fd\u0131r.<\/p>\n<p>Regionda davaml\u0131 s\u00fclh\u00fcn v\u0259 t\u0259hl\u00fck\u0259sizliyin, habel\u0259 dayan\u0131ql\u0131 inki\u015faf v\u0259 rifah\u0131n t\u0259min olunmas\u0131 istiqam\u0259tind\u0259 t\u0259\u015f\u0259bb\u00fcskarl\u0131\u011f\u0131 il\u0259 se\u00e7il\u0259n Az\u0259rbaycan Respublikas\u0131 \u00f6t\u0259n il \u0259rzind\u0259 m\u00fcxt\u0259lif regional t\u0259r\u0259fda\u015fl\u0131q \u00e7\u0259r\u00e7iv\u0259l\u0259rind\u0259 ke\u00e7irilmi\u015f m\u0259hsuldar g\u00f6r\u00fc\u015fl\u0259rd\u0259 f\u0259al i\u015ftirak etmi\u015f v\u0259 qon\u015fu \u00f6lk\u0259l\u0259rl\u0259 strateji t\u0259r\u0259fda\u015fl\u0131q m\u00fcnasib\u0259tl\u0259rini daha da d\u0259rinl\u0259\u015fdirmi\u015fdir.<\/p>\n<p>Dekabr\u0131n 23-d\u0259 Tbilisid\u0259 ke\u00e7irilmi\u015f Az\u0259rbaycan-T\u00fcrkiy\u0259-G\u00fcrc\u00fcstan xarici i\u015fl\u0259r nazirl\u0259ri g\u00f6r\u00fc\u015f\u00fcn\u00fcn Yekun s\u0259n\u0259dind\u0259 Az\u0259rbaycan v\u0259 G\u00fcrc\u00fcstan \u0259razil\u0259rind\u0259 m\u00f6vcud olan m\u00fcnaqi\u015f\u0259l\u0259rin beyn\u0259lxalq h\u00fcququn norma v\u0259 prinsipl\u0259ri \u0259sas\u0131nda, x\u00fcsus\u0259n d\u0259 suverenlik, \u0259razi b\u00fct\u00f6vl\u00fcy\u00fc v\u0259 beyn\u0259lxalq s\u0259viyy\u0259d\u0259 tan\u0131nm\u0131\u015f s\u0259rh\u0259dl\u0259rin toxunulmazl\u0131\u011f\u0131, o c\u00fcml\u0259d\u0259n BMT, AT\u018fT v\u0259 A\u015e-\u0131n m\u00fcvafiq q\u0259tnam\u0259 v\u0259 q\u0259rarlar\u0131 \u0259sas\u0131nda dayan\u0131ql\u0131 s\u00fclh yolu il\u0259 h\u0259llinin vacibliyi, h\u0259m\u00e7inin qa\u00e7q\u0131n v\u0259 m\u0259cburi k\u00f6\u00e7k\u00fcnl\u0259rin \u00f6z daimi ya\u015fay\u0131\u015f yerl\u0259rin\u0259 t\u0259hl\u00fck\u0259siz v\u0259 l\u0259yaq\u0259tl\u0259 geri qay\u0131tmas\u0131n\u0131n z\u0259ruriliyi vur\u011fulanm\u0131\u015fd\u0131r. G\u00f6r\u00fc\u015fd\u0259 \u00fc\u00e7t\u0259r\u0259fli \u0259m\u0259kda\u015fl\u0131q \u00fczr\u0259 f\u0259aliyy\u0259t plan\u0131 q\u0259bul edilmi\u015fdir.<\/p>\n<p>Noyabr\u0131n 27-29-da Moskvada ke\u00e7irilmi\u015f Az\u0259rbaycan-Rusiya Birg\u0259 Demarkasiya Komissiyas\u0131n\u0131n 8-ci iclas\u0131nda \u201cAz\u0259rbaycan-Rusiya Birg\u0259 Demarkasiya Komissiyas\u0131n\u0131n 2020-ci il \u00fczr\u0259 i\u015f Plan\u0131\u201d raz\u0131la\u015fd\u0131r\u0131laraq t\u0259sdiq edilmi\u015fdir.<\/p>\n<p>\u201cX\u0259z\u0259r d\u0259nizinin h\u00fcquqi statusu haqq\u0131nda Konvensiya\u201d imzaland\u0131qdan sonra X\u0259z\u0259r d\u0259nizind\u0259 ilk layih\u0259 olan, \u00f6lk\u0259miz \u00fc\u00e7\u00fcn iqtisadi bax\u0131mdan \u00f6n\u0259m da\u015f\u0131yan, X\u0259z\u0259ryan\u0131 \u00f6lk\u0259l\u0259rin r\u0259q\u0259msal infrastrukturunun g\u00fccl\u0259nm\u0259sin\u0259 v\u0259 onlar aras\u0131nda rabit\u0259 sah\u0259sind\u0259 \u0259laq\u0259l\u0259rin geni\u015fl\u0259nm\u0259sin\u0259 t\u0259sir ed\u0259c\u0259k \u201cAz\u0259rbaycan Respublikas\u0131 H\u00f6kum\u0259ti il\u0259 Qazax\u0131stan Respublikas\u0131 H\u00f6kum\u0259ti aras\u0131nda Az\u0259rbaycan Respublikas\u0131n\u0131n v\u0259 Qazax\u0131stan Respublikas\u0131n\u0131n rabit\u0259 operatorlar\u0131 t\u0259r\u0259find\u0259n Az\u0259rbaycan-Qazax\u0131stan mar\u015frutu \u00fczr\u0259 X\u0259z\u0259r d\u0259nizinin dibi il\u0259 fiber-optik rabit\u0259 x\u0259tl\u0259rinin birg\u0259 tikintisi, sahibliyi v\u0259 istifad\u0259sind\u0259 m\u00fc\u015ft\u0259r\u0259k f\u0259aliyy\u0259tin t\u0259\u015fkili haqq\u0131nda Sazi\u015f\u201d v\u0259 \u201cAz\u0259rbaycan Respublikas\u0131 H\u00f6kum\u0259ti il\u0259 T\u00fcrkm\u0259nistan H\u00f6kum\u0259ti aras\u0131nda Az\u0259rbaycan Respublikas\u0131n\u0131n v\u0259 T\u00fcrkm\u0259nistan\u0131n rabit\u0259 operatorlar\u0131 t\u0259r\u0259find\u0259n Az\u0259rbaycan-T\u00fcrkm\u0259nistan mar\u015frutu \u00fczr\u0259 X\u0259z\u0259r d\u0259nizinin dibi il\u0259 fiber-optik rabit\u0259 x\u0259tl\u0259rinin birg\u0259 tikintisi, sahibliyi v\u0259 istifad\u0259sind\u0259 m\u00fc\u015ft\u0259r\u0259k f\u0259aliyy\u0259tin t\u0259\u015fkili haqq\u0131nda Sazi\u015f\u201d m\u00fcvafiq olaraq 19 mart v\u0259 28 noyabr tarixl\u0259rind\u0259 imzalanm\u0131\u015fd\u0131r.<\/p>\n<p>\u018fvv\u0259lki ill\u0259rd\u0259 oldu\u011fu kimi, \u00f6t\u0259n il d\u0259 \u00f6lk\u0259mizd\u0259 m\u0259d\u0259niyy\u0259tl\u0259raras\u0131 dialoqun t\u0259\u015fviqin\u0259 b\u00f6y\u00fck \u00f6n\u0259m verilmi\u015fdir. 30 iyun-10 iyul tarixl\u0259rind\u0259 Az\u0259rbaycan\u0131n s\u0259drliyi il\u0259 Bak\u0131da ke\u00e7irilmi\u015f YUNESKO-nun \u00dcmumd\u00fcnya \u0130rs Komit\u0259sinin 43-c\u00fc sessiyas\u0131nda \u00f6lk\u0259mizin \u201cXan Saray\u0131 il\u0259 birg\u0259 \u015e\u0259kinin tarixi m\u0259rk\u0259zi\u201d adl\u0131 nominasiyas\u0131 YUNESKO-nun \u00dcmumd\u00fcnya \u0130rs Siyah\u0131s\u0131na daxil edilmi\u015fdir. Eyni zamanda, YUNESKO t\u0259r\u0259find\u0259n Bak\u0131 \u015f\u0259h\u0259ri \u201cYarad\u0131c\u0131 \u015e\u0259h\u0259rl\u0259r\u201d \u015f\u0259b\u0259k\u0259sin\u0259 daxil edilmi\u015fdir.<\/p>\n<p>\u0130l \u0259rzind\u0259 \u00f6lk\u0259mizin beyn\u0259lxalq t\u0259\u015fkilatlarda y\u00fcks\u0259k s\u0259viyy\u0259d\u0259 t\u0259msil olunmas\u0131 istiqam\u0259tind\u0259 f\u0259al i\u015f apar\u0131lm\u0131\u015fd\u0131r. Az\u0259rbaycan EUTELSAT-\u0131n M\u0259\u015fv\u0259r\u0259t Komit\u0259sin\u0259, \u00dcmumd\u00fcnya Turizm T\u0259\u015fkilat\u0131n\u0131n Assosiativ \u00fczvl\u00fckl\u0259 ba\u011fl\u0131 M\u00fcraci\u0259tl\u0259r\u0259 Bax\u0131lmas\u0131 Komit\u0259sin\u0259, 2019-23-c\u00fc ill\u0259r \u00fczr\u0259 YUNESKO-nun M\u0259d\u0259ni \u00d6z\u00fcn\u00fcifad\u0259 M\u00fcxt\u0259lifliyinin Qorunmas\u0131 v\u0259 T\u0259\u015fviqi \u00fczr\u0259 H\u00f6kum\u0259tl\u0259raras\u0131 Komit\u0259sin\u0259, YUNESKO-nun B\u0259d\u0259n T\u0259rbiy\u0259si v\u0259 \u0130dman \u00fczr\u0259 H\u00f6kum\u0259tl\u0259raras\u0131 Komit\u0259sin\u0259, YUNESKO-nun Kommunikasiyan\u0131n \u0130nki\u015faf\u0131 Proqram\u0131 \u00fczr\u0259 H\u00f6k\u00fcm\u0259tl\u0259raras\u0131 \u015euras\u0131na \u00fczv se\u00e7ilmi\u015fdir.<\/p>\n<p>Az\u0259rbaycan\u0131n BMT Ba\u015f Assambleyas\u0131n\u0131n 74-c\u00fc sessiyas\u0131nda 135 \u00fczv \u00f6lk\u0259ni birl\u0259\u015fdir\u0259n v\u0259 \u0259sas m\u0259qs\u0259di beyn\u0259lxalq inki\u015faf v\u0259 iqtisadi \u0259m\u0259kda\u015fl\u0131\u011fa t\u00f6hf\u0259 verm\u0259k, o c\u00fcml\u0259d\u0259n BMT-nin dayanaql\u0131 inki\u015faf m\u0259qs\u0259dl\u0259rinin icras\u0131 m\u0259qs\u0259dil\u0259 inki\u015faf etm\u0259kd\u0259 olan \u00f6lk\u0259l\u0259rin maraqlar\u0131n\u0131 m\u00fcdafi\u0259 etm\u0259kd\u0259n ibar\u0259t \u201cQrup-77\u201d-y\u0259 \u00fczv se\u00e7ilm\u0259si \u00f6t\u0259n ilin m\u00fch\u00fcm nailiyy\u0259tl\u0259rind\u0259n birini t\u0259\u015fkil etmi\u015fdir.<\/p>\n<p>2019-cu ild\u0259 7-ci Qlobal Bak\u0131 Forumu, 5-ci \u00dcmumd\u00fcnya M\u0259d\u0259niyy\u0259tl\u0259raras\u0131 Dialoq Forumu, Qo\u015fulmama H\u0259r\u0259kat\u0131na \u00fczv \u00f6lk\u0259l\u0259rin d\u00f6vl\u0259t v\u0259 h\u00f6kum\u0259t ba\u015f\u00e7\u0131lar\u0131n\u0131n 18-ci Zirv\u0259 G\u00f6r\u00fc\u015f\u00fc, T\u00fcrkdilli D\u00f6vl\u0259tl\u0259rin \u018fm\u0259kda\u015fl\u0131q \u015euras\u0131n\u0131n 7-ci Zirv\u0259 G\u00f6r\u00fc\u015f\u00fc, C\u0259nub Qaz D\u0259hlizi M\u0259\u015fv\u0259r\u0259t \u015euras\u0131n\u0131n Nazirl\u0259r toplant\u0131s\u0131, D\u00fcnya dini liderl\u0259rinin 2-ci Sammiti, \u201cFormula 1\u201d Az\u0259rbaycan Qran-pri yar\u0131\u015flar\u0131, UEFA Avropa Liqas\u0131n\u0131n final oyunu, 15-ci Avropa G\u0259ncl\u0259r Yay Olimpiya Festival\u0131, BMT-nin D\u00f6vl\u0259t Xidm\u0259tl\u0259ri Forumu, UNESKO-nun \u00dcmumd\u00fcnya \u0130rs Komit\u0259sinin 43-c\u00fc sessiyas\u0131, Narkotikl\u0259rl\u0259 m\u00fcbariz\u0259 \u00fczr\u0259 36-c\u0131 Beyn\u0259lxalq Konfrans\u0131, 26-c\u0131 Beyn\u0259lxalq X\u0259z\u0259r Neft v\u0259 Qaz-2019 s\u0259rgisi, Bakutel \u2013 2019 v\u0259 dig\u0259r m\u00f6t\u0259b\u0259r beyn\u0259lxalq t\u0259dbirl\u0259rin Az\u0259rbaycanda y\u00fcks\u0259k s\u0259viyy\u0259d\u0259 ke\u00e7irilm\u0259si \u00f6lk\u0259mizin beyn\u0259lxalq n\u00fcfuzunun v\u0259 y\u00fcks\u0259k etimad\u0131n\u0131n, h\u0259m\u00e7inin z\u0259ngin t\u0259cr\u00fcb\u0259 v\u0259 bacar\u0131qlar\u0131n\u0131n g\u00f6st\u0259ricisini t\u0259\u015fkil etmi\u015fdir.<\/p>\n<p>Ke\u00e7\u0259n il \u0259rzind\u0259 ikit\u0259r\u0259fli v\u0259 \u00e7oxt\u0259r\u0259fli \u0259sasda bir \u00e7ox qar\u015f\u0131l\u0131ql\u0131 r\u0259smi v\u0259 i\u015fg\u00fczar s\u0259f\u0259rl\u0259r ba\u015f tutmu\u015fdur. \u0130l \u0259rzind\u0259 Az\u0259rbaycan Respublikas\u0131n\u0131n Prezidenti \u0130sve\u00e7r\u0259, Avstriya, \u00c7in, Bel\u00e7ika, Rusiya, T\u00fcrkm\u0259nistan v\u0259 T\u00fcrkiy\u0259y\u0259 r\u0259smi v\u0259 i\u015fg\u00fczar s\u0259f\u0259rl\u0259r h\u0259yata ke\u00e7irmi\u015fdir. Eyni zamanda, Albaniya, Bosniya v\u0259 Herseqovina, Zimbabve, G\u00fcrc\u00fcstan, \u018ffqan\u0131stan, Monteneqro, Moldova, \u0130sve\u00e7r\u0259, Ruanda, Pol\u015fa, Qazax\u0131stan, T\u00fcrkiy\u0259, \u00d6zb\u0259kistan, Q\u0131r\u011f\u0131z\u0131stan, \u018flc\u0259zair, Kuba, Cibuti, Qana, \u0130ran, Namibiya, Pakistan, Venesuela, T\u00fcrkm\u0259nistan, Esvatini, Ekvatorial Qvineya, Liviya v\u0259 Sudan\u0131n d\u00f6vl\u0259t ba\u015f\u00e7\u0131lar\u0131 \u00f6lk\u0259miz\u0259 r\u0259smi v\u0259 i\u015fg\u00fczar s\u0259f\u0259rl\u0259r etmi\u015fl\u0259r.<\/p>\n<p>Az\u0259rbaycan Respublikas\u0131n\u0131n Birinci vitse-prezidentinin Fransa v\u0259 Rusiyaya r\u0259smi v\u0259 i\u015fg\u00fczar s\u0259f\u0259rl\u0259ri ba\u015f tutmu\u015f, eyni zamanda Hindistan v\u0259 Vyetnam\u0131n vitse-prezidentl\u0259ri Az\u0259rbaycanda r\u0259smi s\u0259f\u0259rd\u0259 olmu\u015flar.<\/p>\n<p>Az\u0259rbaycan Respublikas\u0131n\u0131n Ba\u015f naziri T\u00fcrkm\u0259nistan, S\u0259udiyy\u0259 \u018fr\u0259bistan\u0131, Tacikistan, Rusiya, Qazax\u0131stan v\u0259 B\u00f6y\u00fck Britaniyada i\u015fg\u00fczar s\u0259f\u0259rd\u0259 olmu\u015fdur. \u00d6z n\u00f6vb\u0259sind\u0259, Monteneqro, Qazax\u0131stan, G\u00fcrc\u00fcstan, Macar\u0131stan, Liviya, Malayziya h\u00f6kum\u0259t ba\u015f\u00e7\u0131lar\u0131, h\u0259m\u00e7inin Xorvatiya, Bolqar\u0131stan v\u0259 Belarus Respublikas\u0131 Ba\u015f Nazirl\u0259rinin m\u00fcavinl\u0259ri \u00f6lk\u0259miz\u0259 r\u0259smi v\u0259 i\u015fg\u00fczar s\u0259f\u0259rl\u0259r h\u0259yata ke\u00e7irmi\u015fl\u0259r.<\/p>\n<p>Az\u0259rbaycan Respublikas\u0131n\u0131n Xarici \u0130\u015fl\u0259r naziri T\u00fcrkiy\u0259, AB\u015e, Rusiya, Bolqar\u0131stan, Bel\u00e7ika, Almaniya, Fransa, \u0130ran, Q\u0259t\u0259r, \u00c7ili, Argentina, Uruqvay, Paraqvay, Pol\u015fa, Peru, \u0130taliya, \u0130sve\u00e7, Macar\u0131stan, T\u00fcrkm\u0259nistan v\u0259 Latviyaya r\u0259smi v\u0259 i\u015fg\u00fczar s\u0259f\u0259rl\u0259r etmi\u015fdir. Eyni zamanda, T\u00fcrkiy\u0259, Rusiya, \u0130sve\u00e7r\u0259, \u0130ran, \u0130raq, \u0130ordaniya, Birl\u0259\u015fmi\u015f \u018fr\u0259b \u018fmirlikl\u0259ri, Rum\u0131niya, Slovakiya, Q\u0131r\u011f\u0131z\u0131stan, Qazax\u0131stan, Macar\u0131stan, Maldiv, Misir, Serbiya, Qana, Monteneqro, Xorvatiya, Uruqvay, Venesuela, Kuba, F\u0259l\u0259stin, K\u00fcveyt, Sinqapur, Zambiya, Niger v\u0259 \u015eri Lankan\u0131n xarici i\u015fl\u0259r nazirl\u0259ri, h\u0259m\u00e7inin \u0130sve\u00e7r\u0259, G\u00fcrc\u00fcstan, Yaponiya, Keniya, C\u0259nubi Afrika, S\u0259udiyy\u0259 \u018fr\u0259bistan\u0131 v\u0259 Efiopiyan\u0131n xarici i\u015fl\u0259r nazirl\u0259rinin m\u00fcavinl\u0259ri Az\u0259rbaycana r\u0259smi v\u0259 i\u015fg\u00fczar s\u0259f\u0259rl\u0259r h\u0259yata ke\u00e7irmi\u015fl\u0259r.<\/p>\n<p>\u0130l \u0259rzind\u0259 Beyn\u0259lxalq Q\u0131rm\u0131z\u0131 Xa\u00e7 Komit\u0259sinin Prezidenti, \u00dcmumd\u00fcnya G\u00f6mr\u00fck T\u0259\u015fkilat\u0131n\u0131n Ba\u015f katibi, YUNESKO-nun Ba\u015f direktoru, Avropa \u0130ttifaq\u0131 \u015euras\u0131n\u0131n Prezidenti, Beyn\u0259lxalq Telekommunikasiya \u0130ttifaq\u0131n\u0131n Ba\u015f katibi, Beyn\u0259lxalq Astronavtika Federasiyas\u0131n\u0131n icra\u00e7\u0131 direktoru, BMT-nin Ba\u015f Assambleyas\u0131n\u0131n prezidenti, Avropa \u015euras\u0131 Parlament Assambleyas\u0131n\u0131n prezidenti, Avropa \u015euras\u0131n\u0131n insan h\u00fcquqlar\u0131 \u00fczr\u0259 komissar\u0131, BMT-nin Sivilizasiyalar Alyans\u0131 \u00fczr\u0259 Ali n\u00fcmay\u0259nd\u0259si, \u0130slam \u018fm\u0259kda\u015fl\u0131q T\u0259\u015fkilat\u0131n\u0131n Ba\u015f katibi, KAICIID Beyn\u0259lxalq Dinl\u0259raras\u0131 v\u0259 M\u0259d\u0259niyy\u0259tl\u0259raras\u0131 Dialoq M\u0259rk\u0259zinin Ba\u015f katibi, Afrika \u0130ttifaq\u0131 Komissiyas\u0131n\u0131n Siyasi m\u0259s\u0259l\u0259l\u0259r \u00fczr\u0259 Komissar\u0131, T\u00fcrkdilli D\u00f6vl\u0259tl\u0259rin \u018fm\u0259kda\u015fl\u0131q \u015euras\u0131n\u0131n Ba\u015f katibi, \u0130qtisadi \u018fm\u0259kda\u015fl\u0131q T\u0259\u015fkilat\u0131n\u0131n Ba\u015f katibi, OPEC-in Ba\u015f katibi, \u0130slam \u018fm\u0259kda\u015fl\u0131q T\u0259\u015fkilat\u0131n\u0131n Ba\u015f katibi, \u0130slam \u018fm\u0259kda\u015fl\u0131q T\u0259\u015fkilat\u0131n\u0131n G\u0259ncl\u0259r Forumunun prezidenti, \u0130SESCO-nun Ba\u015f direktoru, UNESCO-nun Ba\u015f direktoru, Parlamentl\u0259raras\u0131 \u0130ttifaq\u0131n prezidenti, h\u0259m\u00e7inin AT\u018fT Parlament Assambleyas\u0131n\u0131n prezidenti, AT\u018fT-in f\u0259aliyy\u0259td\u0259 olan s\u0259dri v\u0259 Avropa \u0130ttifaq\u0131n\u0131n C\u0259nubi Qafqaz v\u0259 G\u00fcrc\u00fcstanda b\u00f6hran \u00fczr\u0259 x\u00fcsusi n\u00fcmay\u0259nd\u0259si, A\u0130-nin Avropa Qon\u015fuluq Siyas\u0259ti v\u0259 Geni\u015fl\u0259nm\u0259 Dan\u0131\u015f\u0131qlar\u0131 Direktorlu\u011funun komissar\u0131, Avropa Komissiyas\u0131n\u0131n H\u0259r\u0259k\u0259tlilik v\u0259 N\u0259qliyyat \u00fczr\u0259 Ba\u015f Direktorlu\u011funun r\u0259hb\u0259ri Az\u0259rbaycana r\u0259smi v\u0259 i\u015fg\u00fczar s\u0259f\u0259rl\u0259r etmi\u015fl\u0259r.<\/p>\n<p>\u00d6t\u0259n ild\u0259 Az\u0259rbaycan Respublikas\u0131 il\u0259 Tanzaniya Birl\u0259\u015fmi\u015f Respublikas\u0131, Barbados v\u0259 Namibiya Respublikas\u0131 aras\u0131nda diplomatik m\u00fcnasib\u0259tl\u0259rin qurulmas\u0131na dair birg\u0259 kommunikel\u0259r imzalanm\u0131\u015f, h\u0259m\u00e7inin Monteneqro v\u0259 Slovakiyan\u0131n Az\u0259rbaycanda s\u0259firlikl\u0259ri t\u0259sis edilmi\u015f v\u0259 Avstriyan\u0131n Zalsburq \u015f\u0259h\u0259rind\u0259 Az\u0259rbaycan\u0131n f\u0259xri konsullu\u011fu f\u0259aliyy\u0259t\u0259 ba\u015flam\u0131\u015fd\u0131r.<\/p>\n<p>Xarici \u00f6lk\u0259l\u0259rd\u0259 ya\u015fayan Az\u0259rbaycan Respublikas\u0131 v\u0259t\u0259nda\u015flar\u0131n\u0131n h\u00fcquqi v\u0259ziyy\u0259tinin yax\u015f\u0131la\u015fd\u0131r\u0131lmas\u0131 v\u0259 ikit\u0259r\u0259fli \u0259m\u0259kda\u015fl\u0131q imkanlar\u0131n\u0131n geni\u015fl\u0259ndirilm\u0259si m\u0259qs\u0259di il\u0259 \u00d6zb\u0259kistan, \u015eimali Makedoniya Respublikas\u0131, G\u00fcrc\u00fcstan, Rusiya v\u0259 Tacikistanla X\u0130N-l\u0259raras\u0131 ikit\u0259r\u0259fli konsulluq m\u0259sl\u0259h\u0259tl\u0259\u015fm\u0259l\u0259ri ke\u00e7irilmi\u015fdir.<\/p>\n<p>Ke\u00e7\u0259n ild\u0259 Az\u0259rbaycan Respublikas\u0131n\u0131n Beyn\u0259lxalq \u0130nki\u015fafa Yard\u0131m Agentliyinin (A\u0130DA) d\u0259st\u0259yi il\u0259 Burkina Faso, \u00c7ad, Mali, Niger, Toqo, Q\u0259m\u0259r adalar\u0131 v\u0259 Qvineya Bissau \u00f6lk\u0259l\u0259rind\u0259 20 mind\u0259n \u00e7ox insan\u0131n g\u00f6z m\u00fcayin\u0259si, 8 min\u0259 yax\u0131n katarakt \u0259m\u0259liyyat\u0131, 26 n\u0259f\u0259r yerli oftalmoloq \u00fc\u00e7\u00fcn pe\u015f\u0259karl\u0131q art\u0131rma t\u0259liml\u0259ri ke\u00e7irilmi\u015fdir. Bununla yana\u015f\u0131, \u00f6lk\u0259miz BMT-nin Qa\u00e7q\u0131nlar \u00fczr\u0259 Ali Komissarl\u0131\u011f\u0131n\u0131n m\u00fcraci\u0259tin\u0259 \u0259sas\u0259n Burundi qa\u00e7q\u0131nlar\u0131na v\u0259 BMT Ba\u015f katibinin m\u0259ktubuna cavab olaraq Y\u0259m\u0259nd\u0259 b\u00f6hrandan \u0259ziyy\u0259t \u00e7\u0259k\u0259n \u0259haliy\u0259 humanitar yard\u0131m g\u00f6st\u0259rmi\u015f, h\u0259m\u00e7inin \u0130randa ba\u015f vermi\u015f t\u0259bii f\u0259lak\u0259td\u0259n \u0259ziyy\u0259t \u00e7\u0259k\u0259n \u0259haliy\u0259 v\u0259 Albaniyada ba\u015f vermi\u015f z\u0259lz\u0259l\u0259l\u0259rl\u0259 \u0259laq\u0259dar humanitar yard\u0131m ay\u0131rm\u0131\u015fd\u0131r.<\/p>\n<p>Xarici \u0130\u015fl\u0259r Nazirliyi n\u0259zdind\u0259 f\u0259aliyy\u0259t g\u00f6st\u0259r\u0259n ADA Universitetind\u0259n 2019\u2013cu ild\u0259 338 bakalavr v\u0259 96 magistr t\u0259l\u0259b\u0259si m\u0259zun olmu\u015f, 12 yeni t\u0259l\u0259b\u0259 m\u00fcbadil\u0259 m\u00fcqavil\u0259si imzalanaraq, 179 t\u0259l\u0259b\u0259 m\u00fcbadil\u0259 proqram\u0131 \u00e7\u0259r\u00e7iv\u0259sind\u0259 xarici universitetl\u0259r\u0259 g\u00f6nd\u0259rilmi\u015f v\u0259 50 xarici t\u0259l\u0259b\u0259 Erasmus proqram\u0131 vasit\u0259sil\u0259 ADA Universitetind\u0259 t\u0259hsil alm\u0131\u015fd\u0131r.<\/p>\n<p>N\u00f6vb\u0259ti ild\u0259 m\u00fcxt\u0259lif formatl\u0131 beyn\u0259lxalq platformalarda \u00e7ox\u015fax\u0259li \u0259m\u0259kda\u015fl\u0131q \u0259laq\u0259l\u0259rin geni\u015fl\u0259ndirilm\u0259si il\u0259 d\u00f6vl\u0259timizin rifah v\u0259 q\u00fcdr\u0259tinin m\u00f6hk\u0259ml\u0259nm\u0259sin\u0259 y\u00f6n\u0259l\u0259n v\u0259 milli maraqlar\u0131m\u0131za \u0259saslanan m\u00fcst\u0259qil xarici siyas\u0259t kursu davam etdiril\u0259c\u0259kdir. \u00d6lk\u0259mizin \u0259n a\u011fr\u0131l\u0131 problemi olan Erm\u0259nistan-Az\u0259rbaycan Da\u011fl\u0131q Qaraba\u011f m\u00fcnaqi\u015f\u0259sinin Az\u0259rbaycan Respublikas\u0131n\u0131n suverenliyi v\u0259 \u0259razi b\u00fct\u00f6vl\u00fcy\u00fc \u00e7\u0259r\u00e7iv\u0259sind\u0259 h\u0259llin\u0259 nail olmaq ba\u015fl\u0131ca v\u0259zif\u0259 kimi qalacaqd\u0131r. Xarici siyas\u0259t h\u0259d\u0259fl\u0259rin\u0259 nail olunmaqda Prezident c\u0259nab \u0130lham \u018fliyevin vur\u011fulad\u0131\u011f\u0131 \u201cmilli maraqlara v\u0259 \u0259dal\u0259t\u0259 \u0259saslanan m\u00fcst\u0259qil xarici siyas\u0259t\u201d fikri r\u0259hb\u0259r tutulacaqd\u0131r\u201d.<\/p>\n","protected":false},"excerpt":{"rendered":"<p>Az\u0259rbaycan\u0131n Xarici \u0130\u015fl\u0259r Nazirliyi 2019-cu ilin yekunlar\u0131na dair hesabat haz\u0131rlay\u0131b. X\u0130N-d\u0259n veril\u0259n m\u0259lumata g\u00f6r\u0259, hesabatda deyilir: \u201c\u00d6t\u0259n 2019-cu il \u0259rzind\u0259 beyn\u0259lxalq m\u00fcnasib\u0259tl\u0259r m\u00fcst\u0259visind\u0259 artan siyasi v\u0259 iqtisadi g\u0259rginlik \u015f\u0259raitind\u0259 Az\u0259rbaycan Respublikas\u0131 milli maraqlar\u0131na arxalanan m\u00fcst\u0259qil xarici siyas\u0259t kursunu u\u011furla davam etdirmi\u015fdir. Yerl\u0259\u015fdiyi region \u0259traf\u0131nda c\u0259r\u0259yan ed\u0259n ziddiyy\u0259tli prosesl\u0259r fonunda daxili sabitlik v\u0259 ard\u0131c\u0131l inki\u015faf tempini t\u0259min etm\u0259k, d\u00f6vl\u0259t idar\u0259\u00e7iliyi sah\u0259sind\u0259 \u0259sasl\u0131 islahatlar yeritm\u0259k, iqtisadiyyat\u0131n\u0131 m\u00fcsb\u0259t art\u0131m dinamikas\u0131na k\u00f6kl\u0259m\u0259k v\u0259 f\u0259al i\u015ftirak\u00e7\u0131s\u0131 oldu\u011fu irimiqyasl\u0131 layih\u0259l\u0259ri s\u0259m\u0259r\u0259li \u015f\u0259kild\u0259 h\u0259yata ke\u00e7irm\u0259kl\u0259 \u00f6lk\u0259miz beyn\u0259lxalq s\u0259viyy\u0259d\u0259ki y\u00fcks\u0259k n\u00fcfuzunun daha da artmas\u0131na m\u00fcv\u0259ff\u0259q olmu\u015fdur. 2019-cu il&hellip;<\/p>\n","protected":false},"author":2,"featured_media":114611,"comment_status":"closed","ping_status":"closed","sticky":false,"template":"","format":"standard","meta":{"om_disable_all_campaigns":false,"_monsterinsights_skip_tracking":false,"_monsterinsights_sitenote_active":false,"_monsterinsights_sitenote_note":"","_monsterinsights_sitenote_category":0},"categories":[4],"tags":[],"aioseo_notices":[],"gutentor_comment":0,"rttpg_featured_image_url":{"full":["https:\/\/arantv.az\/wp-content\/uploads\/2020\/01\/xin.jpg",620,413,false],"landscape":["https:\/\/arantv.az\/wp-content\/uploads\/2020\/01\/xin.jpg",620,413,false],"portraits":["https:\/\/arantv.az\/wp-content\/uploads\/2020\/01\/xin.jpg",620,413,false],"thumbnail":["https:\/\/arantv.az\/wp-content\/uploads\/2020\/01\/xin-150x150.jpg",150,150,true],"medium":["https:\/\/arantv.az\/wp-content\/uploads\/2020\/01\/xin-300x200.jpg",300,200,true],"large":["https:\/\/arantv.az\/wp-content\/uploads\/2020\/01\/xin.jpg",620,413,false],"1536x1536":["https:\/\/arantv.az\/wp-content\/uploads\/2020\/01\/xin.jpg",620,413,false],"2048x2048":["https:\/\/arantv.az\/wp-content\/uploads\/2020\/01\/xin.jpg",620,413,false],"post-thumbnail":["https:\/\/arantv.az\/wp-content\/uploads\/2020\/01\/xin-240x172.jpg",240,172,true],"advps-thumb-one":["https:\/\/arantv.az\/wp-content\/uploads\/2020\/01\/xin.jpg",620,413,false]},"rttpg_author":{"display_name":"V\u00fcsal Rafiqo\u011flu","author_link":"https:\/\/arantv.az\/?author=2"},"rttpg_comment":0,"rttpg_category":"<a href=\"https:\/\/arantv.az\/?cat=4\" rel=\"category\">Siyas\u0259t<\/a>","rttpg_excerpt":"Az\u0259rbaycan\u0131n Xarici \u0130\u015fl\u0259r Nazirliyi 2019-cu ilin yekunlar\u0131na dair hesabat haz\u0131rlay\u0131b. X\u0130N-d\u0259n veril\u0259n m\u0259lumata g\u00f6r\u0259, hesabatda deyilir: \u201c\u00d6t\u0259n 2019-cu il \u0259rzind\u0259 beyn\u0259lxalq m\u00fcnasib\u0259tl\u0259r m\u00fcst\u0259visind\u0259 artan siyasi v\u0259 iqtisadi g\u0259rginlik \u015f\u0259raitind\u0259 Az\u0259rbaycan Respublikas\u0131 milli maraqlar\u0131na arxalanan m\u00fcst\u0259qil xarici siyas\u0259t kursunu u\u011furla davam etdirmi\u015fdir. Yerl\u0259\u015fdiyi region \u0259traf\u0131nda c\u0259r\u0259yan ed\u0259n ziddiyy\u0259tli prosesl\u0259r fonunda daxili sabitlik v\u0259 ard\u0131c\u0131l inki\u015faf tempini&hellip;","_links":{"self":[{"href":"https:\/\/arantv.az\/index.php?rest_route=\/wp\/v2\/posts\/114610"}],"collection":[{"href":"https:\/\/arantv.az\/index.php?rest_route=\/wp\/v2\/posts"}],"about":[{"href":"https:\/\/arantv.az\/index.php?rest_route=\/wp\/v2\/types\/post"}],"author":[{"embeddable":true,"href":"https:\/\/arantv.az\/index.php?rest_route=\/wp\/v2\/users\/2"}],"replies":[{"embeddable":true,"href":"https:\/\/arantv.az\/index.php?rest_route=%2Fwp%2Fv2%2Fcomments&post=114610"}],"version-history":[{"count":0,"href":"https:\/\/arantv.az\/index.php?rest_route=\/wp\/v2\/posts\/114610\/revisions"}],"wp:featuredmedia":[{"embeddable":true,"href":"https:\/\/arantv.az\/index.php?rest_route=\/wp\/v2\/media\/114611"}],"wp:attachment":[{"href":"https:\/\/arantv.az\/index.php?rest_route=%2Fwp%2Fv2%2Fmedia&parent=114610"}],"wp:term":[{"taxonomy":"category","embeddable":true,"href":"https:\/\/arantv.az\/index.php?rest_route=%2Fwp%2Fv2%2Fcategories&post=114610"},{"taxonomy":"post_tag","embeddable":true,"href":"https:\/\/arantv.az\/index.php?rest_route=%2Fwp%2Fv2%2Ftags&post=114610"}],"curies":[{"name":"wp","href":"https:\/\/api.w.org\/{rel}","templated":true}]}}