{"id":114844,"date":"2020-01-04T10:46:18","date_gmt":"2020-01-04T07:46:18","guid":{"rendered":"http:\/\/arantv.az\/?p=114844"},"modified":"2020-01-04T10:46:18","modified_gmt":"2020-01-04T07:46:18","slug":"az%c9%99rbaycana-qonaq-g%c9%99l%c9%99n-rusiya-v%c9%99t%c9%99ndaslari-qusarda-q%c9%99zaya-dusdu","status":"publish","type":"post","link":"https:\/\/arantv.az\/?p=114844","title":{"rendered":"Az\u0259rbaycana qonaq g\u0259l\u0259n Rusiya v\u0259t\u0259nda\u015flar\u0131 Qusarda q\u0259zaya d\u00fc\u015fd\u00fc"},"content":{"rendered":"<p>Qusar rayonunda yol-n\u0259qliyyat hadis\u0259si ba\u015f verib.<\/p>\n<p><strong>ARANTV.AZ<\/strong> x\u0259b\u0259r verir ki, Az\u0259rbaycan \u0259silli Rusiya Federasiyas\u0131 v\u0259t\u0259nda\u015flar\u0131 qonaq g\u0259l\u0259rk\u0259n \u201cToyota Corolla\u201d markal\u0131 avtomobil yolda a\u015f\u0131b.<\/p>\n<div id=\"AdviadNativeVideo0\" class=\"AdviadNativeVideo\"><\/div>\n<p>Avtomobild\u0259 olan ail\u0259 \u00fczvl\u0259ri Qusar Rayon M\u0259rk\u0259zi X\u0259st\u0259xanas\u0131na g\u0259tirilib. Onlar\u0131n y\u00fcng\u00fcl x\u0259sar\u0259tl\u0259r ald\u0131qlar\u0131 m\u0259lum olub. Yaral\u0131lara ilkin tibbi yard\u0131m g\u00f6st\u0259rildikd\u0259n sonra ambulator m\u00fcalic\u0259 \u00fc\u00e7\u00fcn ev\u0259 burax\u0131l\u0131blar.<\/p>\n<p>Hadis\u0259y\u0259 yolun qarl\u0131 hava \u015f\u0259raiti v\u0259 yolun s\u00fcr\u00fc\u015fk\u0259nliyinin s\u0259b\u0259b oldu\u011fu bildirilir.<\/p>\n<p>Faktla ba\u011fl\u0131 ara\u015fd\u0131rma apar\u0131l\u0131r.Report<\/p>\n","protected":false},"excerpt":{"rendered":"<p>Qusar rayonunda yol-n\u0259qliyyat hadis\u0259si ba\u015f verib. ARANTV.AZ x\u0259b\u0259r verir ki, Az\u0259rbaycan \u0259silli Rusiya Federasiyas\u0131 v\u0259t\u0259nda\u015flar\u0131 qonaq g\u0259l\u0259rk\u0259n \u201cToyota Corolla\u201d markal\u0131 avtomobil yolda a\u015f\u0131b. Avtomobild\u0259 olan ail\u0259 \u00fczvl\u0259ri Qusar Rayon M\u0259rk\u0259zi X\u0259st\u0259xanas\u0131na g\u0259tirilib. Onlar\u0131n y\u00fcng\u00fcl x\u0259sar\u0259tl\u0259r ald\u0131qlar\u0131 m\u0259lum olub. Yaral\u0131lara ilkin tibbi yard\u0131m g\u00f6st\u0259rildikd\u0259n sonra ambulator m\u00fcalic\u0259 \u00fc\u00e7\u00fcn ev\u0259 burax\u0131l\u0131blar. Hadis\u0259y\u0259 yolun qarl\u0131 hava \u015f\u0259raiti v\u0259 yolun s\u00fcr\u00fc\u015fk\u0259nliyinin s\u0259b\u0259b oldu\u011fu bildirilir. Faktla ba\u011fl\u0131 ara\u015fd\u0131rma apar\u0131l\u0131r.Report<\/p>\n","protected":false},"author":2,"featured_media":114845,"comment_status":"closed","ping_status":"closed","sticky":false,"template":"","format":"standard","meta":{"om_disable_all_campaigns":false,"_monsterinsights_skip_tracking":false,"_monsterinsights_sitenote_active":false,"_monsterinsights_sitenote_note":"","_monsterinsights_sitenote_category":0},"categories":[5],"tags":[],"aioseo_notices":[],"gutentor_comment":0,"rttpg_featured_image_url":{"full":["https:\/\/arantv.az\/wp-content\/uploads\/2020\/01\/FotoJet-8.jpg",620,410,false],"landscape":["https:\/\/arantv.az\/wp-content\/uploads\/2020\/01\/FotoJet-8.jpg",620,410,false],"portraits":["https:\/\/arantv.az\/wp-content\/uploads\/2020\/01\/FotoJet-8.jpg",620,410,false],"thumbnail":["https:\/\/arantv.az\/wp-content\/uploads\/2020\/01\/FotoJet-8-150x150.jpg",150,150,true],"medium":["https:\/\/arantv.az\/wp-content\/uploads\/2020\/01\/FotoJet-8-300x198.jpg",300,198,true],"large":["https:\/\/arantv.az\/wp-content\/uploads\/2020\/01\/FotoJet-8.jpg",620,410,false],"1536x1536":["https:\/\/arantv.az\/wp-content\/uploads\/2020\/01\/FotoJet-8.jpg",620,410,false],"2048x2048":["https:\/\/arantv.az\/wp-content\/uploads\/2020\/01\/FotoJet-8.jpg",620,410,false],"post-thumbnail":["https:\/\/arantv.az\/wp-content\/uploads\/2020\/01\/FotoJet-8-240x172.jpg",240,172,true],"advps-thumb-one":["https:\/\/arantv.az\/wp-content\/uploads\/2020\/01\/FotoJet-8.jpg",620,410,false]},"rttpg_author":{"display_name":"V\u00fcsal Rafiqo\u011flu","author_link":"https:\/\/arantv.az\/?author=2"},"rttpg_comment":0,"rttpg_category":"<a href=\"https:\/\/arantv.az\/?cat=5\" rel=\"category\">Hadis\u0259<\/a>","rttpg_excerpt":"Qusar rayonunda yol-n\u0259qliyyat hadis\u0259si ba\u015f verib. ARANTV.AZ x\u0259b\u0259r verir ki, Az\u0259rbaycan \u0259silli Rusiya Federasiyas\u0131 v\u0259t\u0259nda\u015flar\u0131 qonaq g\u0259l\u0259rk\u0259n \u201cToyota Corolla\u201d markal\u0131 avtomobil yolda a\u015f\u0131b. Avtomobild\u0259 olan ail\u0259 \u00fczvl\u0259ri Qusar Rayon M\u0259rk\u0259zi X\u0259st\u0259xanas\u0131na g\u0259tirilib. Onlar\u0131n y\u00fcng\u00fcl x\u0259sar\u0259tl\u0259r ald\u0131qlar\u0131 m\u0259lum olub. Yaral\u0131lara ilkin tibbi yard\u0131m g\u00f6st\u0259rildikd\u0259n sonra ambulator m\u00fcalic\u0259 \u00fc\u00e7\u00fcn ev\u0259 burax\u0131l\u0131blar. Hadis\u0259y\u0259 yolun qarl\u0131 hava \u015f\u0259raiti v\u0259&hellip;","_links":{"self":[{"href":"https:\/\/arantv.az\/index.php?rest_route=\/wp\/v2\/posts\/114844"}],"collection":[{"href":"https:\/\/arantv.az\/index.php?rest_route=\/wp\/v2\/posts"}],"about":[{"href":"https:\/\/arantv.az\/index.php?rest_route=\/wp\/v2\/types\/post"}],"author":[{"embeddable":true,"href":"https:\/\/arantv.az\/index.php?rest_route=\/wp\/v2\/users\/2"}],"replies":[{"embeddable":true,"href":"https:\/\/arantv.az\/index.php?rest_route=%2Fwp%2Fv2%2Fcomments&post=114844"}],"version-history":[{"count":0,"href":"https:\/\/arantv.az\/index.php?rest_route=\/wp\/v2\/posts\/114844\/revisions"}],"wp:featuredmedia":[{"embeddable":true,"href":"https:\/\/arantv.az\/index.php?rest_route=\/wp\/v2\/media\/114845"}],"wp:attachment":[{"href":"https:\/\/arantv.az\/index.php?rest_route=%2Fwp%2Fv2%2Fmedia&parent=114844"}],"wp:term":[{"taxonomy":"category","embeddable":true,"href":"https:\/\/arantv.az\/index.php?rest_route=%2Fwp%2Fv2%2Fcategories&post=114844"},{"taxonomy":"post_tag","embeddable":true,"href":"https:\/\/arantv.az\/index.php?rest_route=%2Fwp%2Fv2%2Ftags&post=114844"}],"curies":[{"name":"wp","href":"https:\/\/api.w.org\/{rel}","templated":true}]}}