{"id":114883,"date":"2020-01-04T11:45:27","date_gmt":"2020-01-04T08:45:27","guid":{"rendered":"http:\/\/arantv.az\/?p=114883"},"modified":"2020-01-04T11:45:27","modified_gmt":"2020-01-04T08:45:27","slug":"bakida-kuc%c9%99d%c9%99n-b%c9%99d%c9%99nind%c9%99-x%c9%99sar%c9%99tl%c9%99r-olan-kisi-meyiti-tapildi","status":"publish","type":"post","link":"https:\/\/arantv.az\/?p=114883","title":{"rendered":"Bak\u0131da k\u00fc\u00e7\u0259d\u0259n b\u0259d\u0259nind\u0259 x\u0259sar\u0259tl\u0259r olan ki\u015fi meyiti tap\u0131ld\u0131"},"content":{"rendered":"<p><strong>Bak\u0131da k\u00fc\u00e7\u0259d\u0259n meyit tap\u0131l\u0131b.<\/strong><\/p>\n<p><strong>ARANTV.AZ<\/strong>-\u0131n APA-ya istinad\u0259n m\u0259lumat\u0131na g\u00f6r\u0259, hadis\u0259 paytaxt\u0131n Nizami rayonunda qeyd\u0259 al\u0131n\u0131b. Rayon \u0259razisind\u0259 k\u00fc\u00e7\u0259nin k\u0259nar\u0131ndan nam\u0259lum ki\u015fi meyiti tap\u0131l\u0131b. T\u0259ximin\u0259n 45-50 ya\u015flar\u0131nda olan \u015f\u0259xsin meyitin ilkin m\u00fcayin\u0259si zaman\u0131n onda beyin\u0259 qan s\u0131zmas\u0131 v\u0259 m\u00fcxt\u0259lif b\u0259d\u0259n x\u0259sar\u0259tl\u0259ri a\u015fkar edilib.<\/p>\n<p>Onun \u00f6l\u00fcm s\u0259b\u0259bi v\u0259 \u015f\u0259xsiyy\u0259tinin m\u00fc\u0259yy\u0259n edilm\u0259si istiqam\u0259tind\u0259 ara\u015fd\u0131rmalar apar\u0131l\u0131r.<\/p>\n","protected":false},"excerpt":{"rendered":"<p>Bak\u0131da k\u00fc\u00e7\u0259d\u0259n meyit tap\u0131l\u0131b. ARANTV.AZ-\u0131n APA-ya istinad\u0259n m\u0259lumat\u0131na g\u00f6r\u0259, hadis\u0259 paytaxt\u0131n Nizami rayonunda qeyd\u0259 al\u0131n\u0131b. Rayon \u0259razisind\u0259 k\u00fc\u00e7\u0259nin k\u0259nar\u0131ndan nam\u0259lum ki\u015fi meyiti tap\u0131l\u0131b. T\u0259ximin\u0259n 45-50 ya\u015flar\u0131nda olan \u015f\u0259xsin meyitin ilkin m\u00fcayin\u0259si zaman\u0131n onda beyin\u0259 qan s\u0131zmas\u0131 v\u0259 m\u00fcxt\u0259lif b\u0259d\u0259n x\u0259sar\u0259tl\u0259ri a\u015fkar edilib. Onun \u00f6l\u00fcm s\u0259b\u0259bi v\u0259 \u015f\u0259xsiyy\u0259tinin m\u00fc\u0259yy\u0259n edilm\u0259si istiqam\u0259tind\u0259 ara\u015fd\u0131rmalar apar\u0131l\u0131r.<\/p>\n","protected":false},"author":2,"featured_media":114884,"comment_status":"closed","ping_status":"closed","sticky":false,"template":"","format":"standard","meta":{"om_disable_all_campaigns":false,"_monsterinsights_skip_tracking":false,"_monsterinsights_sitenote_active":false,"_monsterinsights_sitenote_note":"","_monsterinsights_sitenote_category":0},"categories":[5],"tags":[],"aioseo_notices":[],"gutentor_comment":0,"rttpg_featured_image_url":{"full":["https:\/\/arantv.az\/wp-content\/uploads\/2020\/01\/meyit.jpg",637,400,false],"landscape":["https:\/\/arantv.az\/wp-content\/uploads\/2020\/01\/meyit.jpg",637,400,false],"portraits":["https:\/\/arantv.az\/wp-content\/uploads\/2020\/01\/meyit.jpg",637,400,false],"thumbnail":["https:\/\/arantv.az\/wp-content\/uploads\/2020\/01\/meyit-150x150.jpg",150,150,true],"medium":["https:\/\/arantv.az\/wp-content\/uploads\/2020\/01\/meyit-300x188.jpg",300,188,true],"large":["https:\/\/arantv.az\/wp-content\/uploads\/2020\/01\/meyit.jpg",637,400,false],"1536x1536":["https:\/\/arantv.az\/wp-content\/uploads\/2020\/01\/meyit.jpg",637,400,false],"2048x2048":["https:\/\/arantv.az\/wp-content\/uploads\/2020\/01\/meyit.jpg",637,400,false],"post-thumbnail":["https:\/\/arantv.az\/wp-content\/uploads\/2020\/01\/meyit-240x172.jpg",240,172,true],"advps-thumb-one":["https:\/\/arantv.az\/wp-content\/uploads\/2020\/01\/meyit.jpg",637,400,false]},"rttpg_author":{"display_name":"V\u00fcsal Rafiqo\u011flu","author_link":"https:\/\/arantv.az\/?author=2"},"rttpg_comment":0,"rttpg_category":"<a href=\"https:\/\/arantv.az\/?cat=5\" rel=\"category\">Hadis\u0259<\/a>","rttpg_excerpt":"Bak\u0131da k\u00fc\u00e7\u0259d\u0259n meyit tap\u0131l\u0131b. ARANTV.AZ-\u0131n APA-ya istinad\u0259n m\u0259lumat\u0131na g\u00f6r\u0259, hadis\u0259 paytaxt\u0131n Nizami rayonunda qeyd\u0259 al\u0131n\u0131b. Rayon \u0259razisind\u0259 k\u00fc\u00e7\u0259nin k\u0259nar\u0131ndan nam\u0259lum ki\u015fi meyiti tap\u0131l\u0131b. T\u0259ximin\u0259n 45-50 ya\u015flar\u0131nda olan \u015f\u0259xsin meyitin ilkin m\u00fcayin\u0259si zaman\u0131n onda beyin\u0259 qan s\u0131zmas\u0131 v\u0259 m\u00fcxt\u0259lif b\u0259d\u0259n x\u0259sar\u0259tl\u0259ri a\u015fkar edilib. Onun \u00f6l\u00fcm s\u0259b\u0259bi v\u0259 \u015f\u0259xsiyy\u0259tinin m\u00fc\u0259yy\u0259n edilm\u0259si istiqam\u0259tind\u0259 ara\u015fd\u0131rmalar apar\u0131l\u0131r.","_links":{"self":[{"href":"https:\/\/arantv.az\/index.php?rest_route=\/wp\/v2\/posts\/114883"}],"collection":[{"href":"https:\/\/arantv.az\/index.php?rest_route=\/wp\/v2\/posts"}],"about":[{"href":"https:\/\/arantv.az\/index.php?rest_route=\/wp\/v2\/types\/post"}],"author":[{"embeddable":true,"href":"https:\/\/arantv.az\/index.php?rest_route=\/wp\/v2\/users\/2"}],"replies":[{"embeddable":true,"href":"https:\/\/arantv.az\/index.php?rest_route=%2Fwp%2Fv2%2Fcomments&post=114883"}],"version-history":[{"count":0,"href":"https:\/\/arantv.az\/index.php?rest_route=\/wp\/v2\/posts\/114883\/revisions"}],"wp:featuredmedia":[{"embeddable":true,"href":"https:\/\/arantv.az\/index.php?rest_route=\/wp\/v2\/media\/114884"}],"wp:attachment":[{"href":"https:\/\/arantv.az\/index.php?rest_route=%2Fwp%2Fv2%2Fmedia&parent=114883"}],"wp:term":[{"taxonomy":"category","embeddable":true,"href":"https:\/\/arantv.az\/index.php?rest_route=%2Fwp%2Fv2%2Fcategories&post=114883"},{"taxonomy":"post_tag","embeddable":true,"href":"https:\/\/arantv.az\/index.php?rest_route=%2Fwp%2Fv2%2Ftags&post=114883"}],"curies":[{"name":"wp","href":"https:\/\/api.w.org\/{rel}","templated":true}]}}